{"id":1508,"date":"2023-06-15T10:41:36","date_gmt":"2023-06-15T10:41:36","guid":{"rendered":"https:\/\/altisk-mlak.edu.hu\/?p=1508"},"modified":"2023-06-15T10:41:36","modified_gmt":"2023-06-15T10:41:36","slug":"te-deum-2023","status":"publish","type":"post","link":"https:\/\/altisk-mlak.edu.hu\/index.php\/te-deum-2023\/","title":{"rendered":"Te Deum 2023"},"content":{"rendered":"<p align=\"center\"><span style=\"color: #f1450f;\"><span style=\"font-size: 300%;\"><b>Megh\u00edv\u00f3 <\/b><\/span><\/span><\/p>\n<p align=\"center\"><span style=\"font-size: x-large;\"><b>Kedves Sz\u00fcl\u0151k \u00e9s Gyermekek!<\/b><\/span><\/p>\n<p>&nbsp;<\/p>\n<p align=\"justify\"><span style=\"font-size: x-large;\"><b><span style=\"color: #ed7d31;\"><img fetchpriority=\"high\" decoding=\"async\" src=\"https:\/\/altisk-mlak.edu.hu\/wp-content\/uploads\/2023\/06\/TeDeum.png\" width=\"242\" height=\"321\" name=\"K\u00e9p 1\" align=\"left\" border=\"1\" hspace=\"12\" \/><\/span>Szeretettel h\u00edvjuk \u00e9s v\u00e1rjuk a csal\u00e1dokat<\/b><\/span><b> <\/b><span style=\"color: #f1450f;\"><span style=\"font-size: x-large;\"><b>2023. j\u00fanius 18-\u00e1n<\/b><\/span><\/span><b> <\/b><span style=\"font-size: x-large;\"><b>(vas\u00e1rnap)<\/b><\/span><b> <\/b><span style=\"color: #f1450f;\"><span style=\"font-size: x-large;\"><b>10 \u00f3rakor Te deum<\/b><\/span><\/span><b> <\/b><span style=\"color: #f1450f;\"><span style=\"font-size: x-large;\"><b>tan\u00e9vz\u00e1r\u00f3 \u00fcnnepi szentmis\u00e9re<\/b><\/span><\/span><b> <\/b><span style=\"font-size: x-large;\"><b>\u00e9s b\u00e9rm\u00e1l\u00e1sra a cs\u00f6r\u00f6tneki \u00d6r\u00f6k Ige templomba!<\/b><\/span><\/p>\n<p align=\"justify\">\n<p style=\"text-align: center;\" align=\"justify\"><span style=\"font-size: x-large;\"><u>A szentmis\u00e9t bemutatj\u00e1k<\/u><\/span><span style=\"font-size: x-large;\">: <\/span><\/p>\n<p style=\"text-align: center;\" align=\"justify\"><span style=\"font-size: x-large;\">Dr. Sz\u00e9kely J\u00e1nos szombathelyi megy\u00e9sp\u00fcsp\u00f6k<\/span><\/p>\n<p style=\"text-align: center;\" align=\"justify\"><span style=\"font-size: x-large;\">Dr. Tak\u00e1cs Gyula pl\u00e9b\u00e1nos, dr. Magyari P\u00e9ter atya<\/span><\/p>\n<p align=\"center\"><span style=\"color: #f1450f;\"><span style=\"font-size: 300%;\"><b>J\u00c9ZUS T\u00c9GED IS V\u00c1R!<\/b><\/span><\/span><\/p>\n","protected":false},"excerpt":{"rendered":"<p>Megh\u00edv\u00f3 Kedves Sz\u00fcl\u0151k \u00e9s Gyermekek! &nbsp; Szeretettel h\u00edvjuk \u00e9s v\u00e1rjuk a csal\u00e1dokat 2023. j\u00fanius 18-\u00e1n (vas\u00e1rnap) 10 \u00f3rakor Te deum tan\u00e9vz\u00e1r\u00f3 \u00fcnnepi szentmis\u00e9re \u00e9s b\u00e9rm\u00e1l\u00e1sra a cs\u00f6r\u00f6tneki \u00d6r\u00f6k Ige templomba! A szentmis\u00e9t<a class=\"moretag\" href=\"https:\/\/altisk-mlak.edu.hu\/index.php\/te-deum-2023\/\">Read More&#8230;<\/a><\/p>\n","protected":false},"author":3,"featured_media":0,"comment_status":"closed","ping_status":"closed","sticky":false,"template":"","format":"standard","meta":{"two_page_speed":[],"footnotes":""},"categories":[1],"tags":[],"class_list":["post-1508","post","type-post","status-publish","format-standard","hentry","category-egyeb"],"_links":{"self":[{"href":"https:\/\/altisk-mlak.edu.hu\/index.php\/wp-json\/wp\/v2\/posts\/1508","targetHints":{"allow":["GET"]}}],"collection":[{"href":"https:\/\/altisk-mlak.edu.hu\/index.php\/wp-json\/wp\/v2\/posts"}],"about":[{"href":"https:\/\/altisk-mlak.edu.hu\/index.php\/wp-json\/wp\/v2\/types\/post"}],"author":[{"embeddable":true,"href":"https:\/\/altisk-mlak.edu.hu\/index.php\/wp-json\/wp\/v2\/users\/3"}],"replies":[{"embeddable":true,"href":"https:\/\/altisk-mlak.edu.hu\/index.php\/wp-json\/wp\/v2\/comments?post=1508"}],"version-history":[{"count":1,"href":"https:\/\/altisk-mlak.edu.hu\/index.php\/wp-json\/wp\/v2\/posts\/1508\/revisions"}],"predecessor-version":[{"id":1510,"href":"https:\/\/altisk-mlak.edu.hu\/index.php\/wp-json\/wp\/v2\/posts\/1508\/revisions\/1510"}],"wp:attachment":[{"href":"https:\/\/altisk-mlak.edu.hu\/index.php\/wp-json\/wp\/v2\/media?parent=1508"}],"wp:term":[{"taxonomy":"category","embeddable":true,"href":"https:\/\/altisk-mlak.edu.hu\/index.php\/wp-json\/wp\/v2\/categories?post=1508"},{"taxonomy":"post_tag","embeddable":true,"href":"https:\/\/altisk-mlak.edu.hu\/index.php\/wp-json\/wp\/v2\/tags?post=1508"}],"curies":[{"name":"wp","href":"https:\/\/api.w.org\/{rel}","templated":true}]}}