{"id":1511,"date":"2023-06-15T10:45:27","date_gmt":"2023-06-15T10:45:27","guid":{"rendered":"https:\/\/altisk-mlak.edu.hu\/?p=1511"},"modified":"2023-06-15T10:45:27","modified_gmt":"2023-06-15T10:45:27","slug":"kirandulas-sopronban-felso-tagozat","status":"publish","type":"post","link":"https:\/\/altisk-mlak.edu.hu\/index.php\/kirandulas-sopronban-felso-tagozat\/","title":{"rendered":"Kir\u00e1ndul\u00e1s Sopronban \u2013 fels\u0151 tagozat"},"content":{"rendered":"<p align=\"justify\"><a name=\"_GoBack\"><\/a> 2023. j\u00fanius 6-\u00e1n tanulm\u00e1nyi kir\u00e1ndul\u00e1s keret\u00e9ben Sopronba l\u00e1togattunk. El\u0151sz\u00f6r a v\u00e1ros F\u0151 ter\u00e9t \u00e9s annak k\u00f6rny\u00e9k\u00e9t tekintett\u00fck meg: a v\u00e1ros jelk\u00e9p\u00e9t, a T\u0171ztornyot, a H\u0171s\u00e9gkaput, a Szenth\u00e1roms\u00e1g-szobrot, a Kecske-templomot \u00e9s az \u00d3ri\u00e1skereket. Ezut\u00e1n egy \u00f3ra szabad program k\u00f6vetkezett. A fels\u0151s tanul\u00f3k saj\u00e1t kedv\u00fckre felfedezhett\u00e9k a k\u00f6rny\u00e9ket: fot\u00f3ztak, pizz\u00e1ztak, eml\u00e9kt\u00e1rgyakat v\u00e1s\u00e1roltak. Ezt k\u00f6vet\u0151en 13 \u00f3rakor v\u00e1rosn\u00e9z\u0151 kisvonatra sz\u00e1lltunk, amellyel egy \u00f3ra alatt bej\u00e1rtuk a v\u00e1ros fontosabb helyeit \u00e9s felvitt minket a L\u0151v\u00e9rekbe is. A hangosbemond\u00f3 minden l\u00e9nyeges inform\u00e1ci\u00f3t elmondott a l\u00e1tnival\u00f3kr\u00f3l. Megtudhattuk t\u00f6bbek k\u00f6z\u00f6tt azt is, mi\u00e9rt nevezik Sopront a \u201eh\u0171s\u00e9g \u00e9s a k\u00e9kfrankos v\u00e1ros\u00e1nak\u201d. K\u00e9nyelmes temp\u00f3ban haladtunk, k\u00f6zben zavartalanul n\u00e9zel\u0151dhett\u00fcnk. Az es\u0151v\u00e9d\u0151 f\u00f3li\u00e1val ell\u00e1tott kocsikban a k\u00f6zben szemerk\u00e9l\u0151 es\u0151 sem zavart minket. A vonatoz\u00e1s nagyon j\u00f3 hangulatban telt, mind a di\u00e1kok, mind a tan\u00e1rok nagyon \u00e9lvezt\u00e9k. Ezut\u00e1n a h\u00edres villanegyed, a L\u0151v\u00e9rek felett h\u00faz\u00f3d\u00f3 K\u00e1roly-magaslat (398m) tetej\u00e9n \u00e1ll\u00f3 K\u00e1roly-kil\u00e1t\u00f3hoz indultunk. A parkol\u00f3ig a buszunk vitt fel minket, majd onnan gyalog folytattuk az utunkat. Nagyon j\u00f3 volt a krist\u00e1lytiszta leveg\u0151n, a sz\u00e9p, erdei k\u00f6rnyezetben s\u00e9t\u00e1lni. A Boszork\u00e1ny tan\u00f6sv\u00e9nyen k\u00fcl\u00f6nleges feladatok, mesebeli \u00e9lm\u00e9nyek \u00e9s izgalmas j\u00e1t\u00e9kok fogadt\u00e1k a gyerekeket. Boszork\u00e1nysepr\u0171re pattanhattak, meghallgathatt\u00e1k az erd\u0151 hangj\u00e1t, egyens\u00falyozhattak babona-far\u00f6nk\u00f6n, boszimese-kv\u00edzt oldhattak meg. A 23 m\u00e9ter magas K\u00e1roly-kil\u00e1t\u00f3 k\u00e9tszintes tet\u0151terasz\u00e1r\u00f3l csod\u00e1s panor\u00e1ma t\u00e1rult el\u00e9nk. A b\u00e1trabbak eg\u00e9szen a legfels\u0151 szintre is felmer\u00e9szkedtek. A kil\u00e1t\u00f3 mellett egy erdei j\u00e1tsz\u00f3t\u00e9r v\u00e1rta a gyerekeket, amelyet a kev\u00e9sb\u00e9 f\u00e1radtak birtokba is vettek. Ezut\u00e1n elindultunk vissza a parkol\u00f3hoz, ahol buszunk m\u00e1r v\u00e1rt minket. Sok sz\u00e9p \u00e9lm\u00e9nnyel t\u00e9rt\u00fcnk haza.<\/p>\n<p style=\"text-align: right;\" align=\"justify\"><em>Ga\u00e1l M\u00f3nika<\/em><\/p>\n","protected":false},"excerpt":{"rendered":"<p>2023. j\u00fanius 6-\u00e1n tanulm\u00e1nyi kir\u00e1ndul\u00e1s keret\u00e9ben Sopronba l\u00e1togattunk. El\u0151sz\u00f6r a v\u00e1ros F\u0151 ter\u00e9t \u00e9s annak k\u00f6rny\u00e9k\u00e9t tekintett\u00fck meg: a v\u00e1ros jelk\u00e9p\u00e9t, a T\u0171ztornyot, a H\u0171s\u00e9gkaput, a Szenth\u00e1roms\u00e1g-szobrot, a Kecske-templomot \u00e9s az \u00d3ri\u00e1skereket.<a class=\"moretag\" href=\"https:\/\/altisk-mlak.edu.hu\/index.php\/kirandulas-sopronban-felso-tagozat\/\">Read More&#8230;<\/a><\/p>\n","protected":false},"author":3,"featured_media":0,"comment_status":"closed","ping_status":"closed","sticky":false,"template":"","format":"standard","meta":{"two_page_speed":[],"footnotes":""},"categories":[1],"tags":[],"class_list":["post-1511","post","type-post","status-publish","format-standard","hentry","category-egyeb"],"_links":{"self":[{"href":"https:\/\/altisk-mlak.edu.hu\/index.php\/wp-json\/wp\/v2\/posts\/1511","targetHints":{"allow":["GET"]}}],"collection":[{"href":"https:\/\/altisk-mlak.edu.hu\/index.php\/wp-json\/wp\/v2\/posts"}],"about":[{"href":"https:\/\/altisk-mlak.edu.hu\/index.php\/wp-json\/wp\/v2\/types\/post"}],"author":[{"embeddable":true,"href":"https:\/\/altisk-mlak.edu.hu\/index.php\/wp-json\/wp\/v2\/users\/3"}],"replies":[{"embeddable":true,"href":"https:\/\/altisk-mlak.edu.hu\/index.php\/wp-json\/wp\/v2\/comments?post=1511"}],"version-history":[{"count":1,"href":"https:\/\/altisk-mlak.edu.hu\/index.php\/wp-json\/wp\/v2\/posts\/1511\/revisions"}],"predecessor-version":[{"id":1512,"href":"https:\/\/altisk-mlak.edu.hu\/index.php\/wp-json\/wp\/v2\/posts\/1511\/revisions\/1512"}],"wp:attachment":[{"href":"https:\/\/altisk-mlak.edu.hu\/index.php\/wp-json\/wp\/v2\/media?parent=1511"}],"wp:term":[{"taxonomy":"category","embeddable":true,"href":"https:\/\/altisk-mlak.edu.hu\/index.php\/wp-json\/wp\/v2\/categories?post=1511"},{"taxonomy":"post_tag","embeddable":true,"href":"https:\/\/altisk-mlak.edu.hu\/index.php\/wp-json\/wp\/v2\/tags?post=1511"}],"curies":[{"name":"wp","href":"https:\/\/api.w.org\/{rel}","templated":true}]}}