{"id":1513,"date":"2023-06-15T10:46:40","date_gmt":"2023-06-15T10:46:40","guid":{"rendered":"https:\/\/altisk-mlak.edu.hu\/?p=1513"},"modified":"2023-06-19T07:18:15","modified_gmt":"2023-06-19T07:18:15","slug":"kirandulas-sopronban-also-tagozat","status":"publish","type":"post","link":"https:\/\/altisk-mlak.edu.hu\/index.php\/kirandulas-sopronban-also-tagozat\/","title":{"rendered":"Kir\u00e1ndul\u00e1s Sopronban \u2013 als\u00f3 tagozat"},"content":{"rendered":"<p align=\"justify\">Sopronba \u00e9rkez\u00e9s ut\u00e1n az als\u00f3 \u00e9s fels\u0151 tagozatos tanul\u00f3k k\u00fcl\u00f6nv\u00e1ltak.<\/p>\n<p align=\"justify\">A kicsik a T\u0171ztorony megtekint\u00e9se ut\u00e1n r\u00f6vid v\u00e1rosn\u00e9z\u00e9sre indultak. \u00c9rdekesek voltak a macskak\u00f6ves utc\u00e1k, gy\u00f6ny\u00f6rk\u00f6dt\u00fcnk a sz\u00e9pen d\u00edsz\u00edtett r\u00e9gi \u00e9p\u00fcletekben. \u00c9rdekl\u0151d\u00e9ssel v\u00e1rtuk a Macskak\u0151 M\u00fazeum l\u00e1tnival\u00f3it. Itt r\u00e9gi, korabeli haszn\u00e1lati t\u00e1rgyakat, ruh\u00e1kat, fejfed\u0151ket, harci eszk\u00f6z\u00f6ket l\u00e1thattunk. A gyerekek legnagyobb \u00f6r\u00f6m\u00e9re magukra is vehett\u00e9k a ruh\u00e1kat. Ezekr\u0151l sz\u00e9p, sz\u00ednes fot\u00f3k is k\u00e9sz\u00fcltek. A program v\u00e9gezt\u00e9vel fagyizni indultunk.<\/p>\n<p align=\"justify\">Ezut\u00e1n k\u00f6vetkezett a K\u00e1roly-kil\u00e1t\u00f3 \u201emegh\u00f3d\u00edt\u00e1sa\u201d. Fels\u0151s t\u00e1rsaikkal egy\u00fctt egy r\u00f6vid, de f\u00e1raszt\u00f3 s\u00e9ta ut\u00e1n a magasb\u00f3l megcsod\u00e1lhatt\u00e1k az el\u00e9j\u00fck t\u00e1rul\u00f3 l\u00e1tv\u00e1nyt.<\/p>\n<p align=\"justify\">\u00c9lm\u00e9nyekkel teli nap ut\u00e1n indultunk hazafel\u00e9.<\/p>\n<p style=\"text-align: right;\"><i>Koz\u00f3n\u00e9 Keszti \u00c1gnes<\/i><\/p>\n","protected":false},"excerpt":{"rendered":"<p>Sopronba \u00e9rkez\u00e9s ut\u00e1n az als\u00f3 \u00e9s fels\u0151 tagozatos tanul\u00f3k k\u00fcl\u00f6nv\u00e1ltak. A kicsik a T\u0171ztorony megtekint\u00e9se ut\u00e1n r\u00f6vid v\u00e1rosn\u00e9z\u00e9sre indultak. \u00c9rdekesek voltak a macskak\u00f6ves utc\u00e1k, gy\u00f6ny\u00f6rk\u00f6dt\u00fcnk a sz\u00e9pen d\u00edsz\u00edtett r\u00e9gi \u00e9p\u00fcletekben. \u00c9rdekl\u0151d\u00e9ssel v\u00e1rtuk<a class=\"moretag\" href=\"https:\/\/altisk-mlak.edu.hu\/index.php\/kirandulas-sopronban-also-tagozat\/\">Read More&#8230;<\/a><\/p>\n","protected":false},"author":3,"featured_media":0,"comment_status":"closed","ping_status":"closed","sticky":false,"template":"","format":"standard","meta":{"two_page_speed":[],"footnotes":""},"categories":[1],"tags":[],"class_list":["post-1513","post","type-post","status-publish","format-standard","hentry","category-egyeb"],"_links":{"self":[{"href":"https:\/\/altisk-mlak.edu.hu\/index.php\/wp-json\/wp\/v2\/posts\/1513","targetHints":{"allow":["GET"]}}],"collection":[{"href":"https:\/\/altisk-mlak.edu.hu\/index.php\/wp-json\/wp\/v2\/posts"}],"about":[{"href":"https:\/\/altisk-mlak.edu.hu\/index.php\/wp-json\/wp\/v2\/types\/post"}],"author":[{"embeddable":true,"href":"https:\/\/altisk-mlak.edu.hu\/index.php\/wp-json\/wp\/v2\/users\/3"}],"replies":[{"embeddable":true,"href":"https:\/\/altisk-mlak.edu.hu\/index.php\/wp-json\/wp\/v2\/comments?post=1513"}],"version-history":[{"count":1,"href":"https:\/\/altisk-mlak.edu.hu\/index.php\/wp-json\/wp\/v2\/posts\/1513\/revisions"}],"predecessor-version":[{"id":1514,"href":"https:\/\/altisk-mlak.edu.hu\/index.php\/wp-json\/wp\/v2\/posts\/1513\/revisions\/1514"}],"wp:attachment":[{"href":"https:\/\/altisk-mlak.edu.hu\/index.php\/wp-json\/wp\/v2\/media?parent=1513"}],"wp:term":[{"taxonomy":"category","embeddable":true,"href":"https:\/\/altisk-mlak.edu.hu\/index.php\/wp-json\/wp\/v2\/categories?post=1513"},{"taxonomy":"post_tag","embeddable":true,"href":"https:\/\/altisk-mlak.edu.hu\/index.php\/wp-json\/wp\/v2\/tags?post=1513"}],"curies":[{"name":"wp","href":"https:\/\/api.w.org\/{rel}","templated":true}]}}