{"id":1515,"date":"2023-06-19T07:32:41","date_gmt":"2023-06-19T07:32:41","guid":{"rendered":"https:\/\/altisk-mlak.edu.hu\/?p=1515"},"modified":"2023-06-26T19:09:56","modified_gmt":"2023-06-26T19:09:56","slug":"te-deum-unnepi-szentmise-es-bermalas-csorotneken","status":"publish","type":"post","link":"https:\/\/altisk-mlak.edu.hu\/index.php\/te-deum-unnepi-szentmise-es-bermalas-csorotneken\/","title":{"rendered":"Te Deum \u00fcnnepi szentmise \u00e9s b\u00e9rm\u00e1l\u00e1s Cs\u00f6r\u00f6tneken"},"content":{"rendered":"<p align=\"justify\"><span style=\"font-size: medium;\">2023. j\u00fanius 18-\u00e1n tartotta a Szent Gotth\u00e1rd \u00c1ltal\u00e1nos Iskola \u00e9s Gimn\u00e1zium Magyarlak-Cs\u00f6r\u00f6tnek \u00c1ltal\u00e1nos Iskol\u00e1ja tan\u00e9vz\u00e1r\u00f3 szentmis\u00e9j\u00e9t a cs\u00f6r\u00f6tneki \u00d6r\u00f6k Ige templomban. A mis\u00e9t Dr. Sz\u00e9kely J\u00e1nos szombathelyi megy\u00e9sp\u00fcsp\u00f6k, Dr. Tak\u00e1cs Gyula pl\u00e9b\u00e1nos \u00e9s dr. Magyari P\u00e9ter atya mutatta be. Kocsis Zsolt polg\u00e1rmester k\u00f6sz\u00f6nt\u00f6tte az egyh\u00e1zi vezet\u0151t, \u00e9s kiemelte, hogy ez a nap h\u00e1rmas \u00fcnnep a falu \u00e9let\u00e9ben: a katolikus \u00e1ltal\u00e1nos iskola 2. tan\u00e9vz\u00e1r\u00f3ja, 17 ifj\u00fa megkapja a b\u00e9rm\u00e1l\u00e1s szents\u00e9g\u00e9t, valamint J\u00e1nos atya szombathelyi megy\u00e9sp\u00fcsp\u00f6kk\u00e9 szentel\u00e9s\u00e9nek napja is. <\/span><\/p>\n<p align=\"justify\"><img fetchpriority=\"high\" decoding=\"async\" class=\"aligncenter size-medium wp-image-1522\" src=\"https:\/\/altisk-mlak.edu.hu\/wp-content\/uploads\/2023\/06\/IMG_20230618_143107-296x300.jpg\" alt=\"\" width=\"296\" height=\"300\" srcset=\"https:\/\/altisk-mlak.edu.hu\/wp-content\/uploads\/2023\/06\/IMG_20230618_143107-296x300.jpg 296w, https:\/\/altisk-mlak.edu.hu\/wp-content\/uploads\/2023\/06\/IMG_20230618_143107-768x778.jpg 768w, https:\/\/altisk-mlak.edu.hu\/wp-content\/uploads\/2023\/06\/IMG_20230618_143107-592x600.jpg 592w, https:\/\/altisk-mlak.edu.hu\/wp-content\/uploads\/2023\/06\/IMG_20230618_143107.jpg 881w\" sizes=\"(max-width: 296px) 100vw, 296px\" \/><\/p>\n<p align=\"justify\"><span style=\"font-size: medium;\">A p\u00fcsp\u00f6k atya pr\u00e9dik\u00e1ci\u00f3j\u00e1ban tanuls\u00e1gos t\u00f6rt\u00e9netekkel h\u00edvta fel a gyermekek figyelm\u00e9t arra, hogy nem a f\u00f6ldi javak a legnagyobb kincsek, hanem a tiszta, \u00f6nzetlen szeretet, amit m\u00e1soknak adni tudnak. K\u00e9rte a tanul\u00f3kat, hogy ne b\u00e1nt\u00f3k legyenek, hanem elfogad\u00f3k, ne g\u00e1ncsol\u00f3k, hanem seg\u00edt\u0151k. Legyen nyitva a sz\u00edv\u00fck J\u00e9zusnak, \u00e9s ne csak a nagy alkalmakkor, hanem \u00e9let\u00fck minden napj\u00e1n fogadj\u00e1k be az Urat. <\/span><\/p>\n<table style=\"border-collapse: collapse; width: 100%;\">\n<tbody>\n<tr>\n<td style=\"width: 33.3333%;\"><img decoding=\"async\" class=\"aligncenter size-medium wp-image-1519\" src=\"https:\/\/altisk-mlak.edu.hu\/wp-content\/uploads\/2023\/06\/IMG_20230618_142842-297x300.jpg\" alt=\"\" width=\"297\" height=\"300\" \/><\/td>\n<td style=\"width: 33.3333%;\"><img decoding=\"async\" class=\"aligncenter size-medium wp-image-1521\" src=\"https:\/\/altisk-mlak.edu.hu\/wp-content\/uploads\/2023\/06\/IMG_20230618_142659-225x300.jpg\" alt=\"\" width=\"225\" height=\"300\" \/><\/td>\n<td style=\"width: 33.3333%;\"><img loading=\"lazy\" decoding=\"async\" class=\"aligncenter size-medium wp-image-1517\" src=\"https:\/\/altisk-mlak.edu.hu\/wp-content\/uploads\/2023\/06\/IMG_20230618_142607-300x267.jpg\" alt=\"\" width=\"300\" height=\"267\" srcset=\"https:\/\/altisk-mlak.edu.hu\/wp-content\/uploads\/2023\/06\/IMG_20230618_142607-300x267.jpg 300w, https:\/\/altisk-mlak.edu.hu\/wp-content\/uploads\/2023\/06\/IMG_20230618_142607-1024x912.jpg 1024w, https:\/\/altisk-mlak.edu.hu\/wp-content\/uploads\/2023\/06\/IMG_20230618_142607-768x684.jpg 768w, https:\/\/altisk-mlak.edu.hu\/wp-content\/uploads\/2023\/06\/IMG_20230618_142607-1536x1368.jpg 1536w, https:\/\/altisk-mlak.edu.hu\/wp-content\/uploads\/2023\/06\/IMG_20230618_142607-600x534.jpg 600w, https:\/\/altisk-mlak.edu.hu\/wp-content\/uploads\/2023\/06\/IMG_20230618_142607.jpg 1798w\" sizes=\"(max-width: 300px) 100vw, 300px\" \/><\/td>\n<\/tr>\n<\/tbody>\n<\/table>\n<p align=\"justify\"><span style=\"font-size: medium;\">Mezein\u00e9 Kiss Katalin tagint\u00e9zm\u00e9ny-vezet\u0151 besz\u00e9d\u00e9ben hangs\u00falyozta az egyh\u00e1zi iskola szerep\u00e9t: <\/span><span style=\"font-size: medium;\"><i>\u201eElrohant ez a 10 h\u00f3nap, munk\u00e1val, eredm\u00e9nyekkel \u00e9s \u00e9lm\u00e9nyekkel teli, dolgos \u00e9s im\u00e1ds\u00e1gos id\u0151szak van m\u00f6g\u00f6tt\u00fcnk. Most h\u00e1laad\u00e1sra hajtjuk fej\u00fcnk az\u00e9rt a sok-sok szellemi \u00e9s lelki aj\u00e1nd\u00e9k\u00e9rt, amit a tan\u00e9v sor\u00e1n kaptunk a J\u00f3istent\u0151l \u00e9s embert\u00e1rsainkt\u00f3l. Mik is ezek a kincsek, mit tudott adni nek\u00fcnk az egyh\u00e1zi iskola a t\u00e1rgyi tud\u00e1s mellett? Szolg\u00e1latot: mi mindannyian: di\u00e1k, tan\u00e1r, iskolalelk\u00e9sz, hitoktat\u00f3, technikai dolgoz\u00f3, sz\u00fcl\u0151 egy\u00fctt \u00e9p\u00edtett\u00fck Isten orsz\u00e1g\u00e1t ki-ki a maga eszk\u00f6z\u00e9vel: tanul\u00e1ssal, tan\u00edt\u00e1ssal, im\u00e1val, fizikai munk\u00e1val. Megtapasztaltuk a k\u00f6z\u00f6s ima \u00f6r\u00f6m\u00e9t \u00e9s vigasztal\u00f3 erej\u00e9t, \u00e1t\u00e9lt\u00fck a testv\u00e9ri k\u00f6z\u00f6ss\u00e9get a tantermekben, az iskolamis\u00e9n \u00e9s a sz\u00e1mos iskolai \u00e9s egyh\u00e1zi programon. \u00c9letre sz\u00f3l\u00f3 \u00e9lm\u00e9ny marad a P\u00fcsp\u00f6ki Palot\u00e1ban tett l\u00e1togat\u00e1s, a k\u00f6z\u00f6s f\u00fcrd\u0151z\u00e9s, a sikeres \u00fasz\u00e1stanfolyam, a soproni vonatoz\u00e1s, az iskolabusz \u00e1tad\u00f3-meg\u00e1ld\u00f3 \u00fcnneps\u00e9ge. Megtanultunk \u00fajra hinni \u00e9s b\u00edzni: kistelep\u00fcl\u00e9si iskolak\u00e9nt a l\u00e9that\u00e1rr\u00f3l \u00e9p\u00edtj\u00fck a j\u00f6v\u0151 iskol\u00e1j\u00e1t<\/i><\/span><span style=\"font-size: large;\">. <\/span><span style=\"font-size: medium;\"><i>Ma h\u00e1l\u00e1t adunk a fenntart\u00f3nak, az \u00f6nkorm\u00e1nyzatoknak \u00e9s a partnereknek is, akik az elm\u00falt \u00e9vben \u00e1ldozatos munk\u00e1jukkal szolg\u00e1lt\u00e1k az iskola gyarapod\u00e1s\u00e1t.\u201d <\/i><\/span><\/p>\n<p align=\"justify\"><img loading=\"lazy\" decoding=\"async\" class=\"aligncenter size-medium wp-image-1518\" src=\"https:\/\/altisk-mlak.edu.hu\/wp-content\/uploads\/2023\/06\/IMG_20230618_142638-300x282.jpg\" alt=\"\" width=\"300\" height=\"282\" srcset=\"https:\/\/altisk-mlak.edu.hu\/wp-content\/uploads\/2023\/06\/IMG_20230618_142638-300x282.jpg 300w, https:\/\/altisk-mlak.edu.hu\/wp-content\/uploads\/2023\/06\/IMG_20230618_142638-1024x961.jpg 1024w, https:\/\/altisk-mlak.edu.hu\/wp-content\/uploads\/2023\/06\/IMG_20230618_142638-768x721.jpg 768w, https:\/\/altisk-mlak.edu.hu\/wp-content\/uploads\/2023\/06\/IMG_20230618_142638-600x563.jpg 600w, https:\/\/altisk-mlak.edu.hu\/wp-content\/uploads\/2023\/06\/IMG_20230618_142638.jpg 1075w\" sizes=\"(max-width: 300px) 100vw, 300px\" \/><\/p>\n<p align=\"justify\"><span style=\"font-size: medium;\">A vezet\u0151 sz\u00e1mvet\u00e9st is k\u00e9sz\u00edtett az elm\u00falt tan\u00e9vr\u0151l, elmondta, hogy a sz\u00e9p bizony\u00edtv\u00e1nyok \u00e9s versenyeredm\u00e9nyek l\u00e1tt\u00e1n joggal j\u00e1r a tanul\u00f3knak a dics\u00e9ret. \u00d6r\u00f6mmel osztotta meg, hogy az idei tan\u00e9vben nincsen jav\u00edt\u00f3vizsg\u00e1ra k\u00f6telezett vagy \u00f6nhib\u00e1j\u00e1b\u00f3l \u00e9vfolyamism\u00e9tl\u0151 gyermek. 9 tanul\u00f3 jeles, 2 tanul\u00f3 kit\u0171n\u0151 eredm\u00e9nnyel b\u00fcszk\u00e9lkedhet. <\/span><\/p>\n<p align=\"justify\"><img loading=\"lazy\" decoding=\"async\" class=\"aligncenter size-medium wp-image-1516\" src=\"https:\/\/altisk-mlak.edu.hu\/wp-content\/uploads\/2023\/06\/IMG_20230618_131442-300x285.jpg\" alt=\"\" width=\"300\" height=\"285\" srcset=\"https:\/\/altisk-mlak.edu.hu\/wp-content\/uploads\/2023\/06\/IMG_20230618_131442-300x285.jpg 300w, https:\/\/altisk-mlak.edu.hu\/wp-content\/uploads\/2023\/06\/IMG_20230618_131442-1024x974.jpg 1024w, https:\/\/altisk-mlak.edu.hu\/wp-content\/uploads\/2023\/06\/IMG_20230618_131442-768x731.jpg 768w, https:\/\/altisk-mlak.edu.hu\/wp-content\/uploads\/2023\/06\/IMG_20230618_131442-1536x1461.jpg 1536w, https:\/\/altisk-mlak.edu.hu\/wp-content\/uploads\/2023\/06\/IMG_20230618_131442-2048x1949.jpg 2048w, https:\/\/altisk-mlak.edu.hu\/wp-content\/uploads\/2023\/06\/IMG_20230618_131442-600x571.jpg 600w\" sizes=\"(max-width: 300px) 100vw, 300px\" \/><\/p>\n<p align=\"justify\"><span style=\"font-size: medium;\">Dics\u00e9ret illeti azokat a tanul\u00f3kat is, akik saj\u00e1t k\u00e9pess\u00e9geikhez m\u00e9rten teljes\u00edtettek. B\u00fcszke az iskola azokra a tan\u00edtv\u00e1nyokra, akik tanulm\u00e1nyi, m\u0171v\u00e9szeti \u00e9s sportversenyeken remekeltek \u00e9s j\u00f3 h\u00edrnevet szereztek az int\u00e9zm\u00e9nynek. Az igazgat\u00f3n\u0151 elmondta, hogy a di\u00e1kok a tanul\u00e1ssal b\u00f6lcsebb\u00e9, m\u0171veltebb\u00e9, a sporttal edzettebb\u00e9 v\u00e1ltak. Sz\u00e1mos j\u00f3t\u00e9tem\u00e9ny\u00fck bizony\u00edtja, hogy a hitben \u00e9s a szeretetben is n\u00f6vekedtek. Szinte 100%-os volt a r\u00e9szv\u00e9tel iskolamis\u00e9n, m\u00e1r j\u00f3val \u00fcgyesebben, b\u00e1trabban v\u00e1llalnak a di\u00e1kok egyh\u00e1zi szolg\u00e1latot \u00e9s karitat\u00edv<\/span> <span style=\"font-size: medium;\">munk\u00e1ban is jeleskedtek<\/span><span style=\"font-size: large;\">. <\/span><span style=\"font-size: medium;\">A vezet\u0151 kiemelte, hogy a tanul\u00f3k mindh\u00e1romban: test-szellem-l\u00e9lek egyszerre n\u00f6vekedtek az iskola, a templom \u00e9s a sz\u00fcl\u0151k \u00e1ltal. A tov\u00e1bbiakban jutalomk\u00f6nyveket adott \u00e1t azon gyermekeknek, akik tanulm\u00e1nyi \u00e9s k\u00f6z\u00f6ss\u00e9gi tev\u00e9kenys\u00e9g\u00fck miatt dics\u00e9retben r\u00e9szes\u00fcltek.<\/span><\/p>\n<p align=\"justify\"><span style=\"font-size: medium;\">A tanul\u00f3k jutalmaz\u00e1sa ut\u00e1n miniszteri elismer\u00e9s \u00e1tad\u00e1s\u00e1ra ker\u00fclt sor. Kov\u00e1cs Attila Tan\u00e1r \u00dar Pedag\u00f3gus Szolg\u00e1lati Eml\u00e9k\u00e9rmet vett \u00e1t Balogh \u00c9va igazgat\u00f3t\u00f3l. <\/span><\/p>\n<p align=\"justify\"><span style=\"font-size: medium;\">Kov\u00e1cs Attila f\u00f6ldrajz-testnevel\u00e9s szakos tan\u00e1r 47 \u00e9ve dolgozik els\u0151 \u00e9s egyetlen munkahely\u00e9n. Munk\u00e1j\u00e1t kimagasl\u00f3 szakmai-pedag\u00f3giai hozz\u00e1\u00e9rt\u00e9s, k\u00f6vetkezetess\u00e9g \u00e9s precizit\u00e1s jellemzi. K\u00f6vetend\u0151 mint\u00e1t ad \u00f6nzetlen embers\u00e9gb\u0151l, m\u00e1sokra figyel\u00e9sb\u0151l, \u0151szintes\u00e9gb\u0151l \u00e9s becs\u00fcletess\u00e9gb\u0151l. A gyermekekkel, a sz\u00fcl\u0151kkel \u00e9s a koll\u00e9g\u00e1kkal egyar\u00e1nt j\u00f3 kapcsolatot \u00e1pol. Oszt\u00e1lyf\u0151n\u00f6kk\u00e9nt f\u00e1radhatatlanul ir\u00e1ny\u00edtja a r\u00e1b\u00edzott tanul\u00f3k sors\u00e1t. K\u00fcl\u00f6n\u00f6sen elk\u00f6telezett a h\u00e1tr\u00e1nyos helyzet\u0171 \u00e9s a tanul\u00e1sban lemarad\u00f3 tanul\u00f3k fel\u00e9, ugyanakkor nagy gondot ford\u00edt a j\u00f3 k\u00e9pess\u00e9g\u0171 gyermekek tehets\u00e9ggondoz\u00e1s\u00e1ra. Sz\u00e1mos sport\u00e1ggal (futball, k\u00e9zilabda, kos\u00e1rlabda, atl\u00e9tika, \u00fasz\u00e1s, ker\u00e9kp\u00e1roz\u00e1s, horg\u00e1szat) ismerteti meg tan\u00f3r\u00e1in tan\u00edtv\u00e1nyait. Eredm\u00e9nyesen k\u00e9sz\u00edti fel a gyerekeket a NETFIT m\u00e9r\u00e9sekre, h\u00e1zi bajnoks\u00e1gokra, megyei \u00e9s t\u00e9rs\u00e9gi sport- \u00e9s term\u00e9szetismereti versenyekre. Ind\u00edttat\u00e1s\u00e1ra t\u00f6bb di\u00e1kja egyes\u00fcleti keretben sportol vagy hivat\u00e1s\u00e1nak v\u00e1lasztotta a sportot. Kiemelked\u0151 a k\u00f6z\u00f6ss\u00e9g\u00e9p\u00edt\u0151 munk\u00e1ja. Az \u00fcnneps\u00e9gek, rendezv\u00e9nyek szervez\u00e9sekor mindig sz\u00e1m\u00edthatunk technikai szaktud\u00e1s\u00e1ra. T\u00f6bb tiszts\u00e9get is v\u00e1llalt \u00e9s ell\u00e1tott \u00f6nk\u00e9nt, gyermekv\u00e9delmi, t\u0171z- \u00e9s munkav\u00e9delmi felel\u0151sk\u00e9nt is helyt \u00e1llt. Gratul\u00e1lunk a magas rang\u00fa elismer\u00e9shez!<\/span><\/p>\n<p align=\"justify\"><span style=\"font-size: medium;\">V\u00e9gezet\u00fcl a vezet\u0151 mindenkinek j\u00f3 pihen\u00e9st \u00e9s felt\u00f6lt\u0151d\u00e9st k\u00edv\u00e1nt a sz\u00fcnetben \u00e9s boldog, szeretettel \u00e9s im\u00e1ds\u00e1gos l\u00e9lekkel teli vak\u00e1ci\u00f3t. \u00c9s elhangzott a v\u00e1rva v\u00e1rt mondat: <\/span><span style=\"font-size: medium;\"><i>\u201eEzennel a 2022\/23-as tan\u00e9vet bez\u00e1rom.\u201d<\/i><\/span><\/p>\n","protected":false},"excerpt":{"rendered":"<p>2023. j\u00fanius 18-\u00e1n tartotta a Szent Gotth\u00e1rd \u00c1ltal\u00e1nos Iskola \u00e9s Gimn\u00e1zium Magyarlak-Cs\u00f6r\u00f6tnek \u00c1ltal\u00e1nos Iskol\u00e1ja tan\u00e9vz\u00e1r\u00f3 szentmis\u00e9j\u00e9t a cs\u00f6r\u00f6tneki \u00d6r\u00f6k Ige templomban. A mis\u00e9t Dr. Sz\u00e9kely J\u00e1nos szombathelyi megy\u00e9sp\u00fcsp\u00f6k, Dr. Tak\u00e1cs Gyula pl\u00e9b\u00e1nos<a class=\"moretag\" href=\"https:\/\/altisk-mlak.edu.hu\/index.php\/te-deum-unnepi-szentmise-es-bermalas-csorotneken\/\">Read More&#8230;<\/a><\/p>\n","protected":false},"author":3,"featured_media":0,"comment_status":"closed","ping_status":"closed","sticky":false,"template":"","format":"standard","meta":{"two_page_speed":[],"footnotes":""},"categories":[1],"tags":[],"class_list":["post-1515","post","type-post","status-publish","format-standard","hentry","category-egyeb"],"_links":{"self":[{"href":"https:\/\/altisk-mlak.edu.hu\/index.php\/wp-json\/wp\/v2\/posts\/1515","targetHints":{"allow":["GET"]}}],"collection":[{"href":"https:\/\/altisk-mlak.edu.hu\/index.php\/wp-json\/wp\/v2\/posts"}],"about":[{"href":"https:\/\/altisk-mlak.edu.hu\/index.php\/wp-json\/wp\/v2\/types\/post"}],"author":[{"embeddable":true,"href":"https:\/\/altisk-mlak.edu.hu\/index.php\/wp-json\/wp\/v2\/users\/3"}],"replies":[{"embeddable":true,"href":"https:\/\/altisk-mlak.edu.hu\/index.php\/wp-json\/wp\/v2\/comments?post=1515"}],"version-history":[{"count":1,"href":"https:\/\/altisk-mlak.edu.hu\/index.php\/wp-json\/wp\/v2\/posts\/1515\/revisions"}],"predecessor-version":[{"id":1523,"href":"https:\/\/altisk-mlak.edu.hu\/index.php\/wp-json\/wp\/v2\/posts\/1515\/revisions\/1523"}],"wp:attachment":[{"href":"https:\/\/altisk-mlak.edu.hu\/index.php\/wp-json\/wp\/v2\/media?parent=1515"}],"wp:term":[{"taxonomy":"category","embeddable":true,"href":"https:\/\/altisk-mlak.edu.hu\/index.php\/wp-json\/wp\/v2\/categories?post=1515"},{"taxonomy":"post_tag","embeddable":true,"href":"https:\/\/altisk-mlak.edu.hu\/index.php\/wp-json\/wp\/v2\/tags?post=1515"}],"curies":[{"name":"wp","href":"https:\/\/api.w.org\/{rel}","templated":true}]}}