{"id":1525,"date":"2023-06-26T19:13:21","date_gmt":"2023-06-26T19:13:21","guid":{"rendered":"https:\/\/altisk-mlak.edu.hu\/?p=1525"},"modified":"2023-09-01T11:13:19","modified_gmt":"2023-09-01T11:13:19","slug":"nyari-ugyelet-magyarlak-csorotnek-altalanos-iskolajaban","status":"publish","type":"post","link":"https:\/\/altisk-mlak.edu.hu\/index.php\/nyari-ugyelet-magyarlak-csorotnek-altalanos-iskolajaban\/","title":{"rendered":"Ny\u00e1ri \u00fcgyelet Magyarlak-Cs\u00f6r\u00f6tnek \u00e1ltal\u00e1nos iskol\u00e1j\u00e1ban"},"content":{"rendered":"<table style=\"border-collapse: collapse; width: 100%;\">\n<tbody>\n<tr>\n<td style=\"width: 50%;\"><img fetchpriority=\"high\" decoding=\"async\" class=\"aligncenter size-full wp-image-1526\" src=\"https:\/\/altisk-mlak.edu.hu\/wp-content\/uploads\/2023\/06\/nyar.jpg\" alt=\"\" width=\"300\" height=\"300\" srcset=\"https:\/\/altisk-mlak.edu.hu\/wp-content\/uploads\/2023\/06\/nyar.jpg 300w, https:\/\/altisk-mlak.edu.hu\/wp-content\/uploads\/2023\/06\/nyar-150x150.jpg 150w\" sizes=\"(max-width: 300px) 100vw, 300px\" \/><\/td>\n<td style=\"width: 50%;\">\n<p style=\"text-align: center;\"><span style=\"font-size: large;\"><b>J\u00daLIUS 5. (SZERDA) 9.00-12.00<\/b><\/span><\/p>\n<p style=\"text-align: center;\"><span style=\"font-size: large;\"><b>J\u00daLIUS 19. (SZERDA) 9.00-12.00<\/b><\/span><\/p>\n<p style=\"text-align: center;\"><span style=\"font-size: large;\"><b>AUGUSZTUS 2. (SZERDA) 9.00-12.00<\/b><\/span><\/p>\n<p style=\"text-align: center;\"><span style=\"font-size: large;\"><b>AUGUSZTUS 16. (SZERDA) 9.00-12.00<\/b><\/span><\/p>\n<\/td>\n<\/tr>\n<\/tbody>\n<\/table>\n<p><span style=\"font-size: large;\">A ny\u00e1ri sz\u00fcnetre mindenkinek kellemes pihen\u00e9st, tartalmas kikapcsol\u00f3d\u00e1st, sok vid\u00e1ms\u00e1got k\u00edv\u00e1nunk!<\/span><\/p>\n<p><span style=\"font-size: large;\">Magyarlak, 2023. j\u00fanius 26.<\/span><\/p>\n<p style=\"text-align: right;\"><span style=\"font-size: large;\"> Mezein\u00e9 Kiss Katalin<br \/>\n<\/span><span style=\"font-size: large;\"> tagint\u00e9zm\u00e9ny-vezet\u0151<\/span><\/p>\n","protected":false},"excerpt":{"rendered":"<p>J\u00daLIUS 5. (SZERDA) 9.00-12.00 J\u00daLIUS 19. (SZERDA) 9.00-12.00 AUGUSZTUS 2. (SZERDA) 9.00-12.00 AUGUSZTUS 16. (SZERDA) 9.00-12.00 A ny\u00e1ri sz\u00fcnetre mindenkinek kellemes pihen\u00e9st, tartalmas kikapcsol\u00f3d\u00e1st, sok vid\u00e1ms\u00e1got k\u00edv\u00e1nunk! Magyarlak, 2023. j\u00fanius 26. Mezein\u00e9<a class=\"moretag\" href=\"https:\/\/altisk-mlak.edu.hu\/index.php\/nyari-ugyelet-magyarlak-csorotnek-altalanos-iskolajaban\/\">Read More&#8230;<\/a><\/p>\n","protected":false},"author":3,"featured_media":0,"comment_status":"closed","ping_status":"closed","sticky":false,"template":"","format":"standard","meta":{"two_page_speed":[],"footnotes":""},"categories":[1],"tags":[],"class_list":["post-1525","post","type-post","status-publish","format-standard","hentry","category-egyeb"],"_links":{"self":[{"href":"https:\/\/altisk-mlak.edu.hu\/index.php\/wp-json\/wp\/v2\/posts\/1525","targetHints":{"allow":["GET"]}}],"collection":[{"href":"https:\/\/altisk-mlak.edu.hu\/index.php\/wp-json\/wp\/v2\/posts"}],"about":[{"href":"https:\/\/altisk-mlak.edu.hu\/index.php\/wp-json\/wp\/v2\/types\/post"}],"author":[{"embeddable":true,"href":"https:\/\/altisk-mlak.edu.hu\/index.php\/wp-json\/wp\/v2\/users\/3"}],"replies":[{"embeddable":true,"href":"https:\/\/altisk-mlak.edu.hu\/index.php\/wp-json\/wp\/v2\/comments?post=1525"}],"version-history":[{"count":1,"href":"https:\/\/altisk-mlak.edu.hu\/index.php\/wp-json\/wp\/v2\/posts\/1525\/revisions"}],"predecessor-version":[{"id":1527,"href":"https:\/\/altisk-mlak.edu.hu\/index.php\/wp-json\/wp\/v2\/posts\/1525\/revisions\/1527"}],"wp:attachment":[{"href":"https:\/\/altisk-mlak.edu.hu\/index.php\/wp-json\/wp\/v2\/media?parent=1525"}],"wp:term":[{"taxonomy":"category","embeddable":true,"href":"https:\/\/altisk-mlak.edu.hu\/index.php\/wp-json\/wp\/v2\/categories?post=1525"},{"taxonomy":"post_tag","embeddable":true,"href":"https:\/\/altisk-mlak.edu.hu\/index.php\/wp-json\/wp\/v2\/tags?post=1525"}],"curies":[{"name":"wp","href":"https:\/\/api.w.org\/{rel}","templated":true}]}}