{"id":1529,"date":"2023-06-26T19:18:03","date_gmt":"2023-06-26T19:18:03","guid":{"rendered":"https:\/\/altisk-mlak.edu.hu\/?p=1529"},"modified":"2023-06-29T11:12:06","modified_gmt":"2023-06-29T11:12:06","slug":"sikerek-a-fenntarthatosagi-temaheten","status":"publish","type":"post","link":"https:\/\/altisk-mlak.edu.hu\/index.php\/sikerek-a-fenntarthatosagi-temaheten\/","title":{"rendered":"Sikerek a Fenntarthat\u00f3s\u00e1gi T\u00e9mah\u00e9ten"},"content":{"rendered":"<p align=\"justify\">Magyarlak-Cs\u00f6r\u00f6tnek \u00c1ltal\u00e1nos Iskol\u00e1ja mint \u00d6r\u00f6k\u00f6s \u00d6koiskola m\u00e1r \u00e9vek \u00f3ta sikeresen bonyol\u00edtja le a Fenntarthat\u00f3s\u00e1gi T\u00e9mah\u00e9t programjait. Az idei tan\u00e9vben sz\u00e1mos aktivit\u00e1s val\u00f3sult meg oszt\u00e1lyk\u00f6z\u00f6ss\u00e9gi \u00e9s iskolai szinten, azonban a lelkes di\u00e1koknak \u00e9s felk\u00e9sz\u00edt\u0151 tan\u00e1roknak k\u00f6sz\u00f6nhet\u0151en orsz\u00e1gos viszonylatban is sz\u00e9p eredm\u00e9nyekkel b\u00fcszk\u00e9lkedhet\u00fcnk.<\/p>\n<p align=\"justify\">A TeSzedd! p\u00e1ly\u00e1zat a 2023. \u00e1prilis 22-28. k\u00f6z\u00f6tt megrendezett TeSzedd! \u2013 \u00d6nk\u00e9ntesen a tiszta Magyarorsz\u00e1g\u00e9rt akci\u00f3h\u00e9ten r\u00e9szt vett iskol\u00e1k aktivit\u00e1s\u00e1t d\u00edjazta. Iskol\u00e1nk Vas megy\u00e9ben a legakt\u00edvabb k\u00f6z\u00f6ss\u00e9gnek bizonyult \u00e9s 100.000 Ft alap\u00edtv\u00e1nyi t\u00e1mogat\u00e1sban r\u00e9szes\u00fclt.<\/p>\n<p align=\"justify\">\u201eA kincsek karny\u00fajt\u00e1snyira\u201d c. \u00f6sszm\u0171v\u00e9szeti p\u00e1ly\u00e1zatra 300 p\u00e1lyam\u0171 \u00e9rkezett. A di\u00e1koknak fel kellett lelni\u00fck a lak\u00f3hely\u00fck\u00f6n vagy annak k\u00f6zvetlen k\u00f6rny\u00e9k\u00e9n tal\u00e1lhat\u00f3 \u00e9s meg\u0151rzend\u0151 \u00e9p\u00edt\u00e9szeti, term\u00e9szeti, szellemi, kultur\u00e1lis, n\u00e9pm\u0171v\u00e9szeti, csal\u00e1di-t\u00f6bbgener\u00e1ci\u00f3s \u00e9rt\u00e9keket \u00e9s ezekr\u0151l egy szabadon v\u00e1lasztott m\u0171v\u00e9szeti alkot\u00e1st kellett k\u00e9sz\u00edteni\u00fck. Iskol\u00e1nk 6. oszt\u00e1lyos tanul\u00f3ja, Kakas Vanessza Hajnalka fot\u00f3, fot\u00f3sorozat kateg\u00f3ri\u00e1ban orsz\u00e1gos 2. helyez\u00e9st \u00e9rt el. Vanessza a R\u00e1ba foly\u00f3 holt\u00e1g\u00e1t \u00f6r\u00f6k\u00edtette meg csod\u00e1s fot\u00f3ival, ami elnyerte a szakmai zs\u0171ri tetsz\u00e9s\u00e9t. Felk\u00e9sz\u00edt\u0151 tan\u00e1ra: Mezein\u00e9 Kiss Katalin.<\/p>\n<p align=\"justify\">Az Energiatudatoss\u00e1gi P\u00e1ly\u00e1zat keret\u00e9ben a 7. oszt\u00e1lyos tanul\u00f3k azonos\u00edtott\u00e1k az int\u00e9zm\u00e9nyben felhaszn\u00e1lt energiaforr\u00e1sokat, majd felm\u00e9rt\u00e9k az iskola \u00e9p\u00fclet\u00e9nek \u00e9s k\u00f6zvetlen k\u00f6rnyezet\u00e9nek (iskolaudvar, mell\u00e9k\u00e9p\u00fclet) energiafogyaszt\u00e1s\u00e1t, ez alapj\u00e1n \u00f6ssze\u00e1ll\u00edtott\u00e1k, milyen energiatakar\u00e9koss\u00e1gi, megtakar\u00edt\u00e1si, sp\u00f3rol\u00e1si lehet\u0151s\u00e9gek vannak az int\u00e9zm\u00e9nyben. \u00d6tletes energiatakar\u00e9koss\u00e1gi, megtakar\u00edt\u00e1si v\u00e1llal\u00e1sukkal orsz\u00e1gos 2. helyez\u00e9st \u00e9rtek el \u00e9s 60.000 Ft alap\u00edtv\u00e1nyi t\u00e1mogat\u00e1sban r\u00e9szes\u00fcltek. Felk\u00e9sz\u00edt\u0151 tan\u00e1ruk: Kov\u00e1cs Zsuzsanna.<\/p>\n<p align=\"justify\">A Z\u00f6ld energia a leveg\u0151tisztas\u00e1g\u00e9rt program keret\u00e9ben az a 10 iskola, aki a t\u00e9mah\u00e9t sor\u00e1n a legt\u00f6bbet foglalkozott az energiafajt\u00e1k hat\u00e9kony felhaszn\u00e1l\u00e1s\u00e1val \u00e9s az energiatakar\u00e9kos megold\u00e1sokkal egyenk\u00e9nt 100.000 Ft alap\u00edtv\u00e1nyi t\u00e1mogat\u00e1st kapott. Iskol\u00e1nk p\u00e1lyamunk\u00e1j\u00e1ban hangs\u00falyosan \u00e9s sz\u00ednvonalasan jelent meg az energia t\u00e9ma a t\u00e9mahetes programjaikon, \u00edgy m\u00e9lt\u00e1n soroltak benn\u00fcnket a nyertesek k\u00f6z\u00e9.<\/p>\n<p align=\"justify\">A\u00a0Z\u00f6ld Okos Kupa Magonc verseny sorsol\u00e1s\u00e1n iskol\u00e1nk 50.000 Ft \u00e9rt\u00e9k\u0171 iskolai alap\u00edtv\u00e1nyi t\u00e1mogat\u00e1st\u00a0nyert, melyet az eredm\u00e9nyes tanul\u00f3k jutalmaz\u00e1s\u00e1ra ford\u00edtott.<\/p>\n<p align=\"justify\"><a name=\"_GoBack\"><\/a> \u00d6sszegezve elmondhat\u00f3, hogy kisiskol\u00e1nk lelkiismeretesen kivette r\u00e9sz\u00e9t a fenntarthat\u00f3s\u00e1gi programokb\u00f3l, \u00e9s b\u00fcszk\u00e9k vagyunk arra, hogy a magunk erej\u00e9b\u0151l 310.000 Ft-tal \u201egazdag\u00edtottuk\u201d az iskolai k\u00f6rnyezetv\u00e9delmi nevel\u0151-oktat\u00f3 munk\u00e1t.<\/p>\n<p style=\"text-align: right;\"><i>Mezein\u00e9 Kiss Katalin<\/i><\/p>\n","protected":false},"excerpt":{"rendered":"<p>Magyarlak-Cs\u00f6r\u00f6tnek \u00c1ltal\u00e1nos Iskol\u00e1ja mint \u00d6r\u00f6k\u00f6s \u00d6koiskola m\u00e1r \u00e9vek \u00f3ta sikeresen bonyol\u00edtja le a Fenntarthat\u00f3s\u00e1gi T\u00e9mah\u00e9t programjait. Az idei tan\u00e9vben sz\u00e1mos aktivit\u00e1s val\u00f3sult meg oszt\u00e1lyk\u00f6z\u00f6ss\u00e9gi \u00e9s iskolai szinten, azonban a lelkes di\u00e1koknak \u00e9s<a class=\"moretag\" href=\"https:\/\/altisk-mlak.edu.hu\/index.php\/sikerek-a-fenntarthatosagi-temaheten\/\">Read More&#8230;<\/a><\/p>\n","protected":false},"author":3,"featured_media":0,"comment_status":"closed","ping_status":"closed","sticky":false,"template":"","format":"standard","meta":{"two_page_speed":[],"footnotes":""},"categories":[1],"tags":[],"class_list":["post-1529","post","type-post","status-publish","format-standard","hentry","category-egyeb"],"_links":{"self":[{"href":"https:\/\/altisk-mlak.edu.hu\/index.php\/wp-json\/wp\/v2\/posts\/1529","targetHints":{"allow":["GET"]}}],"collection":[{"href":"https:\/\/altisk-mlak.edu.hu\/index.php\/wp-json\/wp\/v2\/posts"}],"about":[{"href":"https:\/\/altisk-mlak.edu.hu\/index.php\/wp-json\/wp\/v2\/types\/post"}],"author":[{"embeddable":true,"href":"https:\/\/altisk-mlak.edu.hu\/index.php\/wp-json\/wp\/v2\/users\/3"}],"replies":[{"embeddable":true,"href":"https:\/\/altisk-mlak.edu.hu\/index.php\/wp-json\/wp\/v2\/comments?post=1529"}],"version-history":[{"count":1,"href":"https:\/\/altisk-mlak.edu.hu\/index.php\/wp-json\/wp\/v2\/posts\/1529\/revisions"}],"predecessor-version":[{"id":1530,"href":"https:\/\/altisk-mlak.edu.hu\/index.php\/wp-json\/wp\/v2\/posts\/1529\/revisions\/1530"}],"wp:attachment":[{"href":"https:\/\/altisk-mlak.edu.hu\/index.php\/wp-json\/wp\/v2\/media?parent=1529"}],"wp:term":[{"taxonomy":"category","embeddable":true,"href":"https:\/\/altisk-mlak.edu.hu\/index.php\/wp-json\/wp\/v2\/categories?post=1529"},{"taxonomy":"post_tag","embeddable":true,"href":"https:\/\/altisk-mlak.edu.hu\/index.php\/wp-json\/wp\/v2\/tags?post=1529"}],"curies":[{"name":"wp","href":"https:\/\/api.w.org\/{rel}","templated":true}]}}