{"id":1531,"date":"2023-06-29T11:15:55","date_gmt":"2023-06-29T11:15:55","guid":{"rendered":"https:\/\/altisk-mlak.edu.hu\/?p=1531"},"modified":"2023-07-12T22:17:26","modified_gmt":"2023-07-12T22:17:26","slug":"kovacs-attila-tanar-ur-szent-gellert-dijat-kapott","status":"publish","type":"post","link":"https:\/\/altisk-mlak.edu.hu\/index.php\/kovacs-attila-tanar-ur-szent-gellert-dijat-kapott\/","title":{"rendered":"Kov\u00e1cs Attila Tan\u00e1r \u00dar Szent Gell\u00e9rt-d\u00edjat kapott"},"content":{"rendered":"<p align=\"justify\">Kov\u00e1cs Attila, a Magyarlak-Cs\u00f6r\u00f6tnek \u00c1ltal\u00e1nos Iskola f\u00f6ldrajz-testnevel\u00e9s szakos tan\u00e1ra 2023. 06. 28-\u00e1n megkapta a katolikus k\u00f6znevel\u00e9s legrangosabb elismer\u00e9s\u00e9t, a Szent Gell\u00e9rt-d\u00edj arany fokozat\u00e1t a szombathelyi Sarl\u00f3s Boldogasszony Sz\u00e9kesegyh\u00e1zban tartott egyh\u00e1zmegyei Te Deumon.<\/p>\n<p style=\"text-align: center;\" align=\"justify\"><img fetchpriority=\"high\" decoding=\"async\" class=\"alignnone wp-image-1532\" src=\"https:\/\/altisk-mlak.edu.hu\/wp-content\/uploads\/2023\/06\/Szent-Gellert-dij-1-300x225.jpg\" alt=\"\" width=\"340\" height=\"255\" srcset=\"https:\/\/altisk-mlak.edu.hu\/wp-content\/uploads\/2023\/06\/Szent-Gellert-dij-1-300x225.jpg 300w, https:\/\/altisk-mlak.edu.hu\/wp-content\/uploads\/2023\/06\/Szent-Gellert-dij-1-1024x769.jpg 1024w, https:\/\/altisk-mlak.edu.hu\/wp-content\/uploads\/2023\/06\/Szent-Gellert-dij-1-768x577.jpg 768w, https:\/\/altisk-mlak.edu.hu\/wp-content\/uploads\/2023\/06\/Szent-Gellert-dij-1-1536x1154.jpg 1536w, https:\/\/altisk-mlak.edu.hu\/wp-content\/uploads\/2023\/06\/Szent-Gellert-dij-1-600x451.jpg 600w, https:\/\/altisk-mlak.edu.hu\/wp-content\/uploads\/2023\/06\/Szent-Gellert-dij-1.jpg 1640w\" sizes=\"(max-width: 340px) 100vw, 340px\" \/> <img decoding=\"async\" class=\"alignone wp-image-1533\" src=\"https:\/\/altisk-mlak.edu.hu\/wp-content\/uploads\/2023\/06\/Szent-Gellert-dij-2-232x300.jpg\" alt=\"\" width=\"196\" height=\"253\" srcset=\"https:\/\/altisk-mlak.edu.hu\/wp-content\/uploads\/2023\/06\/Szent-Gellert-dij-2-232x300.jpg 232w, https:\/\/altisk-mlak.edu.hu\/wp-content\/uploads\/2023\/06\/Szent-Gellert-dij-2-791x1024.jpg 791w, https:\/\/altisk-mlak.edu.hu\/wp-content\/uploads\/2023\/06\/Szent-Gellert-dij-2-768x994.jpg 768w, https:\/\/altisk-mlak.edu.hu\/wp-content\/uploads\/2023\/06\/Szent-Gellert-dij-2-1186x1536.jpg 1186w, https:\/\/altisk-mlak.edu.hu\/wp-content\/uploads\/2023\/06\/Szent-Gellert-dij-2-463x600.jpg 463w, https:\/\/altisk-mlak.edu.hu\/wp-content\/uploads\/2023\/06\/Szent-Gellert-dij-2.jpg 1456w\" sizes=\"(max-width: 196px) 100vw, 196px\" \/><\/p>\n<p align=\"justify\">A Magyar Katolikus P\u00fcsp\u00f6ki Konferencia \u00e1ltal alap\u00edtott d\u00edjat Dr. Sz\u00e9kely J\u00e1nos megy\u00e9sp\u00fcsp\u00f6k \u00e9s T\u00e1las J\u00f3zsef EKIF-igazgat\u00f3 adta \u00e1t a kit\u00fcntetettnek hitvall\u00f3 \u00e9let\u00e9\u00e9rt, k\u00f6vetkezetes, kitart\u00f3, sz\u00ednvonalas nevel\u0151-oktat\u00f3 \u00e9s sz\u00e1mos \u00f6nk\u00e9ntes munk\u00e1j\u00e1\u00e9rt. Kov\u00e1cs Attila 47 \u00e9ve dolgozik els\u0151 \u00e9s egyetlen munkahely\u00e9n. Munk\u00e1j\u00e1t kimagasl\u00f3 szakmai-pedag\u00f3giai hozz\u00e1\u00e9rt\u00e9s, k\u00f6vetkezetess\u00e9g \u00e9s precizit\u00e1s jellemzi. Hivat\u00e1studata \u00e9s rendk\u00edv\u00fcli munkab\u00edr\u00e1sa p\u00e9lda az eg\u00e9sz tantest\u00fclet sz\u00e1m\u00e1ra. K\u00f6vetend\u0151 mint\u00e1t ad \u00f6nzetlen embers\u00e9gb\u0151l, m\u00e1sokra figyel\u00e9sb\u0151l, \u0151szintes\u00e9gb\u0151l \u00e9s becs\u00fcletess\u00e9gb\u0151l. A Tan\u00e1r \u00dar szil\u00e1rd erk\u00f6lcsi alapokon \u00e1ll\u00f3 munk\u00e1j\u00e1val kiv\u00edvta a tanul\u00f3k, a sz\u00fcl\u0151k \u00e9s a munkat\u00e1rsak egy\u00f6ntet\u0171 elismer\u00e9s\u00e9t. Sok szeretettel gratul\u00e1lunk a m\u00e9lt\u00f3 elismer\u00e9shez. K\u00edv\u00e1nunk boldog, eg\u00e9szs\u00e9gben \u00e9s sok-sok \u00f6r\u00f6mben meg\u00e9lt nyugd\u00edjas \u00e9veket!<\/p>\n<p style=\"text-align: center;\" align=\"justify\"><img decoding=\"async\" class=\"alignnone size-medium wp-image-1534\" src=\"https:\/\/altisk-mlak.edu.hu\/wp-content\/uploads\/2023\/06\/Szent-Gellert-dij-3-246x300.jpg\" alt=\"\" width=\"246\" height=\"300\" srcset=\"https:\/\/altisk-mlak.edu.hu\/wp-content\/uploads\/2023\/06\/Szent-Gellert-dij-3-246x300.jpg 246w, https:\/\/altisk-mlak.edu.hu\/wp-content\/uploads\/2023\/06\/Szent-Gellert-dij-3-839x1024.jpg 839w, https:\/\/altisk-mlak.edu.hu\/wp-content\/uploads\/2023\/06\/Szent-Gellert-dij-3-768x938.jpg 768w, https:\/\/altisk-mlak.edu.hu\/wp-content\/uploads\/2023\/06\/Szent-Gellert-dij-3-1258x1536.jpg 1258w, https:\/\/altisk-mlak.edu.hu\/wp-content\/uploads\/2023\/06\/Szent-Gellert-dij-3-491x600.jpg 491w, https:\/\/altisk-mlak.edu.hu\/wp-content\/uploads\/2023\/06\/Szent-Gellert-dij-3.jpg 1463w\" sizes=\"(max-width: 246px) 100vw, 246px\" \/> <img loading=\"lazy\" decoding=\"async\" class=\"alignnone size-medium wp-image-1535\" src=\"https:\/\/altisk-mlak.edu.hu\/wp-content\/uploads\/2023\/06\/Szent-Gellert-dij-4-232x300.jpg\" alt=\"\" width=\"232\" height=\"300\" srcset=\"https:\/\/altisk-mlak.edu.hu\/wp-content\/uploads\/2023\/06\/Szent-Gellert-dij-4-232x300.jpg 232w, https:\/\/altisk-mlak.edu.hu\/wp-content\/uploads\/2023\/06\/Szent-Gellert-dij-4-791x1024.jpg 791w, https:\/\/altisk-mlak.edu.hu\/wp-content\/uploads\/2023\/06\/Szent-Gellert-dij-4-768x994.jpg 768w, https:\/\/altisk-mlak.edu.hu\/wp-content\/uploads\/2023\/06\/Szent-Gellert-dij-4-1187x1536.jpg 1187w, https:\/\/altisk-mlak.edu.hu\/wp-content\/uploads\/2023\/06\/Szent-Gellert-dij-4-464x600.jpg 464w, https:\/\/altisk-mlak.edu.hu\/wp-content\/uploads\/2023\/06\/Szent-Gellert-dij-4.jpg 1494w\" sizes=\"(max-width: 232px) 100vw, 232px\" \/><\/p>\n","protected":false},"excerpt":{"rendered":"<p>Kov\u00e1cs Attila, a Magyarlak-Cs\u00f6r\u00f6tnek \u00c1ltal\u00e1nos Iskola f\u00f6ldrajz-testnevel\u00e9s szakos tan\u00e1ra 2023. 06. 28-\u00e1n megkapta a katolikus k\u00f6znevel\u00e9s legrangosabb elismer\u00e9s\u00e9t, a Szent Gell\u00e9rt-d\u00edj arany fokozat\u00e1t a szombathelyi Sarl\u00f3s Boldogasszony Sz\u00e9kesegyh\u00e1zban tartott egyh\u00e1zmegyei Te Deumon.<a class=\"moretag\" href=\"https:\/\/altisk-mlak.edu.hu\/index.php\/kovacs-attila-tanar-ur-szent-gellert-dijat-kapott\/\">Read More&#8230;<\/a><\/p>\n","protected":false},"author":3,"featured_media":0,"comment_status":"closed","ping_status":"closed","sticky":false,"template":"","format":"standard","meta":{"two_page_speed":[],"footnotes":""},"categories":[1],"tags":[],"class_list":["post-1531","post","type-post","status-publish","format-standard","hentry","category-egyeb"],"_links":{"self":[{"href":"https:\/\/altisk-mlak.edu.hu\/index.php\/wp-json\/wp\/v2\/posts\/1531","targetHints":{"allow":["GET"]}}],"collection":[{"href":"https:\/\/altisk-mlak.edu.hu\/index.php\/wp-json\/wp\/v2\/posts"}],"about":[{"href":"https:\/\/altisk-mlak.edu.hu\/index.php\/wp-json\/wp\/v2\/types\/post"}],"author":[{"embeddable":true,"href":"https:\/\/altisk-mlak.edu.hu\/index.php\/wp-json\/wp\/v2\/users\/3"}],"replies":[{"embeddable":true,"href":"https:\/\/altisk-mlak.edu.hu\/index.php\/wp-json\/wp\/v2\/comments?post=1531"}],"version-history":[{"count":1,"href":"https:\/\/altisk-mlak.edu.hu\/index.php\/wp-json\/wp\/v2\/posts\/1531\/revisions"}],"predecessor-version":[{"id":1536,"href":"https:\/\/altisk-mlak.edu.hu\/index.php\/wp-json\/wp\/v2\/posts\/1531\/revisions\/1536"}],"wp:attachment":[{"href":"https:\/\/altisk-mlak.edu.hu\/index.php\/wp-json\/wp\/v2\/media?parent=1531"}],"wp:term":[{"taxonomy":"category","embeddable":true,"href":"https:\/\/altisk-mlak.edu.hu\/index.php\/wp-json\/wp\/v2\/categories?post=1531"},{"taxonomy":"post_tag","embeddable":true,"href":"https:\/\/altisk-mlak.edu.hu\/index.php\/wp-json\/wp\/v2\/tags?post=1531"}],"curies":[{"name":"wp","href":"https:\/\/api.w.org\/{rel}","templated":true}]}}