{"id":1538,"date":"2023-07-12T22:30:50","date_gmt":"2023-07-12T22:30:50","guid":{"rendered":"https:\/\/altisk-mlak.edu.hu\/?p=1538"},"modified":"2023-07-13T22:58:22","modified_gmt":"2023-07-13T22:58:22","slug":"az-ima-osvenyein","status":"publish","type":"post","link":"https:\/\/altisk-mlak.edu.hu\/index.php\/az-ima-osvenyein\/","title":{"rendered":"Az ima \u00f6sv\u00e9nyein"},"content":{"rendered":"<p class=\"western\" lang=\"hu-HU\" align=\"justify\"><span style=\"font-size: medium;\">Iskol\u00e1nk 2023. \u00e9vi ny\u00e1ri hittant\u00e1bor\u00e1nak neve: Az ima \u00f6sv\u00e9nyein. A n\u00e9v jelk\u00e9pet hordoz. Arra utal, hogy az ima kapcsolatfelv\u00e9tel Istennel: sz\u00f3lunk Istenhez, \u00e9s v\u00e1rjuk, hogy Isten sz\u00f3ljon hozz\u00e1nk, ugyanakkor \u00fat, amelyen el kell indulnunk, energi\u00e1t befektetve kell j\u00e1rnunk rajta, de az \u00fat v\u00e9g\u00e9n biztosan ott van Isten. De ez az \u00fat csak \u00f6sv\u00e9ny, vagyis keskeny, nincs sokak \u00e1ltal sz\u00e9lesre taposva, kanyarg\u00f3s, tal\u00e1n nem is mindig l\u00e1tjuk a c\u00e9lt \u2013 valamelyes bizonytalans\u00e1got hordoz mag\u00e1ban. B\u00e1tors\u00e1g, k\u00edv\u00e1ncsis\u00e1g, bizalom \u00e9s r\u00e1hagyatkoz\u00e1s sz\u00fcks\u00e9ges ahhoz, hogy elinduljunk ezen az \u00f6sv\u00e9nyen az ismeretlen fel\u00e9. <img fetchpriority=\"high\" decoding=\"async\" class=\"alignleft size-medium wp-image-1541\" src=\"https:\/\/altisk-mlak.edu.hu\/wp-content\/uploads\/2023\/07\/ima2-300x225.jpg\" alt=\"\" width=\"300\" height=\"225\" srcset=\"https:\/\/altisk-mlak.edu.hu\/wp-content\/uploads\/2023\/07\/ima2-300x225.jpg 300w, https:\/\/altisk-mlak.edu.hu\/wp-content\/uploads\/2023\/07\/ima2-768x576.jpg 768w, https:\/\/altisk-mlak.edu.hu\/wp-content\/uploads\/2023\/07\/ima2-600x450.jpg 600w, https:\/\/altisk-mlak.edu.hu\/wp-content\/uploads\/2023\/07\/ima2.jpg 960w\" sizes=\"(max-width: 300px) 100vw, 300px\" \/>Erre a kalandra v\u00e1llalkoztunk katolikus iskol\u00e1nk m\u00e1sodik hittant\u00e1bor\u00e1nak napjain. Az ima k\u00fcl\u00f6nf\u00e9le m\u00f3djaiba k\u00f3stoltunk bele, amelyek meg\u00edzleltett\u00e9k vel\u00fcnk az Istennel val\u00f3 tal\u00e1lkoz\u00e1s \u00f6r\u00f6m\u00e9t, b\u00e9k\u00e9j\u00e9t. A t\u00e1bor h\u00e1rom napj\u00e1nak fontos esem\u00e9nyei voltak azok a r\u00f6vid, p\u00e1r perces kis id\u0151tartamok voltak, amikor a gyerekekkel az im\u00e1ds\u00e1g k\u00fcl\u00f6nf\u00e9le m\u00f3djain indultunk el \u00fajra \u00e9s \u00fajra Isten fel\u00e9. <\/span><\/p>\n<p class=\"western\" lang=\"hu-HU\" align=\"justify\"><span style=\"font-size: medium;\">Az els\u0151 nap t\u00e1bornyit\u00f3 szentmis\u00e9vel kezd\u0151d\u00f6tt. Gyula atya a s\u00e1tor alatt \u00e1ll\u00edtotta fel kis t\u00e1bori olt\u00e1r\u00e1t, amelyet a sz\u00e9kek k\u00e9t sorban fogtak k\u00f6rbe. Az iskolalelk\u00e9sz a szentbesz\u00e9dben arr\u00f3l besz\u00e9lt, hogy J\u00e9zus \u201ek\u00f6z\u00e9pen\u201d van \u2013 ahogy most az olt\u00e1ron jelen l\u00e9v\u0151 J\u00e9zust k\u00f6rbevessz\u00fck, \u00fagy van J\u00e9zus az \u00e9let\u00fcnk \u00e9s sz\u00edv\u00fcnk k\u00f6z\u00e9ppontj\u00e1ban. \u00c9s hogy ez val\u00f3ban \u00edgy van, mutatja, hogy a szentmis\u00e9n szinte az \u00f6sszes volt els\u0151\u00e1ldoz\u00f3 gyermek \u00e1ldozott. A virsli-zsemle t\u00edz\u00f3rait ismerked\u00e9s k\u00f6vette, amikor is minden gyermek h\u00fazott egy nevet, akinek aznap \u0151 lett a titkos \u0151rangyala. Az \u0151rangyalnak nap folyam\u00e1n \u00fagy kell kedveskednie \u00e9s seg\u00edtenie a p\u00e1rtfogoltj\u00e1nak, hogy az este meg tudja \u0151t nevezni. Ez az els\u0151 hall\u00e1sra k\u00f6nny\u0171nek t\u0171n\u0151 feladat bizony sok fejt\u00f6r\u00e9st \u00e9s lelem\u00e9nyess\u00e9get k\u00f6vetelt a gyerekekt\u0151l. Majd r\u00f6vid bevezet\u0151 ut\u00e1n k\u00f6vetkeztek az els\u0151 p\u00e1r perces elcsendesed\u00e9si gyakorlatok, amelyek r\u00e1vezetnek a bels\u0151 im\u00e1ds\u00e1gra. H\u00e1romszor \u00f6t perces elcsendesed\u00e9si imagyakorlatot v\u00e9gezt\u00fcnk, amelyek sor\u00e1n megpr\u00f3b\u00e1ltuk a test\u00fcnket elnyugtatni, figyelm\u00fcnket a k\u00fcls\u0151 zajokt\u00f3l f\u00fcggetlen\u00edteni \u00e9s a bens\u0151nkre ir\u00e1ny\u00edtani. A gyerekek eg\u00e9szen meglep\u0151 egy\u00fcttm\u0171k\u00f6d\u00e9ssel \u00e9s fegyelemmel vettek r\u00e9szt ezekben a gyakorlatokban. Ezut\u00e1n k\u00f6vetkezett a gazdag \u00e9s \u00edzletes eb\u00e9d: z\u00f6lds\u00e9gleves \u00e9s bolognai spagetti. A csendes pihen\u0151 alatt t\u00e1rsasj\u00e1t\u00e9koz\u00e1s, sz\u00ednez\u00e9s k\u00f6vetkezett, \u00e9s labd\u00e1z\u00e1s a Brenner J\u00e1nos turistah\u00e1z z\u00f6ld f\u00fcv\u00e9n. A kora d\u00e9lut\u00e1ni \u00f3r\u00e1kban egy l\u00e9p\u00e9ssel tov\u00e1bb haladtunk az ima \u00f6sv\u00e9ny\u00e9n, \u00e9s belek\u00f3stoltunk a bibliai szeml\u00e9l\u0151d\u0151 im\u00e1ba. Az elcsendesed\u00e9s ut\u00e1n egy-egy bibliai szakaszt hallgattunk meg, \u00e9s egy-egy sz\u00f3t, kifejez\u00e9st ragadtunk ki bel\u0151le, amely k\u00fcl\u00f6n\u00f6sen meg\u00e9rintett. Megd\u00f6bbent\u0151 \u00e9lm\u00e9ny volt, hogy mennyire figyelmesek voltak a gyerekek, \u00e9s a legt\u00f6bben val\u00f3ban a saj\u00e1t maguk \u00e1ltal kiv\u00e1lasztott sz\u00f3t, kifejez\u00e9st mondt\u00e1k, alig volt \u00e1tfed\u00e9s, ism\u00e9tl\u0151d\u00e9s. Ezut\u00e1n k\u00f6vetkezett a felszabadult<img decoding=\"async\" class=\"alignright size-medium wp-image-1539\" src=\"https:\/\/altisk-mlak.edu.hu\/wp-content\/uploads\/2023\/07\/ima3-300x169.jpg\" alt=\"\" width=\"300\" height=\"169\" srcset=\"https:\/\/altisk-mlak.edu.hu\/wp-content\/uploads\/2023\/07\/ima3-300x169.jpg 300w, https:\/\/altisk-mlak.edu.hu\/wp-content\/uploads\/2023\/07\/ima3-1024x576.jpg 1024w, https:\/\/altisk-mlak.edu.hu\/wp-content\/uploads\/2023\/07\/ima3-768x432.jpg 768w, https:\/\/altisk-mlak.edu.hu\/wp-content\/uploads\/2023\/07\/ima3-1536x864.jpg 1536w, https:\/\/altisk-mlak.edu.hu\/wp-content\/uploads\/2023\/07\/ima3-1600x900.jpg 1600w, https:\/\/altisk-mlak.edu.hu\/wp-content\/uploads\/2023\/07\/ima3-600x338.jpg 600w, https:\/\/altisk-mlak.edu.hu\/wp-content\/uploads\/2023\/07\/ima3.jpg 2048w\" sizes=\"(max-width: 300px) 100vw, 300px\" \/> j\u00e1t\u00e9k ideje, a sportvet\u00e9lked\u0151. Kov\u00e1cs Attila tan\u00e1r \u00far t\u00edz j\u00e1t\u00e9kb\u00f3l \u00e1ll\u00f3 feladatsort, val\u00f3di t\u00edzpr\u00f3b\u00e1t \u00e1ll\u00edtott \u00f6ssze a t\u00e1boroz\u00f3knak. \u00d6r\u00f6m volt sz\u00e1munkra, hogy ell\u00e1togatott hozz\u00e1nk G\u00e9csek Oliv\u00e9r leend\u0151 testnevel\u0151tan\u00e1r is, aki seg\u00edtett a vet\u00e9lked\u0151 lebonyol\u00edt\u00e1s\u00e1ban. \u00d3ri\u00e1si izgalom \u00e9s k\u00fczdelem zajlott a h\u00e1rom csapat k\u00f6z\u00f6tt. Minden r\u00e9sztvev\u0151 gy\u0151ztesnek tekinthet\u0151, mert tisztess\u00e9gesen helyt \u00e1lltak a nagy k\u00e1nikul\u00e1ban. V\u00e9g\u00fcl a szal\u00e1mis szendvicses uzsonna ut\u00e1n indultunk haza.<\/span><\/p>\n<p class=\"western\" lang=\"hu-HU\" align=\"justify\"><span style=\"font-size: medium;\"><img decoding=\"async\" class=\"alignleft size-medium wp-image-1540\" src=\"https:\/\/altisk-mlak.edu.hu\/wp-content\/uploads\/2023\/07\/ima1-225x300.jpg\" alt=\"\" width=\"225\" height=\"300\" srcset=\"https:\/\/altisk-mlak.edu.hu\/wp-content\/uploads\/2023\/07\/ima1-225x300.jpg 225w, https:\/\/altisk-mlak.edu.hu\/wp-content\/uploads\/2023\/07\/ima1-768x1024.jpg 768w, https:\/\/altisk-mlak.edu.hu\/wp-content\/uploads\/2023\/07\/ima1-1152x1536.jpg 1152w, https:\/\/altisk-mlak.edu.hu\/wp-content\/uploads\/2023\/07\/ima1-450x600.jpg 450w, https:\/\/altisk-mlak.edu.hu\/wp-content\/uploads\/2023\/07\/ima1.jpg 1536w\" sizes=\"(max-width: 225px) 100vw, 225px\" \/>A t\u00e1bor m\u00e1sodik napj\u00e1n K\u0151szegre kir\u00e1ndultunk busszal. Az utaz\u00e1s ideje alatt elim\u00e1dkoztuk a reggeli im\u00e1ds\u00e1got, \u00e9s az \u00darangyala im\u00e1t. Az \u00e9rkez\u00e9s ut\u00e1n sonk\u00e1s zseml\u00e9t \u00e9s kaka\u00f3s csig\u00e1t t\u00edz\u00f3raiztunk, \u00e9s r\u00f6gt\u00f6n indultunk a F\u0151t\u00e9rre, hogy a J\u00e9zus Sz\u00edve templomban tal\u00e1lkozzunk a k\u0151szegi hittant\u00e1borosokkal, \u00e9s k\u00f6z\u00f6s \u00e9nekl\u00e9ssel dics\u0151\u00edts\u00fck a j\u00f3 Istent. P\u00e9csi Judit n\u00e9ni r\u00f6viden ismertette a templom t\u00f6rt\u00e9net\u00e9t, \u00e9s megosztotta vel\u00fcnk szem\u00e9lyes eml\u00e9keit. A nagy h\u0151s\u00e9g miatt az szendvics- eb\u00e9det a F\u0151t\u00e9r f\u00e1inak \u00e1rny\u00e9k\u00e1ban k\u00f6lt\u00f6tt\u00fck el, \u00e9s Kati n\u00e9ni mindenkit megvend\u00e9gelt egy h\u0171s\u00edt\u0151 fagyival. Eb\u00e9d ut\u00e1n busszal Velembe utaztunk, ahol megn\u00e9zt\u00fck a Stirling-villa kertj\u00e9ben azt a bunkert, ahol 1943-44 fordul\u00f3j\u00e1n h\u00e1rom h\u00f3napon \u00e1t a magyar szent koron\u00e1t \u0151rizt\u00e9k. Mindny\u00e1junkat meg\u00e9rintett a hely tragikus komolys\u00e1ga, amikor megillet\u0151dve bel\u00e9pt\u00fcnk a f\u00f6ld al\u00e1 vezet\u0151 folyos\u00f3 bej\u00e1rat\u00e1n. Ezut\u00e1n a busz elindult hazafel\u00e9, \u00e9s a r\u00f6n\u00f6ki Sz\u00e9kely tany\u00e1n v\u00e1rt benn\u00fcnket a finom vacsora: guly\u00e1sleves \u00e9s lekv\u00e1ros \u00e9s csokis palacsinta. A forr\u00f3s\u00e1gt\u00f3l elpilledve \u00e9rt\u00fcnk haza, \u00e9s az iskola bej\u00e1rat\u00e1n\u00e1l m\u00e1r v\u00e1rt\u00e1k gyermekeiket a sz\u00fcl\u0151k. <\/span><\/p>\n<p class=\"western\" lang=\"hu-HU\" align=\"justify\"><span style=\"font-size: medium;\">A t\u00e1bor harmadik napja az \u0151rangyal nev\u00e9nek kih\u00faz\u00e1sa ut\u00e1n k\u00e9zm\u0171ves foglalkoz\u00e1ssal kezd\u0151d\u00f6tt: a csapat fel\u00e9vel Kiss Kati n\u00e9ni osty\u00e1t k\u00e9sz\u00edtett, a m\u00e1sik fel\u00e9vel Kov\u00e1cs Zsuzsa n\u00e9ni gy\u00f6ngyf\u0171z\u00e9ssel nyakba akaszthat\u00f3 keresztet k\u00e9sz\u00edtett. Az ostyas\u00fct\u00e9s sor\u00e1n k\u00e9sz\u00fclt finom vir\u00e1gmint\u00e1s sajtos tall\u00e9r ropogtattuk eg\u00e9szen az eb\u00e9dig, a gy\u00f6ngyf\u0171z\u00e9s eredm\u00e9nye pedig a sok gy\u00f6ny\u00f6r\u0171 szat\u00e9nszalagon nyakban viselt kereszt lett, amely a t\u00e1bor jelk\u00e9pe is lehetett volna. A gy\u00f6ngyf\u0171z\u00e9s nem akart v\u00e9get \u00e9rni: a r\u00e1ntotta-t\u00edz\u00f3rai ideje alatt \u00e9s a k\u00f6vetkez\u0151 ima alatt is le\u00e1ll\u00edthatatlanul folytat\u00f3dott, am\u00edg mindenkinek a nyak\u00e1ban nem l\u00f3gott a gy\u00f6ngy-keresztje. Az ima\u00f6sv\u00e9ny k\u00f6vetkez\u0151 \u00e1llom\u00e1sa a zsolozsma ima meg\u00edzlel\u00e9se volt. K\u00e9t csoportra osztva egym\u00e1snak v\u00e1laszolva im\u00e1dkoztuk a zsolt\u00e1rokat, majd a d\u00e9li harangsz\u00f3ra az \u00darangyala im\u00e1t mondtuk el egy\u00fctt. Arra azonban senki sem sz\u00e1m\u00edtott, hogy az igazi izgalmak csak ezut\u00e1n k\u00f6vetkeznek! A fejedelmi eb\u00e9d gy\u00fcm\u00f6lcslevesb\u0151l, r\u00e1ntott csirk\u00e9b\u0151l \u00e9s s\u00fclt krumplib\u00f3l \u00e1llt. Az eb\u00e9d v\u00e9g\u00e9re Zoli b\u00e1csi hozta a h\u00edrt, hogy ork\u00e1nszer\u0171, j\u00e9ges\u0151vel fenyeget\u0151 vihar k\u00f6zeleg fel\u00e9nk, ami \u00e9ppen akkor fog ide \u00e9rni, amikor a t\u00e1borz\u00e1r\u00f3 szentmise kezd\u0151dik. A csendes pihen\u0151 ideje alatt a feln\u0151ttek m\u00e1r elkezdt\u00e9k a t\u00e1bor sz\u00e9tbont\u00e1s\u00e1t, hogy ha az id\u0151j\u00e1r\u00e1s jelent\u00e9s beigazol\u00f3dik, gyorsan fedett helyre tudjunk menni. A gyerekek sz\u00e1m\u00e1ra meglepet\u00e9sk\u00e9nt megl\u00e1togatott benn\u00fcnket az egyik els\u0151s kisfi\u00fa \u00e9desanyja, Zs\u00f3fi n\u00e9ni, aki heged\u0171j\u00e9vel nemcsak koncertet adott nek\u00fcnk, nemcsak megismertette a heged\u0171t mint hangszert a gyerekekkel, hanem minden jelentkez\u0151 ki is pr\u00f3b\u00e1lhatta a csod\u00e1latos hang\u00fa sz\u00e1z \u00e9ves hangszert. A kora d\u00e9lut\u00e1ni \u00f3r\u00e1kban m\u00e1r l\u00e1tszott, hogy gy\u0171lnek a fekete felh\u0151k, \u00e9s fel\u00e9ledt a viharos sz\u00e9l is, \u00fagyhogy elindultunk a t\u00e1borhelyr\u0151l a templomba, \u00e9s a templom l\u00e9pcs\u0151j\u00e9n tal\u00e1ltuk ki, hogy kinek ki lehetett aznap az \u0151rangyala, majd elk\u00f6lt\u00f6tt\u00fck t\u00far\u00f3s r\u00e9tesb\u0151l \u00e9s pog\u00e1cs\u00e1b\u00f3l \u00e1ll\u00f3 uzsonn\u00e1nkat. A szentmise kezdetekor m\u00e1r esti s\u00f6t\u00e9ts\u00e9g vett minket k\u00f6r\u00fcl, \u00e9s felh\u0151szakad\u00e1s el\u0151l a templom v\u00e9delmez\u0151 falai k\u00f6z\u00e9 menek\u00fclt\u00fcnk. A t\u00e1borz\u00e1r\u00f3 szentmis\u00e9n h\u00e1l\u00e1t adtunk Istennek a t\u00e1borban \u00e1t\u00e9lt sok sz\u00e9p \u00e9lm\u00e9ny\u00e9rt, \u00e9s megeml\u00e9kezt\u00fcnk Szent Orb\u00e1nr\u00f3l, a sz\u0151l\u0151m\u0171vesek v\u00e9d\u0151szentj\u00e9r\u0151l is. A szentmis\u00e9t pazar gazdags\u00e1g\u00fa szeretetlakoma k\u00f6vette, amelyen a sz\u00fcl\u0151k, \u00e9s ismer\u0151s\u00f6k is r\u00e9szt vettek.<\/span><\/p>\n<table style=\"border-collapse: collapse; width: 100%;\">\n<tbody>\n<tr>\n<td style=\"width: 50%;\"><img loading=\"lazy\" decoding=\"async\" class=\"alignleft size-medium wp-image-1542\" src=\"https:\/\/altisk-mlak.edu.hu\/wp-content\/uploads\/2023\/07\/ima4-300x225.jpg\" alt=\"\" width=\"300\" height=\"225\" srcset=\"https:\/\/altisk-mlak.edu.hu\/wp-content\/uploads\/2023\/07\/ima4-300x225.jpg 300w, https:\/\/altisk-mlak.edu.hu\/wp-content\/uploads\/2023\/07\/ima4-1024x768.jpg 1024w, https:\/\/altisk-mlak.edu.hu\/wp-content\/uploads\/2023\/07\/ima4-768x576.jpg 768w, https:\/\/altisk-mlak.edu.hu\/wp-content\/uploads\/2023\/07\/ima4-1536x1152.jpg 1536w, https:\/\/altisk-mlak.edu.hu\/wp-content\/uploads\/2023\/07\/ima4-600x450.jpg 600w, https:\/\/altisk-mlak.edu.hu\/wp-content\/uploads\/2023\/07\/ima4.jpg 2000w\" sizes=\"(max-width: 300px) 100vw, 300px\" \/><\/td>\n<td style=\"width: 50%;\"><img loading=\"lazy\" decoding=\"async\" class=\"alignright wp-image-1543 size-medium\" src=\"https:\/\/altisk-mlak.edu.hu\/wp-content\/uploads\/2023\/07\/ima5-300x225.jpg\" alt=\"\" width=\"300\" height=\"225\" srcset=\"https:\/\/altisk-mlak.edu.hu\/wp-content\/uploads\/2023\/07\/ima5-300x225.jpg 300w, https:\/\/altisk-mlak.edu.hu\/wp-content\/uploads\/2023\/07\/ima5-1024x768.jpg 1024w, https:\/\/altisk-mlak.edu.hu\/wp-content\/uploads\/2023\/07\/ima5-768x576.jpg 768w, https:\/\/altisk-mlak.edu.hu\/wp-content\/uploads\/2023\/07\/ima5-1536x1152.jpg 1536w, https:\/\/altisk-mlak.edu.hu\/wp-content\/uploads\/2023\/07\/ima5-600x450.jpg 600w, https:\/\/altisk-mlak.edu.hu\/wp-content\/uploads\/2023\/07\/ima5.jpg 2000w\" sizes=\"(max-width: 300px) 100vw, 300px\" \/><\/td>\n<\/tr>\n<\/tbody>\n<\/table>\n<p class=\"western\" lang=\"hu-HU\" align=\"justify\"><span style=\"font-size: medium;\">H\u00e1l\u00e1t adunk Istennek, \u00e9s k\u00f6sz\u00f6nj\u00fck, hogy az ima \u00f6sv\u00e9nyein tal\u00e1n egy kicsit k\u00f6zelebb ker\u00fclhett\u00fcnk Istenhez, megtapasztalhattunk valamit Isten jelenl\u00e9t\u00e9b\u0151l! K\u00f6sz\u00f6nj\u00fck, hogy ism\u00e9t felejthetetlen napokon vehett\u00fcnk r\u00e9szt!<\/span><\/p>\n<p lang=\"hu-HU\" style=\"text-align: right;\" align=\"justify\"><em>\u00c1gnes n\u0151v\u00e9r<\/em><\/p>\n","protected":false},"excerpt":{"rendered":"<p>Iskol\u00e1nk 2023. \u00e9vi ny\u00e1ri hittant\u00e1bor\u00e1nak neve: Az ima \u00f6sv\u00e9nyein. A n\u00e9v jelk\u00e9pet hordoz. Arra utal, hogy az ima kapcsolatfelv\u00e9tel Istennel: sz\u00f3lunk Istenhez, \u00e9s v\u00e1rjuk, hogy Isten sz\u00f3ljon hozz\u00e1nk, ugyanakkor \u00fat, amelyen el<a class=\"moretag\" href=\"https:\/\/altisk-mlak.edu.hu\/index.php\/az-ima-osvenyein\/\">Read More&#8230;<\/a><\/p>\n","protected":false},"author":3,"featured_media":0,"comment_status":"closed","ping_status":"closed","sticky":false,"template":"","format":"standard","meta":{"two_page_speed":[],"footnotes":""},"categories":[1],"tags":[],"class_list":["post-1538","post","type-post","status-publish","format-standard","hentry","category-egyeb"],"_links":{"self":[{"href":"https:\/\/altisk-mlak.edu.hu\/index.php\/wp-json\/wp\/v2\/posts\/1538","targetHints":{"allow":["GET"]}}],"collection":[{"href":"https:\/\/altisk-mlak.edu.hu\/index.php\/wp-json\/wp\/v2\/posts"}],"about":[{"href":"https:\/\/altisk-mlak.edu.hu\/index.php\/wp-json\/wp\/v2\/types\/post"}],"author":[{"embeddable":true,"href":"https:\/\/altisk-mlak.edu.hu\/index.php\/wp-json\/wp\/v2\/users\/3"}],"replies":[{"embeddable":true,"href":"https:\/\/altisk-mlak.edu.hu\/index.php\/wp-json\/wp\/v2\/comments?post=1538"}],"version-history":[{"count":1,"href":"https:\/\/altisk-mlak.edu.hu\/index.php\/wp-json\/wp\/v2\/posts\/1538\/revisions"}],"predecessor-version":[{"id":1544,"href":"https:\/\/altisk-mlak.edu.hu\/index.php\/wp-json\/wp\/v2\/posts\/1538\/revisions\/1544"}],"wp:attachment":[{"href":"https:\/\/altisk-mlak.edu.hu\/index.php\/wp-json\/wp\/v2\/media?parent=1538"}],"wp:term":[{"taxonomy":"category","embeddable":true,"href":"https:\/\/altisk-mlak.edu.hu\/index.php\/wp-json\/wp\/v2\/categories?post=1538"},{"taxonomy":"post_tag","embeddable":true,"href":"https:\/\/altisk-mlak.edu.hu\/index.php\/wp-json\/wp\/v2\/tags?post=1538"}],"curies":[{"name":"wp","href":"https:\/\/api.w.org\/{rel}","templated":true}]}}