{"id":1546,"date":"2023-07-13T23:01:31","date_gmt":"2023-07-13T23:01:31","guid":{"rendered":"https:\/\/altisk-mlak.edu.hu\/?p=1546"},"modified":"2023-08-17T08:42:16","modified_gmt":"2023-08-17T08:42:16","slug":"oraado-allas","status":"publish","type":"post","link":"https:\/\/altisk-mlak.edu.hu\/index.php\/oraado-allas\/","title":{"rendered":"\u00d3raad\u00f3 \u00e1ll\u00e1s!"},"content":{"rendered":"<p align=\"center\"><span style=\"color: #2f5496;\"><span style=\"font-family: Microsoft PhagsPa, serif;\"><span style=\"font-size: x-large;\">A Szent Gotth\u00e1rd \u00c1ltal\u00e1nos Iskola \u00e9s Gimn\u00e1zium Magyarlak-Cs\u00f6r\u00f6tnek \u00c1ltal\u00e1nos Iskol\u00e1ja <\/span><\/span><\/span><span style=\"color: #2f5496;\"><span style=\"font-family: Microsoft PhagsPa, serif;\"><span style=\"font-size: x-large;\"><b>T\u00d6RT\u00c9NELEM <\/b><\/span><\/span><\/span><span style=\"color: #2f5496;\"><span style=\"font-family: Microsoft PhagsPa, serif;\"><span style=\"font-size: x-large;\">szakos \u00f3raad\u00f3 tan\u00e1rt keres a 2023\/2024. tan\u00e9vt\u0151l.<\/span><\/span><\/span><\/p>\n<p align=\"center\">\n<p align=\"center\"><span style=\"color: #2f5496;\"><span style=\"font-family: Microsoft PhagsPa, serif;\"><span style=\"font-size: x-large;\">\u00c9rdekl\u0151dni Mezein\u00e9 Kiss Katalin tagint\u00e9zm\u00e9ny-vezet\u0151n\u00e9l az al\u00e1bbi el\u00e9rhet\u0151s\u00e9geken: <\/span><\/span><\/span><\/p>\n<p align=\"center\">\n<p align=\"center\"><span style=\"color: #2f5496;\"><span style=\"font-family: Microsoft PhagsPa, serif;\"><span style=\"font-size: x-large;\"><b>Telefon:<\/b><\/span><\/span><\/span><span style=\"color: #2f5496;\"><span style=\"font-family: Microsoft PhagsPa, serif;\"><span style=\"font-size: x-large;\"> +36 20\u00a0997 3810<\/span><\/span><\/span><\/p>\n<p align=\"center\"><span style=\"color: #2f5496;\"><span style=\"font-family: Microsoft PhagsPa, serif;\"><span style=\"font-size: x-large;\"><b>E-mail:<\/b><\/span><\/span><\/span><span style=\"color: #2f5496;\"><span style=\"font-family: Microsoft PhagsPa, serif;\"><span style=\"font-size: x-large;\"> altiskmagyarlak@gmail.com<\/span><\/span><\/span><\/p>\n<p align=\"center\">\n<img fetchpriority=\"high\" decoding=\"async\" class=\"size-medium wp-image-1547 aligncenter\" src=\"https:\/\/altisk-mlak.edu.hu\/wp-content\/uploads\/2023\/07\/konyvek-300x300.png\" alt=\"\" width=\"300\" height=\"300\" srcset=\"https:\/\/altisk-mlak.edu.hu\/wp-content\/uploads\/2023\/07\/konyvek-300x300.png 300w, https:\/\/altisk-mlak.edu.hu\/wp-content\/uploads\/2023\/07\/konyvek-150x150.png 150w, https:\/\/altisk-mlak.edu.hu\/wp-content\/uploads\/2023\/07\/konyvek.png 384w\" sizes=\"(max-width: 300px) 100vw, 300px\" \/><\/p>\n<p>&nbsp;<\/p>\n<p align=\"center\"><span style=\"color: #2f5496;\"><span style=\"font-family: Microsoft PhagsPa, serif;\"><span style=\"font-size: x-large;\">K\u00f6sz\u00f6nj\u00fck sz\u00e9pen a seg\u00edt\u0151 k\u00f6zrem\u0171k\u00f6d\u00e9st \u00e9s a megoszt\u00e1st! <\/span><\/span><\/span><\/p>\n","protected":false},"excerpt":{"rendered":"<p>A Szent Gotth\u00e1rd \u00c1ltal\u00e1nos Iskola \u00e9s Gimn\u00e1zium Magyarlak-Cs\u00f6r\u00f6tnek \u00c1ltal\u00e1nos Iskol\u00e1ja T\u00d6RT\u00c9NELEM szakos \u00f3raad\u00f3 tan\u00e1rt keres a 2023\/2024. tan\u00e9vt\u0151l. \u00c9rdekl\u0151dni Mezein\u00e9 Kiss Katalin tagint\u00e9zm\u00e9ny-vezet\u0151n\u00e9l az al\u00e1bbi el\u00e9rhet\u0151s\u00e9geken: Telefon: +36 20\u00a0997 3810 E-mail: altiskmagyarlak@gmail.com<a class=\"moretag\" href=\"https:\/\/altisk-mlak.edu.hu\/index.php\/oraado-allas\/\">Read More&#8230;<\/a><\/p>\n","protected":false},"author":3,"featured_media":0,"comment_status":"closed","ping_status":"closed","sticky":false,"template":"","format":"standard","meta":{"two_page_speed":[],"footnotes":""},"categories":[1],"tags":[],"class_list":["post-1546","post","type-post","status-publish","format-standard","hentry","category-egyeb"],"_links":{"self":[{"href":"https:\/\/altisk-mlak.edu.hu\/index.php\/wp-json\/wp\/v2\/posts\/1546","targetHints":{"allow":["GET"]}}],"collection":[{"href":"https:\/\/altisk-mlak.edu.hu\/index.php\/wp-json\/wp\/v2\/posts"}],"about":[{"href":"https:\/\/altisk-mlak.edu.hu\/index.php\/wp-json\/wp\/v2\/types\/post"}],"author":[{"embeddable":true,"href":"https:\/\/altisk-mlak.edu.hu\/index.php\/wp-json\/wp\/v2\/users\/3"}],"replies":[{"embeddable":true,"href":"https:\/\/altisk-mlak.edu.hu\/index.php\/wp-json\/wp\/v2\/comments?post=1546"}],"version-history":[{"count":1,"href":"https:\/\/altisk-mlak.edu.hu\/index.php\/wp-json\/wp\/v2\/posts\/1546\/revisions"}],"predecessor-version":[{"id":1548,"href":"https:\/\/altisk-mlak.edu.hu\/index.php\/wp-json\/wp\/v2\/posts\/1546\/revisions\/1548"}],"wp:attachment":[{"href":"https:\/\/altisk-mlak.edu.hu\/index.php\/wp-json\/wp\/v2\/media?parent=1546"}],"wp:term":[{"taxonomy":"category","embeddable":true,"href":"https:\/\/altisk-mlak.edu.hu\/index.php\/wp-json\/wp\/v2\/categories?post=1546"},{"taxonomy":"post_tag","embeddable":true,"href":"https:\/\/altisk-mlak.edu.hu\/index.php\/wp-json\/wp\/v2\/tags?post=1546"}],"curies":[{"name":"wp","href":"https:\/\/api.w.org\/{rel}","templated":true}]}}