{"id":1552,"date":"2023-08-23T09:30:50","date_gmt":"2023-08-23T09:30:50","guid":{"rendered":"https:\/\/altisk-mlak.edu.hu\/?p=1552"},"modified":"2023-09-01T11:12:08","modified_gmt":"2023-09-01T11:12:08","slug":"tanevkezdesi-tudnivalok","status":"publish","type":"post","link":"https:\/\/altisk-mlak.edu.hu\/index.php\/tanevkezdesi-tudnivalok\/","title":{"rendered":"Tan\u00e9vkezd\u00e9si tudnival\u00f3k"},"content":{"rendered":"<p align=\"center\"><span style=\"color: #ff0000;\"><span style=\"font-family: Arial, serif;\"><span style=\"font-size: x-large;\"><b>Magyarlak-Cs\u00f6r\u00f6tnek \u00c1ltal\u00e1nos Iskol\u00e1ja k\u00f6zlem\u00e9nye<\/b><\/span><\/span><\/span><\/p>\n<p align=\"center\"><span style=\"font-family: Arial, serif;\"><span style=\"font-size: medium;\"><b>Kedves Gyerekek! Tisztelt Sz\u00fcl\u0151k!<\/b><\/span><\/span><\/p>\n<p align=\"justify\"><span style=\"font-family: Arial, serif;\"><span style=\"font-size: medium;\">Lassan v\u00e9get \u00e9r a ny\u00e1ri sz\u00fcnet. A tan\u00e9vkezd\u00e9sr\u0151l az al\u00e1bbiakat kell tudni:<\/span><\/span><\/p>\n<p align=\"justify\"><span style=\"font-family: Arial, serif;\"><span style=\"font-size: medium;\"><b>Az 1. tan\u00edt\u00e1si nap 2023. szeptember 1. (p\u00e9ntek). <\/b><\/span><\/span><\/p>\n<p align=\"justify\"><span style=\"font-family: Arial, serif;\"><span style=\"font-size: medium;\"><b>Az els\u0151s tanul\u00f3k befogad\u00f3 \u00fcnneps\u00e9ge a<\/b><\/span><\/span> <span style=\"font-family: Arial, serif;\"><span style=\"font-size: medium;\"><b>magyarlaki tagint\u00e9zm\u00e9nyben 7.50-kor<\/b><\/span><\/span><span style=\"font-family: Arial, serif;\"><span style=\"font-size: medium;\">, <\/span><\/span><span style=\"font-family: Arial, serif;\"><span style=\"font-size: medium;\"><b>a r\u00e1bagyarmati telephelyen 8.30-kor<\/b><\/span><\/span><span style=\"font-family: Arial, serif;\"><span style=\"font-size: medium;\"> kezd\u0151dik.<\/span><\/span><\/p>\n<p align=\"justify\"><span style=\"font-family: Arial, serif;\"><span style=\"font-size: medium;\">K\u00e9rj\u00fck, hogy a gyermekek <\/span><\/span><span style=\"font-family: Arial, serif;\"><span style=\"font-size: medium;\"><b>alkalomhoz ill\u0151, \u00fcnnepi ruh\u00e1ban (feh\u00e9r bl\u00faz\/ing, s\u00f6t\u00e9t szoknya\/nadr\u00e1g)<\/b><\/span><\/span><span style=\"font-family: Arial, serif;\"><span style=\"font-size: medium;\"> jelenjenek meg!<\/span><\/span><\/p>\n<p align=\"justify\"><span style=\"font-family: Arial, serif;\"><span style=\"font-size: medium;\">Az \u00fcnneps\u00e9g ut\u00e1n n\u00e9gy oszt\u00e1lyf\u0151n\u00f6ki \u00f3r\u00e1t tartunk, e napon <\/span><\/span><span style=\"font-family: Arial, serif;\"><span style=\"font-size: medium;\"><b>nincs napk\u00f6zi \u00e9s tanul\u00f3szoba<\/b><\/span><\/span><span style=\"font-family: Arial, serif;\"><span style=\"font-size: medium;\">. <\/span><\/span><span style=\"font-family: Arial, serif;\"><span style=\"font-size: medium;\"><b>A tanul\u00f3k 11.30 \u00f3rakor hazamennek. <\/b><\/span><\/span><\/p>\n<p align=\"justify\"><span style=\"font-family: Arial, serif;\"><span style=\"font-size: medium;\">A <\/span><\/span><span style=\"font-family: Arial, serif;\"><span style=\"font-size: medium;\"><b>Veni Sancte \u00fcnnepi szentmise \u00e9s tan\u00e9vnyit\u00f3 \u00fcnneps\u00e9g 2023. szeptember 3-\u00e1n (vas\u00e1rnap) 9.30-kor<\/b><\/span><\/span><span style=\"font-family: Arial, serif;\"><span style=\"font-size: medium;\"> kezd\u0151dik <\/span><\/span><span style=\"font-family: Arial, serif;\"><span style=\"font-size: medium;\"><b>a cs\u00f6r\u00f6tneki \u00d6r\u00f6k Ige templomban<\/b><\/span><\/span><span style=\"font-family: Arial, serif;\"><span style=\"font-size: medium;\">. <\/span><\/span><\/p>\n<p align=\"justify\"><span style=\"font-family: Arial, serif;\"><span style=\"font-size: medium;\">A bej\u00e1r\u00f3 tanul\u00f3k sz\u00e1m\u00e1ra iskolabusz szolg\u00e1ltat\u00e1st biztos\u00edtunk, az ig\u00e9nyeket az oszt\u00e1lyf\u0151n\u00f6k\u00f6kn\u00e9l jelezz\u00e9k. <\/span><\/span><\/p>\n<p align=\"justify\"><span style=\"font-family: Arial, serif;\"><span style=\"font-size: medium;\">K\u00e9rj\u00fck, hogy a gyermekek <\/span><\/span><span style=\"font-family: Arial, serif;\"><span style=\"font-size: medium;\"><b>alkalomhoz ill\u0151, \u00fcnnepi ruh\u00e1ban (feh\u00e9r bl\u00faz\/ing, s\u00f6t\u00e9t szoknya\/nadr\u00e1g)<\/b><\/span><\/span><span style=\"font-family: Arial, serif;\"><span style=\"font-size: medium;\"> jelenjenek meg!<\/span><\/span><\/p>\n<p align=\"justify\"><span style=\"font-family: Arial, serif;\"><span style=\"font-size: medium;\">Mindk\u00e9t alkalomra szeretettel v\u00e1rjuk a sz\u00fcl\u0151ket, nagysz\u00fcl\u0151ket \u00e9s az egyh\u00e1zk\u00f6zs\u00e9g tagjait!<\/span><\/span><\/p>\n<p align=\"center\"><span style=\"font-family: Arial, serif;\"><span style=\"font-size: x-large;\"><b>J\u00c9ZUS T\u00c9GED IS V\u00c1R!<\/b><\/span><\/span><\/p>\n<p align=\"center\"><img fetchpriority=\"high\" decoding=\"async\" class=\"aligncenter size-medium wp-image-1553\" src=\"https:\/\/altisk-mlak.edu.hu\/wp-content\/uploads\/2023\/08\/iskolakezdes-300x227.png\" alt=\"\" width=\"300\" height=\"227\" srcset=\"https:\/\/altisk-mlak.edu.hu\/wp-content\/uploads\/2023\/08\/iskolakezdes-300x227.png 300w, https:\/\/altisk-mlak.edu.hu\/wp-content\/uploads\/2023\/08\/iskolakezdes-600x454.png 600w, https:\/\/altisk-mlak.edu.hu\/wp-content\/uploads\/2023\/08\/iskolakezdes.png 630w\" sizes=\"(max-width: 300px) 100vw, 300px\" \/><\/p>\n","protected":false},"excerpt":{"rendered":"<p>Magyarlak-Cs\u00f6r\u00f6tnek \u00c1ltal\u00e1nos Iskol\u00e1ja k\u00f6zlem\u00e9nye Kedves Gyerekek! Tisztelt Sz\u00fcl\u0151k! Lassan v\u00e9get \u00e9r a ny\u00e1ri sz\u00fcnet. A tan\u00e9vkezd\u00e9sr\u0151l az al\u00e1bbiakat kell tudni: Az 1. tan\u00edt\u00e1si nap 2023. szeptember 1. (p\u00e9ntek). Az els\u0151s tanul\u00f3k befogad\u00f3<a class=\"moretag\" href=\"https:\/\/altisk-mlak.edu.hu\/index.php\/tanevkezdesi-tudnivalok\/\">Read More&#8230;<\/a><\/p>\n","protected":false},"author":3,"featured_media":0,"comment_status":"closed","ping_status":"closed","sticky":false,"template":"","format":"standard","meta":{"two_page_speed":[],"footnotes":""},"categories":[1],"tags":[],"class_list":["post-1552","post","type-post","status-publish","format-standard","hentry","category-egyeb"],"_links":{"self":[{"href":"https:\/\/altisk-mlak.edu.hu\/index.php\/wp-json\/wp\/v2\/posts\/1552","targetHints":{"allow":["GET"]}}],"collection":[{"href":"https:\/\/altisk-mlak.edu.hu\/index.php\/wp-json\/wp\/v2\/posts"}],"about":[{"href":"https:\/\/altisk-mlak.edu.hu\/index.php\/wp-json\/wp\/v2\/types\/post"}],"author":[{"embeddable":true,"href":"https:\/\/altisk-mlak.edu.hu\/index.php\/wp-json\/wp\/v2\/users\/3"}],"replies":[{"embeddable":true,"href":"https:\/\/altisk-mlak.edu.hu\/index.php\/wp-json\/wp\/v2\/comments?post=1552"}],"version-history":[{"count":1,"href":"https:\/\/altisk-mlak.edu.hu\/index.php\/wp-json\/wp\/v2\/posts\/1552\/revisions"}],"predecessor-version":[{"id":1554,"href":"https:\/\/altisk-mlak.edu.hu\/index.php\/wp-json\/wp\/v2\/posts\/1552\/revisions\/1554"}],"wp:attachment":[{"href":"https:\/\/altisk-mlak.edu.hu\/index.php\/wp-json\/wp\/v2\/media?parent=1552"}],"wp:term":[{"taxonomy":"category","embeddable":true,"href":"https:\/\/altisk-mlak.edu.hu\/index.php\/wp-json\/wp\/v2\/categories?post=1552"},{"taxonomy":"post_tag","embeddable":true,"href":"https:\/\/altisk-mlak.edu.hu\/index.php\/wp-json\/wp\/v2\/tags?post=1552"}],"curies":[{"name":"wp","href":"https:\/\/api.w.org\/{rel}","templated":true}]}}