{"id":1556,"date":"2023-09-01T11:17:29","date_gmt":"2023-09-01T11:17:29","guid":{"rendered":"https:\/\/altisk-mlak.edu.hu\/?p=1556"},"modified":"2023-09-04T08:16:33","modified_gmt":"2023-09-04T08:16:33","slug":"befogado-unnepseg","status":"publish","type":"post","link":"https:\/\/altisk-mlak.edu.hu\/index.php\/befogado-unnepseg\/","title":{"rendered":"Befogad\u00f3 \u00fcnneps\u00e9g"},"content":{"rendered":"<p style=\"text-align: justify;\">A Magyarlak-Cs\u00f6r\u00f6tnek \u00c1ltal\u00e1nos Iskol\u00e1ban m\u00e1r hagyom\u00e1nyoss\u00e1 v\u00e1lt, hogy a tan\u00e9v els\u0151 napj\u00e1n befogad\u00f3 \u00fcnneps\u00e9get tartanak az \u00fajonnan \u00e9rkez\u0151 tanul\u00f3k sz\u00e1m\u00e1ra. A 2023\/2024-es tan\u00e9vet 12 els\u0151s tanul\u00f3 kezdte, \u00e9s \u00e9rkezett gyermek az \u00f6t\u00f6dik \u00e9vfolyamba is. Az \u00fcnneps\u00e9g a Himnusz el\u00e9nekl\u00e9s\u00e9vel vette kezdet\u00e9t. A tagint\u00e9zm\u00e9ny irodalmi szakk\u00f6r\u00f6s tanul\u00f3i: Mesits Patr\u00edcia, Horv\u00e1th Lilla, Horv\u00e1th Judit \u00e9s Racker Elizabet alkalomhoz ill\u0151 versekkel fogadt\u00e1k az \u00faj tanul\u00f3kat. A kis els\u0151s\u00f6k is k\u00e9sz\u00fcltek a nagy napra, minden gyermek \u00fcgyesen \u00e9s b\u00e1tran adta el\u0151 versik\u00e9j\u00e9t. Mezein\u00e9 Kiss Katalin tagint\u00e9zm\u00e9ny-vezet\u0151 Maria Montessori gy\u00f6ny\u00f6r\u0171 soraival k\u00f6sz\u00f6nt\u00f6tte a gyermekeket, sz\u00fcl\u0151ket, nagysz\u00fcl\u0151ket, vend\u00e9geket \u00e9s koll\u00e9g\u00e1kat:<br \/>\n<em>\u201cA gyermek a legt\u00f6k\u00e9letesebb teremtm\u00e9ny, mert egyed\u00fcl \u0151 tudja megalkotni saj\u00e1t egy\u00e9nis\u00e9g\u00e9t. A gyermek lelke l\u00e1gy viaszhoz vagy feh\u00e9r pap\u00edrhoz hasonl\u00f3, ahov\u00e1 mag\u00e1nak a gyermeknek kell belev\u00e9sni a k\u00e9pzeteket.\u201d<br \/>\n<\/em>K\u00fcl\u00f6n \u00fcdv\u00f6z\u00f6lte a kis els\u0151s\u00f6ket: <em>\u201eKedves kis els\u0151s\u00f6k, \u00c1d\u00e1m, Amira, Bal\u00e1zs, Gr\u00e9ta, Hanna, Jutocsa, Kiara, Mirk\u00f3, Noel, Szofia, Vikt\u00f3ria, Zo\u00e9! Isten hozott Benneteket Magyarlak-Cs\u00f6r\u00f6tnek \u00c1ltal\u00e1nos Iskol\u00e1j\u00e1ban! A mai napt\u00f3l kezdve tem\u00e9rdek izgalmas dolog v\u00e1r r\u00e1tok, Ildi n\u00e9ni bevezet majd Titeket az olvas\u00e1s, a sz\u00e1mok \u00e9s a bet\u0171k var\u00e1zslatos vil\u00e1g\u00e1ba. \u0150 lesz az a tan\u00edt\u00f3 n\u00e9ni sz\u00e1motokra, aki f\u00e9lt\u0151 gondoskod\u00e1ssal \u00e9s szeretettel \u00f3v majd Benneteket, vigy\u00e1z r\u00e1tok, \u00e9s az iskol\u00e1ban kicsit az anyuk\u00e1tok is lesz. Zoli b\u00e1csi elk\u00eds\u00e9r majd benneteket az eb\u00e9dl\u0151be, ut\u00e1na j\u00f3kat j\u00e1tszik veletek \u00e9s egy\u00fctt megtanulj\u00e1tok a feladott leck\u00e9ket.\u201d <\/em><\/p>\n<p style=\"text-align: justify;\">A vezet\u0151 k\u00e9rte a sz\u00fcl\u0151ket, hogy higgyenek gyermekeikben, \u00e9s biztass\u00e1k, \u00f6szt\u00f6n\u00f6zz\u00e9k \u0151ket, hogy menni fog. Arra is buzd\u00edtotta \u0151ket, hogy tarts\u00e1k a kapcsolatot az int\u00e9zm\u00e9ny pedag\u00f3gusaival, merjenek k\u00e9rdezni, b\u00e1tran k\u00e9rj\u00e9k seg\u00edts\u00e9g\u00fcket. A fels\u0151bb \u00e9vesekhez is sz\u00f3lt \u00e9s \u00f6r\u00f6mmel osztotta meg, hogy a nevel\u0151test\u00fclet \u00e1ltal \u00f6ssze\u00e1ll\u00edtott \u00e9ves program tele lesz \u00e9rt\u00e9kteremt\u0151 k\u00f6rnyezetv\u00e9delmi, eg\u00e9szs\u00e9gmeg\u0151rz\u0151, kultur\u00e1lis, vall\u00e1si \u00e9s sportrendezv\u00e9nyekkel. Kiemelte, hogy az a legfontosabb, hogy a tanul\u00f3k nap mint nap szeretettel j\u00f6jjetek iskol\u00e1ba, \u00e9s a tanul\u00e1sra motiv\u00e1ltak legyenek.<\/p>\n<table style=\"border-collapse: collapse; width: 100%;\">\n<tbody>\n<tr>\n<td style=\"width: 33.3333%;\"><img fetchpriority=\"high\" decoding=\"async\" class=\"aligncenter wp-image-1567 size-medium\" src=\"https:\/\/altisk-mlak.edu.hu\/wp-content\/uploads\/2023\/09\/IMG_20230901_124304-300x294.jpg\" alt=\"\" width=\"300\" height=\"294\" srcset=\"https:\/\/altisk-mlak.edu.hu\/wp-content\/uploads\/2023\/09\/IMG_20230901_124304-300x294.jpg 300w, https:\/\/altisk-mlak.edu.hu\/wp-content\/uploads\/2023\/09\/IMG_20230901_124304-1024x1003.jpg 1024w, https:\/\/altisk-mlak.edu.hu\/wp-content\/uploads\/2023\/09\/IMG_20230901_124304-768x752.jpg 768w, https:\/\/altisk-mlak.edu.hu\/wp-content\/uploads\/2023\/09\/IMG_20230901_124304-1536x1504.jpg 1536w, https:\/\/altisk-mlak.edu.hu\/wp-content\/uploads\/2023\/09\/IMG_20230901_124304-2048x2005.jpg 2048w, https:\/\/altisk-mlak.edu.hu\/wp-content\/uploads\/2023\/09\/IMG_20230901_124304-600x587.jpg 600w\" sizes=\"(max-width: 300px) 100vw, 300px\" \/><\/td>\n<td style=\"width: 33.3333%;\"><img decoding=\"async\" class=\"aligncenter size-large wp-image-1566\" src=\"https:\/\/altisk-mlak.edu.hu\/wp-content\/uploads\/2023\/09\/IMG_20230901_124423-1024x611.jpg\" alt=\"\" width=\"604\" height=\"360\" srcset=\"https:\/\/altisk-mlak.edu.hu\/wp-content\/uploads\/2023\/09\/IMG_20230901_124423-1024x611.jpg 1024w, https:\/\/altisk-mlak.edu.hu\/wp-content\/uploads\/2023\/09\/IMG_20230901_124423-300x179.jpg 300w, https:\/\/altisk-mlak.edu.hu\/wp-content\/uploads\/2023\/09\/IMG_20230901_124423-768x458.jpg 768w, https:\/\/altisk-mlak.edu.hu\/wp-content\/uploads\/2023\/09\/IMG_20230901_124423-1536x916.jpg 1536w, https:\/\/altisk-mlak.edu.hu\/wp-content\/uploads\/2023\/09\/IMG_20230901_124423-2048x1221.jpg 2048w, https:\/\/altisk-mlak.edu.hu\/wp-content\/uploads\/2023\/09\/IMG_20230901_124423-600x358.jpg 600w\" sizes=\"(max-width: 604px) 100vw, 604px\" \/><\/td>\n<td style=\"width: 33.3333%;\"><img decoding=\"async\" class=\"aligncenter wp-image-1565 size-medium\" src=\"https:\/\/altisk-mlak.edu.hu\/wp-content\/uploads\/2023\/09\/IMG_20230901_124836-268x300.jpg\" alt=\"\" width=\"268\" height=\"300\" srcset=\"https:\/\/altisk-mlak.edu.hu\/wp-content\/uploads\/2023\/09\/IMG_20230901_124836-268x300.jpg 268w, https:\/\/altisk-mlak.edu.hu\/wp-content\/uploads\/2023\/09\/IMG_20230901_124836-913x1024.jpg 913w, https:\/\/altisk-mlak.edu.hu\/wp-content\/uploads\/2023\/09\/IMG_20230901_124836-768x861.jpg 768w, https:\/\/altisk-mlak.edu.hu\/wp-content\/uploads\/2023\/09\/IMG_20230901_124836-1370x1536.jpg 1370w, https:\/\/altisk-mlak.edu.hu\/wp-content\/uploads\/2023\/09\/IMG_20230901_124836-1827x2048.jpg 1827w, https:\/\/altisk-mlak.edu.hu\/wp-content\/uploads\/2023\/09\/IMG_20230901_124836-535x600.jpg 535w\" sizes=\"(max-width: 268px) 100vw, 268px\" \/><\/td>\n<\/tr>\n<\/tbody>\n<\/table>\n<p>A tagint\u00e9zm\u00e9ny-vezet\u0151 bemutatta a tantest\u00fclet\u00fcnk \u00faj tagjait \u00e9s az \u00faj oszt\u00e1lyf\u0151n\u00f6k\u00f6ket:<\/p>\n<p>A 3. oszt\u00e1ly oszt\u00e1lytan\u00edt\u00f3ja: B\u00e1lintn\u00e9 Pados Andrea<br \/>\nA 4. oszt\u00e1ly oszt\u00e1lytan\u00edt\u00f3ja: Zak\u00f3cs Veronika<br \/>\nAz 5. oszt\u00e1ly oszt\u00e1lyf\u0151n\u00f6ke: G\u00e9csek Oliv\u00e9r<br \/>\nA t\u00f6rt\u00e9nelmet Pusztai Zsolt, a digit\u00e1lis kult\u00far\u00e1t Papp Gy\u00f6rgy tan\u00e1r \u00far tartja.<\/p>\n<p>Mondand\u00f3j\u00e1t egy sz\u00e1z \u00e9vvel ezel\u0151tti n\u00e9pi foh\u00e1sszal z\u00e1rta:<\/p>\n<p><em>Hozz\u00e1d foh\u00e1szkodom \u00e9des Istenem,<br \/>\n<\/em><em>Munk\u00e1lkod\u00e1somat neked szentelem.<br \/>\n<\/em><em>Er\u0151t, eg\u00e9szs\u00e9get adj mindazoknak,<br \/>\n<\/em><em>Akik szent nevedben h\u00edven dolgoznak.<br \/>\n<\/em><em>Legyen szent \u00e1ld\u00e1sod minden f\u00e1rads\u00e1gon,<br \/>\n<\/em><em>Mert ha \u00e1ld\u00e1sod nincsen rajta,<br \/>\n<\/em><em>A munk\u00e1nak semmi haszna.\u201d<\/em><\/p>\n<p>Isten \u00e1ld\u00e1s\u00e1t k\u00e9rve k\u00edv\u00e1nt j\u00f3 eg\u00e9szs\u00e9get, sok sz\u00e9p \u00e9lm\u00e9nyt a k\u00f6z\u00f6s munk\u00e1hoz, az \u00faj tan\u00e9vhez.<\/p>\n<p>Az \u00fcnneps\u00e9g a Sz\u00f3zat el\u00e9nekl\u00e9s\u00e9vel z\u00e1rult.<\/p>\n<p>A befogad\u00f3 \u00fcnneps\u00e9gen szerepl\u0151 tanul\u00f3kat Deutsch Szilvia, H\u00e1kl\u00e1r Zolt\u00e1nn\u00e9 \u00e9s T\u00f3thn\u00e9 Tak\u00e1cs Hajnalka k\u00e9sz\u00edtette fel. K\u00f6sz\u00f6nj\u00fck sz\u00e9pen munk\u00e1jukat!<\/p>\n","protected":false},"excerpt":{"rendered":"<p>A Magyarlak-Cs\u00f6r\u00f6tnek \u00c1ltal\u00e1nos Iskol\u00e1ban m\u00e1r hagyom\u00e1nyoss\u00e1 v\u00e1lt, hogy a tan\u00e9v els\u0151 napj\u00e1n befogad\u00f3 \u00fcnneps\u00e9get tartanak az \u00fajonnan \u00e9rkez\u0151 tanul\u00f3k sz\u00e1m\u00e1ra. A 2023\/2024-es tan\u00e9vet 12 els\u0151s tanul\u00f3 kezdte, \u00e9s \u00e9rkezett gyermek az \u00f6t\u00f6dik<a class=\"moretag\" href=\"https:\/\/altisk-mlak.edu.hu\/index.php\/befogado-unnepseg\/\">Read More&#8230;<\/a><\/p>\n","protected":false},"author":3,"featured_media":0,"comment_status":"closed","ping_status":"closed","sticky":false,"template":"","format":"standard","meta":{"two_page_speed":[],"footnotes":""},"categories":[1],"tags":[],"class_list":["post-1556","post","type-post","status-publish","format-standard","hentry","category-egyeb"],"_links":{"self":[{"href":"https:\/\/altisk-mlak.edu.hu\/index.php\/wp-json\/wp\/v2\/posts\/1556","targetHints":{"allow":["GET"]}}],"collection":[{"href":"https:\/\/altisk-mlak.edu.hu\/index.php\/wp-json\/wp\/v2\/posts"}],"about":[{"href":"https:\/\/altisk-mlak.edu.hu\/index.php\/wp-json\/wp\/v2\/types\/post"}],"author":[{"embeddable":true,"href":"https:\/\/altisk-mlak.edu.hu\/index.php\/wp-json\/wp\/v2\/users\/3"}],"replies":[{"embeddable":true,"href":"https:\/\/altisk-mlak.edu.hu\/index.php\/wp-json\/wp\/v2\/comments?post=1556"}],"version-history":[{"count":2,"href":"https:\/\/altisk-mlak.edu.hu\/index.php\/wp-json\/wp\/v2\/posts\/1556\/revisions"}],"predecessor-version":[{"id":1568,"href":"https:\/\/altisk-mlak.edu.hu\/index.php\/wp-json\/wp\/v2\/posts\/1556\/revisions\/1568"}],"wp:attachment":[{"href":"https:\/\/altisk-mlak.edu.hu\/index.php\/wp-json\/wp\/v2\/media?parent=1556"}],"wp:term":[{"taxonomy":"category","embeddable":true,"href":"https:\/\/altisk-mlak.edu.hu\/index.php\/wp-json\/wp\/v2\/categories?post=1556"},{"taxonomy":"post_tag","embeddable":true,"href":"https:\/\/altisk-mlak.edu.hu\/index.php\/wp-json\/wp\/v2\/tags?post=1556"}],"curies":[{"name":"wp","href":"https:\/\/api.w.org\/{rel}","templated":true}]}}