{"id":1559,"date":"2023-09-04T08:07:41","date_gmt":"2023-09-04T08:07:41","guid":{"rendered":"https:\/\/altisk-mlak.edu.hu\/?p=1559"},"modified":"2023-09-14T12:54:15","modified_gmt":"2023-09-14T12:54:15","slug":"veni-sancte-a-csorotneki-templomban","status":"publish","type":"post","link":"https:\/\/altisk-mlak.edu.hu\/index.php\/veni-sancte-a-csorotneki-templomban\/","title":{"rendered":"Veni Sancte a cs\u00f6r\u00f6tneki templomban"},"content":{"rendered":"<p style=\"text-align: justify;\">Szeptember els\u0151 vas\u00e1rnapj\u00e1n \u00f6r\u00f6mteli l\u00e1tv\u00e1ny fogadta a cs\u00f6r\u00f6tneki utca szeml\u00e9l\u0151j\u00e9t: a falu f\u0151utc\u00e1j\u00e1n \u00e9s minden kis utc\u00e1b\u00f3l \u00fcnnepl\u0151be \u00f6lt\u00f6z\u00f6tt gyerekek \u00e9s feln\u0151ttek haladtak egy ir\u00e1nyba, az \u00d6r\u00f6k Ige templomba. Imm\u00e1r katolikus iskol\u00e1nk harmadik tan\u00e9vnyit\u00f3 Veni Sanct\u00e9j\u00e1ra gy\u0171lt \u00f6ssze az apr\u00f3n\u00e9p, sz\u00fcleik, tan\u00e1raik, a falu n\u00e9pe. A gyerekek k\u00f6z\u00f6tt egyre t\u00f6bben vannak m\u00e1r, akik a k\u00f6rnyez\u0151 falvakb\u00f3l j\u00f6nnek, mivel az iskolabusznak k\u00f6sz\u00f6nhet\u0151en egyre t\u00e1volabbr\u00f3l is el\u00e9rhet\u0151v\u00e9 v\u00e1lik iskol\u00e1nk.<\/p>\n<p style=\"text-align: justify;\">A szentmise k\u00f6sz\u00f6nt\u0151 szavai ut\u00e1n Gyula atya inton\u00e1lta a \u201eJ\u00f6jj, Szentl\u00e9lek \u00daristen!\u201d himnusz els\u0151 szavait, amit mindannyian az orgon\u00e1val egy\u00fctt folytattunk, \u00edgy h\u00edvtuk le magunkra a Szentlelket, aki eg\u00e9sz tan\u00e9v sor\u00e1n seg\u00edt, er\u0151s\u00edt, b\u00e1tor\u00edt minket.<\/p>\n<p><img fetchpriority=\"high\" decoding=\"async\" class=\"aligncenter wp-image-1561 size-large\" src=\"https:\/\/altisk-mlak.edu.hu\/wp-content\/uploads\/2023\/09\/IMG_20230903_111424-1024x806.jpg\" alt=\"\" width=\"604\" height=\"475\" srcset=\"https:\/\/altisk-mlak.edu.hu\/wp-content\/uploads\/2023\/09\/IMG_20230903_111424-1024x806.jpg 1024w, https:\/\/altisk-mlak.edu.hu\/wp-content\/uploads\/2023\/09\/IMG_20230903_111424-300x236.jpg 300w, https:\/\/altisk-mlak.edu.hu\/wp-content\/uploads\/2023\/09\/IMG_20230903_111424-768x604.jpg 768w, https:\/\/altisk-mlak.edu.hu\/wp-content\/uploads\/2023\/09\/IMG_20230903_111424-600x472.jpg 600w, https:\/\/altisk-mlak.edu.hu\/wp-content\/uploads\/2023\/09\/IMG_20230903_111424.jpg 1500w\" sizes=\"(max-width: 604px) 100vw, 604px\" \/><\/p>\n<p style=\"text-align: justify;\">Az \u00e9vk\u00f6zi 22 vas\u00e1rnap olvasm\u00e1nyai \u00e9s evang\u00e9liuma egy\u00e1ltal\u00e1n nem kisgyermekeknek val\u00f3 k\u00f6nny\u0171 eledel, hanem hit\u00fcnk tan\u00edt\u00e1s\u00e1nak tal\u00e1n legr\u00e1g\u00f3sabb falata: a szenved\u00e9s, a neh\u00e9zs\u00e9gek Isten szeretet\u00e9\u00e9rt val\u00f3 elfogad\u00e1sa, \u00e9let\u00fcnk Istennek tetsz\u0151 \u00e1ldozatk\u00e9nt val\u00f3 felaj\u00e1nl\u00e1sa. Az evang\u00e9liumban J\u00e9zus arra figyelmezteti P\u00e9tert, hogy Isten sz\u00e1nd\u00e9ka szerint kell gondolkoznunk az \u00e9let\u00fcnkr\u0151l, nem pedig a vil\u00e1g szerint. Gyula atya a pr\u00e9dik\u00e1ci\u00f3j\u00e1ban arr\u00f3l besz\u00e9lt, hogy Jeremi\u00e1s pr\u00f3f\u00e9ta szemreh\u00e1ny\u00f3 szavakat mondott: \u201eR\u00e1szedt\u00e9l, Uram, \u00e9s \u00e9n engedtem, hogy r\u00e1szedj!\u201d, \u00edgy is mondhatn\u00e1nk: \u201eSzerett\u00e9l engem, Uram, \u00e9s \u00e9n engedtem, hogy szeress!\u201d Isten szeretete nem \u00e9des \u201enyal\u00e1nks\u00e1g\u201d, hanem s\u00falya van \u2013 hogy \u00e9rezz\u00fck.<\/p>\n<p style=\"text-align: justify;\">A szent\u00e1ldoz\u00e1skor J\u00e9zus-\u00e9nekek zengtek git\u00e1rk\u00eds\u00e9rettel, mialatt a fels\u0151 tagozatos tanul\u00f3k gy\u00f3n\u00e1sban megtisztult sz\u00edvvel fogadt\u00e1k magukhoz az Eukariszti\u00e1ban az \u00dar J\u00e9zust.<\/p>\n<p><img decoding=\"async\" class=\"aligncenter size-large wp-image-1560\" src=\"https:\/\/altisk-mlak.edu.hu\/wp-content\/uploads\/2023\/09\/IMG_20230903_111737-1024x405.jpg\" alt=\"\" width=\"604\" height=\"239\" srcset=\"https:\/\/altisk-mlak.edu.hu\/wp-content\/uploads\/2023\/09\/IMG_20230903_111737-1024x405.jpg 1024w, https:\/\/altisk-mlak.edu.hu\/wp-content\/uploads\/2023\/09\/IMG_20230903_111737-300x119.jpg 300w, https:\/\/altisk-mlak.edu.hu\/wp-content\/uploads\/2023\/09\/IMG_20230903_111737-768x304.jpg 768w, https:\/\/altisk-mlak.edu.hu\/wp-content\/uploads\/2023\/09\/IMG_20230903_111737-1536x608.jpg 1536w, https:\/\/altisk-mlak.edu.hu\/wp-content\/uploads\/2023\/09\/IMG_20230903_111737-2048x811.jpg 2048w, https:\/\/altisk-mlak.edu.hu\/wp-content\/uploads\/2023\/09\/IMG_20230903_111737-600x238.jpg 600w\" sizes=\"(max-width: 604px) 100vw, 604px\" \/><\/p>\n<p style=\"text-align: justify;\">Ezut\u00e1n k\u00f6vetkezett igazgat\u00f3n\u0151nk, Mezein\u00e9 Kiss Katalin tan\u00e9vnyit\u00f3 besz\u00e9de, amelyben a magvet\u0151 p\u00e9ldabesz\u00e9d\u00e9t alkalmazta az iskol\u00e1s \u00e9let\u00fcnkre, r\u00e1ir\u00e1ny\u00edtva a gyerekek \u00e9s feln\u0151ttek figyelm\u00e9t azokra a csapd\u00e1kra, amelyek megg\u00e1tolhatj\u00e1k, hogy Isten tetsz\u00e9se szerint \u00e9lj\u00fck iskol\u00e1s, sz\u00fcl\u0151i \u00e9s tan\u00e1ri \u00e9let\u00fcnket.<\/p>\n<p><img decoding=\"async\" class=\"aligncenter size-large wp-image-1562\" src=\"https:\/\/altisk-mlak.edu.hu\/wp-content\/uploads\/2023\/09\/IMG_20230903_112533-1001x1024.jpg\" alt=\"\" width=\"604\" height=\"618\" srcset=\"https:\/\/altisk-mlak.edu.hu\/wp-content\/uploads\/2023\/09\/IMG_20230903_112533-1001x1024.jpg 1001w, https:\/\/altisk-mlak.edu.hu\/wp-content\/uploads\/2023\/09\/IMG_20230903_112533-293x300.jpg 293w, https:\/\/altisk-mlak.edu.hu\/wp-content\/uploads\/2023\/09\/IMG_20230903_112533-768x785.jpg 768w, https:\/\/altisk-mlak.edu.hu\/wp-content\/uploads\/2023\/09\/IMG_20230903_112533-1502x1536.jpg 1502w, https:\/\/altisk-mlak.edu.hu\/wp-content\/uploads\/2023\/09\/IMG_20230903_112533-587x600.jpg 587w, https:\/\/altisk-mlak.edu.hu\/wp-content\/uploads\/2023\/09\/IMG_20230903_112533.jpg 1800w\" sizes=\"(max-width: 604px) 100vw, 604px\" \/><\/p>\n<p style=\"text-align: justify;\">Kati n\u00e9ni eml\u00e9kezett r\u00e1, hogy 25 \u00e9vvel ezel\u0151tt kezdte meg tan\u00e1ri p\u00e1lyafut\u00e1s\u00e1t, amelyet hatalmas tapssal jutalmazott a templom n\u00e9pe. V\u00e9gezet\u00fcl Isten seg\u00edts\u00e9g\u00e9t \u00e9s \u00e1ld\u00e1s\u00e1t k\u00e9rve a 2023\/2024-es tan\u00e9vet megnyitotta.<\/p>\n<p style=\"text-align: right;\"><em>\u00c1gnes n\u0151v\u00e9r<\/em><\/p>\n","protected":false},"excerpt":{"rendered":"<p>Szeptember els\u0151 vas\u00e1rnapj\u00e1n \u00f6r\u00f6mteli l\u00e1tv\u00e1ny fogadta a cs\u00f6r\u00f6tneki utca szeml\u00e9l\u0151j\u00e9t: a falu f\u0151utc\u00e1j\u00e1n \u00e9s minden kis utc\u00e1b\u00f3l \u00fcnnepl\u0151be \u00f6lt\u00f6z\u00f6tt gyerekek \u00e9s feln\u0151ttek haladtak egy ir\u00e1nyba, az \u00d6r\u00f6k Ige templomba. Imm\u00e1r katolikus iskol\u00e1nk<a class=\"moretag\" href=\"https:\/\/altisk-mlak.edu.hu\/index.php\/veni-sancte-a-csorotneki-templomban\/\">Read More&#8230;<\/a><\/p>\n","protected":false},"author":3,"featured_media":0,"comment_status":"closed","ping_status":"closed","sticky":false,"template":"","format":"standard","meta":{"two_page_speed":[],"footnotes":""},"categories":[1],"tags":[],"class_list":["post-1559","post","type-post","status-publish","format-standard","hentry","category-egyeb"],"_links":{"self":[{"href":"https:\/\/altisk-mlak.edu.hu\/index.php\/wp-json\/wp\/v2\/posts\/1559","targetHints":{"allow":["GET"]}}],"collection":[{"href":"https:\/\/altisk-mlak.edu.hu\/index.php\/wp-json\/wp\/v2\/posts"}],"about":[{"href":"https:\/\/altisk-mlak.edu.hu\/index.php\/wp-json\/wp\/v2\/types\/post"}],"author":[{"embeddable":true,"href":"https:\/\/altisk-mlak.edu.hu\/index.php\/wp-json\/wp\/v2\/users\/3"}],"replies":[{"embeddable":true,"href":"https:\/\/altisk-mlak.edu.hu\/index.php\/wp-json\/wp\/v2\/comments?post=1559"}],"version-history":[{"count":1,"href":"https:\/\/altisk-mlak.edu.hu\/index.php\/wp-json\/wp\/v2\/posts\/1559\/revisions"}],"predecessor-version":[{"id":1563,"href":"https:\/\/altisk-mlak.edu.hu\/index.php\/wp-json\/wp\/v2\/posts\/1559\/revisions\/1563"}],"wp:attachment":[{"href":"https:\/\/altisk-mlak.edu.hu\/index.php\/wp-json\/wp\/v2\/media?parent=1559"}],"wp:term":[{"taxonomy":"category","embeddable":true,"href":"https:\/\/altisk-mlak.edu.hu\/index.php\/wp-json\/wp\/v2\/categories?post=1559"},{"taxonomy":"post_tag","embeddable":true,"href":"https:\/\/altisk-mlak.edu.hu\/index.php\/wp-json\/wp\/v2\/tags?post=1559"}],"curies":[{"name":"wp","href":"https:\/\/api.w.org\/{rel}","templated":true}]}}