{"id":1570,"date":"2023-09-14T12:58:33","date_gmt":"2023-09-14T12:58:33","guid":{"rendered":"https:\/\/altisk-mlak.edu.hu\/?p=1570"},"modified":"2023-09-18T11:47:17","modified_gmt":"2023-09-18T11:47:17","slug":"zarandokuton-jartunk","status":"publish","type":"post","link":"https:\/\/altisk-mlak.edu.hu\/index.php\/zarandokuton-jartunk\/","title":{"rendered":"Zar\u00e1ndok\u00faton j\u00e1rtunk"},"content":{"rendered":"<p align=\"justify\"><span style=\"color: #050505;\"><span style=\"font-family: inherit, serif;\"><span style=\"font-size: medium;\">H\u00e1rom tanul\u00f3nk \u00e9s n\u00e9gy pedag\u00f3gusunk k\u00e9pviselte iskol\u00e1nkat szeptember 8-\u00e1n a Szombathelyi Egyh\u00e1zmegye \u00e9s a M\u00e1ria \u00fat \u00e1ltal szervezett, Szombathelyr\u0151l Gencsap\u00e1tiba tart\u00f3, Miszori Zolt\u00e1n atya \u00e9letp\u00e9ld\u00e1j\u00e1ra eml\u00e9kez\u0151 zar\u00e1ndoklaton. A zar\u00e1ndokutat Dr. Sz\u00e9kely J\u00e1nos szombathelyi megy\u00e9sp\u00fcsp\u00f6k vezette. Kis csapatunk j\u00f3l b\u00edrta a gyalogl\u00e1st a nagy h\u0151s\u00e9gben, lelkesen im\u00e1dkozott \u00e9s \u00e9nekelt a t\u00f6bbi h\u00edv\u0151vel. M\u00e9ly \u00e1t\u00e9rz\u00e9ssel hallgattuk a p\u00fcsp\u00f6k atya \u00e1ltal celebr\u00e1lt szentmis\u00e9t a csodasz\u00e9p fekv\u00e9s\u0171 helyen. J\u00f3kedv\u0171en \u00e9s lelkileg felfriss\u00fclve t\u00e9rt\u00fcnk haza a programr\u00f3l.<\/span><\/span><\/span><\/p>\n<table style=\"border-collapse: collapse; width: 100%;\">\n<tbody>\n<tr>\n<td style=\"width: 33.3333%;\"><img fetchpriority=\"high\" decoding=\"async\" class=\"aligncenter size-large wp-image-1573\" src=\"https:\/\/altisk-mlak.edu.hu\/wp-content\/uploads\/2023\/09\/zarandoklat-2-576x1024.jpg\" alt=\"\" width=\"576\" height=\"1024\" srcset=\"https:\/\/altisk-mlak.edu.hu\/wp-content\/uploads\/2023\/09\/zarandoklat-2-576x1024.jpg 576w, https:\/\/altisk-mlak.edu.hu\/wp-content\/uploads\/2023\/09\/zarandoklat-2-169x300.jpg 169w, https:\/\/altisk-mlak.edu.hu\/wp-content\/uploads\/2023\/09\/zarandoklat-2-768x1365.jpg 768w, https:\/\/altisk-mlak.edu.hu\/wp-content\/uploads\/2023\/09\/zarandoklat-2-864x1536.jpg 864w, https:\/\/altisk-mlak.edu.hu\/wp-content\/uploads\/2023\/09\/zarandoklat-2-338x600.jpg 338w, https:\/\/altisk-mlak.edu.hu\/wp-content\/uploads\/2023\/09\/zarandoklat-2.jpg 1152w\" sizes=\"(max-width: 576px) 100vw, 576px\" \/><\/td>\n<td style=\"width: 33.3333%;\"><img decoding=\"async\" class=\"aligncenter size-large wp-image-1571\" src=\"https:\/\/altisk-mlak.edu.hu\/wp-content\/uploads\/2023\/09\/zarandoklat-1-576x1024.jpg\" alt=\"\" width=\"576\" height=\"1024\" srcset=\"https:\/\/altisk-mlak.edu.hu\/wp-content\/uploads\/2023\/09\/zarandoklat-1-576x1024.jpg 576w, https:\/\/altisk-mlak.edu.hu\/wp-content\/uploads\/2023\/09\/zarandoklat-1-169x300.jpg 169w, https:\/\/altisk-mlak.edu.hu\/wp-content\/uploads\/2023\/09\/zarandoklat-1-768x1365.jpg 768w, https:\/\/altisk-mlak.edu.hu\/wp-content\/uploads\/2023\/09\/zarandoklat-1-864x1536.jpg 864w, https:\/\/altisk-mlak.edu.hu\/wp-content\/uploads\/2023\/09\/zarandoklat-1-338x600.jpg 338w, https:\/\/altisk-mlak.edu.hu\/wp-content\/uploads\/2023\/09\/zarandoklat-1.jpg 1152w\" sizes=\"(max-width: 576px) 100vw, 576px\" \/><\/td>\n<\/tr>\n<tr>\n<td colspan=\"2\"><img decoding=\"async\" class=\"aligncenter size-large wp-image-1572\" src=\"https:\/\/altisk-mlak.edu.hu\/wp-content\/uploads\/2023\/09\/zarandoklat-4-1024x576.jpg\" alt=\"\" width=\"604\" height=\"340\" srcset=\"https:\/\/altisk-mlak.edu.hu\/wp-content\/uploads\/2023\/09\/zarandoklat-4-1024x576.jpg 1024w, https:\/\/altisk-mlak.edu.hu\/wp-content\/uploads\/2023\/09\/zarandoklat-4-300x169.jpg 300w, https:\/\/altisk-mlak.edu.hu\/wp-content\/uploads\/2023\/09\/zarandoklat-4-768x432.jpg 768w, https:\/\/altisk-mlak.edu.hu\/wp-content\/uploads\/2023\/09\/zarandoklat-4-1536x864.jpg 1536w, https:\/\/altisk-mlak.edu.hu\/wp-content\/uploads\/2023\/09\/zarandoklat-4-1600x900.jpg 1600w, https:\/\/altisk-mlak.edu.hu\/wp-content\/uploads\/2023\/09\/zarandoklat-4-600x338.jpg 600w, https:\/\/altisk-mlak.edu.hu\/wp-content\/uploads\/2023\/09\/zarandoklat-4.jpg 2048w\" sizes=\"(max-width: 604px) 100vw, 604px\" \/><\/td>\n<\/tr>\n<\/tbody>\n<\/table>\n","protected":false},"excerpt":{"rendered":"<p>H\u00e1rom tanul\u00f3nk \u00e9s n\u00e9gy pedag\u00f3gusunk k\u00e9pviselte iskol\u00e1nkat szeptember 8-\u00e1n a Szombathelyi Egyh\u00e1zmegye \u00e9s a M\u00e1ria \u00fat \u00e1ltal szervezett, Szombathelyr\u0151l Gencsap\u00e1tiba tart\u00f3, Miszori Zolt\u00e1n atya \u00e9letp\u00e9ld\u00e1j\u00e1ra eml\u00e9kez\u0151 zar\u00e1ndoklaton. A zar\u00e1ndokutat Dr. Sz\u00e9kely J\u00e1nos<a class=\"moretag\" href=\"https:\/\/altisk-mlak.edu.hu\/index.php\/zarandokuton-jartunk\/\">Read More&#8230;<\/a><\/p>\n","protected":false},"author":3,"featured_media":0,"comment_status":"closed","ping_status":"closed","sticky":false,"template":"","format":"standard","meta":{"two_page_speed":[],"footnotes":""},"categories":[1],"tags":[],"class_list":["post-1570","post","type-post","status-publish","format-standard","hentry","category-egyeb"],"_links":{"self":[{"href":"https:\/\/altisk-mlak.edu.hu\/index.php\/wp-json\/wp\/v2\/posts\/1570","targetHints":{"allow":["GET"]}}],"collection":[{"href":"https:\/\/altisk-mlak.edu.hu\/index.php\/wp-json\/wp\/v2\/posts"}],"about":[{"href":"https:\/\/altisk-mlak.edu.hu\/index.php\/wp-json\/wp\/v2\/types\/post"}],"author":[{"embeddable":true,"href":"https:\/\/altisk-mlak.edu.hu\/index.php\/wp-json\/wp\/v2\/users\/3"}],"replies":[{"embeddable":true,"href":"https:\/\/altisk-mlak.edu.hu\/index.php\/wp-json\/wp\/v2\/comments?post=1570"}],"version-history":[{"count":1,"href":"https:\/\/altisk-mlak.edu.hu\/index.php\/wp-json\/wp\/v2\/posts\/1570\/revisions"}],"predecessor-version":[{"id":1574,"href":"https:\/\/altisk-mlak.edu.hu\/index.php\/wp-json\/wp\/v2\/posts\/1570\/revisions\/1574"}],"wp:attachment":[{"href":"https:\/\/altisk-mlak.edu.hu\/index.php\/wp-json\/wp\/v2\/media?parent=1570"}],"wp:term":[{"taxonomy":"category","embeddable":true,"href":"https:\/\/altisk-mlak.edu.hu\/index.php\/wp-json\/wp\/v2\/categories?post=1570"},{"taxonomy":"post_tag","embeddable":true,"href":"https:\/\/altisk-mlak.edu.hu\/index.php\/wp-json\/wp\/v2\/tags?post=1570"}],"curies":[{"name":"wp","href":"https:\/\/api.w.org\/{rel}","templated":true}]}}