{"id":1575,"date":"2023-09-18T11:50:39","date_gmt":"2023-09-18T11:50:39","guid":{"rendered":"https:\/\/altisk-mlak.edu.hu\/?p=1575"},"modified":"2023-09-19T10:01:41","modified_gmt":"2023-09-19T10:01:41","slug":"babeloadason-jartunk","status":"publish","type":"post","link":"https:\/\/altisk-mlak.edu.hu\/index.php\/babeloadason-jartunk\/","title":{"rendered":"B\u00e1bel\u0151ad\u00e1son j\u00e1rtunk"},"content":{"rendered":"<p align=\"justify\">2023. szeptember 14-\u00e9n iskol\u00e1nk els\u0151 \u00e9s m\u00e1sodik oszt\u00e1lyos tanul\u00f3i a szentgotth\u00e1rdi M\u00f3ra Ferenc V\u00e1rosi K\u00f6nyvt\u00e1rba l\u00e1togattak el. A gyermek r\u00e9szleg dolgoz\u00f3i b\u00e1bel\u0151ad\u00e1ssal v\u00e1rt\u00e1k a gyerekeket. L\u00e1z\u00e1r Ervin N\u00e9gysz\u00f6glet\u0171 kerek erd\u0151 k\u00f6nyv\u00e9b\u0151l a Vacskamati vir\u00e1gja c\u00edm\u0171 mes\u00e9t mutatt\u00e1k be. A b\u00e1bel\u0151ad\u00e1s ut\u00e1n k\u00e9zm\u0171ves foglalkoz\u00e1st tartottak, ahol a mese egy jelenet\u00e9t k\u00e9sz\u00edthett\u00e9k el a di\u00e1kok pap\u00edrb\u00f3l. A b\u00e1bel\u0151ad\u00e1s el\u0151tt \u00e9s a foglalkoz\u00e1s ut\u00e1n szabadon lehetett ismerkedni a gyermekk\u00f6nyvt\u00e1rral. Tanul\u00f3ink \u00e9rdekl\u0151dve v\u00e1logattak a k\u00f6nyvek k\u00f6z\u00f6tt, lapozgatt\u00e1k, n\u00e9zegett\u00e9k a sz\u00e1mukra \u00e9rdekes kiadv\u00e1nyokat.<\/p>\n<table style=\"border-collapse: collapse; width: 100%;\">\n<tbody>\n<tr>\n<td style=\"width: 50%;\"><img fetchpriority=\"high\" decoding=\"async\" class=\"aligncenter wp-image-1576 size-large\" src=\"https:\/\/altisk-mlak.edu.hu\/wp-content\/uploads\/2023\/09\/babeloadas-1-1024x461.jpg\" alt=\"\" width=\"604\" height=\"272\" srcset=\"https:\/\/altisk-mlak.edu.hu\/wp-content\/uploads\/2023\/09\/babeloadas-1-1024x461.jpg 1024w, https:\/\/altisk-mlak.edu.hu\/wp-content\/uploads\/2023\/09\/babeloadas-1-300x135.jpg 300w, https:\/\/altisk-mlak.edu.hu\/wp-content\/uploads\/2023\/09\/babeloadas-1-768x346.jpg 768w, https:\/\/altisk-mlak.edu.hu\/wp-content\/uploads\/2023\/09\/babeloadas-1-1536x691.jpg 1536w, https:\/\/altisk-mlak.edu.hu\/wp-content\/uploads\/2023\/09\/babeloadas-1-600x270.jpg 600w, https:\/\/altisk-mlak.edu.hu\/wp-content\/uploads\/2023\/09\/babeloadas-1.jpg 2000w\" sizes=\"(max-width: 604px) 100vw, 604px\" \/><\/td>\n<td style=\"width: 50%;\"><img decoding=\"async\" class=\"aligncenter size-large wp-image-1577\" src=\"https:\/\/altisk-mlak.edu.hu\/wp-content\/uploads\/2023\/09\/babeloadas-2-1024x461.jpg\" alt=\"\" width=\"604\" height=\"272\" srcset=\"https:\/\/altisk-mlak.edu.hu\/wp-content\/uploads\/2023\/09\/babeloadas-2-1024x461.jpg 1024w, https:\/\/altisk-mlak.edu.hu\/wp-content\/uploads\/2023\/09\/babeloadas-2-300x135.jpg 300w, https:\/\/altisk-mlak.edu.hu\/wp-content\/uploads\/2023\/09\/babeloadas-2-768x346.jpg 768w, https:\/\/altisk-mlak.edu.hu\/wp-content\/uploads\/2023\/09\/babeloadas-2-1536x691.jpg 1536w, https:\/\/altisk-mlak.edu.hu\/wp-content\/uploads\/2023\/09\/babeloadas-2-600x270.jpg 600w, https:\/\/altisk-mlak.edu.hu\/wp-content\/uploads\/2023\/09\/babeloadas-2.jpg 2000w\" sizes=\"(max-width: 604px) 100vw, 604px\" \/><\/td>\n<\/tr>\n<tr>\n<td style=\"width: 50%;\"><img decoding=\"async\" class=\"aligncenter size-large wp-image-1578\" src=\"https:\/\/altisk-mlak.edu.hu\/wp-content\/uploads\/2023\/09\/babeloadas-3-1024x461.jpg\" alt=\"\" width=\"604\" height=\"272\" srcset=\"https:\/\/altisk-mlak.edu.hu\/wp-content\/uploads\/2023\/09\/babeloadas-3-1024x461.jpg 1024w, https:\/\/altisk-mlak.edu.hu\/wp-content\/uploads\/2023\/09\/babeloadas-3-300x135.jpg 300w, https:\/\/altisk-mlak.edu.hu\/wp-content\/uploads\/2023\/09\/babeloadas-3-768x346.jpg 768w, https:\/\/altisk-mlak.edu.hu\/wp-content\/uploads\/2023\/09\/babeloadas-3-1536x691.jpg 1536w, https:\/\/altisk-mlak.edu.hu\/wp-content\/uploads\/2023\/09\/babeloadas-3-600x270.jpg 600w, https:\/\/altisk-mlak.edu.hu\/wp-content\/uploads\/2023\/09\/babeloadas-3.jpg 2000w\" sizes=\"(max-width: 604px) 100vw, 604px\" \/><\/td>\n<td style=\"width: 50%;\"><img loading=\"lazy\" decoding=\"async\" class=\"aligncenter size-large wp-image-1579\" src=\"https:\/\/altisk-mlak.edu.hu\/wp-content\/uploads\/2023\/09\/babeloadas-4-1024x461.jpg\" alt=\"\" width=\"604\" height=\"272\" srcset=\"https:\/\/altisk-mlak.edu.hu\/wp-content\/uploads\/2023\/09\/babeloadas-4-1024x461.jpg 1024w, https:\/\/altisk-mlak.edu.hu\/wp-content\/uploads\/2023\/09\/babeloadas-4-300x135.jpg 300w, https:\/\/altisk-mlak.edu.hu\/wp-content\/uploads\/2023\/09\/babeloadas-4-768x346.jpg 768w, https:\/\/altisk-mlak.edu.hu\/wp-content\/uploads\/2023\/09\/babeloadas-4-1536x691.jpg 1536w, https:\/\/altisk-mlak.edu.hu\/wp-content\/uploads\/2023\/09\/babeloadas-4-600x270.jpg 600w, https:\/\/altisk-mlak.edu.hu\/wp-content\/uploads\/2023\/09\/babeloadas-4.jpg 2000w\" sizes=\"(max-width: 604px) 100vw, 604px\" \/><\/td>\n<\/tr>\n<\/tbody>\n<\/table>\n\n\n<p class=\"has-text-align-right\"><em>H\u00e1kl\u00e1r Zolt\u00e1nn\u00e9<\/em><\/p>\n","protected":false},"excerpt":{"rendered":"<p>2023. szeptember 14-\u00e9n iskol\u00e1nk els\u0151 \u00e9s m\u00e1sodik oszt\u00e1lyos tanul\u00f3i a szentgotth\u00e1rdi M\u00f3ra Ferenc V\u00e1rosi K\u00f6nyvt\u00e1rba l\u00e1togattak el. A gyermek r\u00e9szleg dolgoz\u00f3i b\u00e1bel\u0151ad\u00e1ssal v\u00e1rt\u00e1k a gyerekeket. L\u00e1z\u00e1r Ervin N\u00e9gysz\u00f6glet\u0171 kerek erd\u0151 k\u00f6nyv\u00e9b\u0151l a<a class=\"moretag\" href=\"https:\/\/altisk-mlak.edu.hu\/index.php\/babeloadason-jartunk\/\">Read More&#8230;<\/a><\/p>\n","protected":false},"author":3,"featured_media":0,"comment_status":"closed","ping_status":"closed","sticky":false,"template":"","format":"standard","meta":{"two_page_speed":[],"footnotes":""},"categories":[1],"tags":[],"class_list":["post-1575","post","type-post","status-publish","format-standard","hentry","category-egyeb"],"_links":{"self":[{"href":"https:\/\/altisk-mlak.edu.hu\/index.php\/wp-json\/wp\/v2\/posts\/1575","targetHints":{"allow":["GET"]}}],"collection":[{"href":"https:\/\/altisk-mlak.edu.hu\/index.php\/wp-json\/wp\/v2\/posts"}],"about":[{"href":"https:\/\/altisk-mlak.edu.hu\/index.php\/wp-json\/wp\/v2\/types\/post"}],"author":[{"embeddable":true,"href":"https:\/\/altisk-mlak.edu.hu\/index.php\/wp-json\/wp\/v2\/users\/3"}],"replies":[{"embeddable":true,"href":"https:\/\/altisk-mlak.edu.hu\/index.php\/wp-json\/wp\/v2\/comments?post=1575"}],"version-history":[{"count":2,"href":"https:\/\/altisk-mlak.edu.hu\/index.php\/wp-json\/wp\/v2\/posts\/1575\/revisions"}],"predecessor-version":[{"id":1581,"href":"https:\/\/altisk-mlak.edu.hu\/index.php\/wp-json\/wp\/v2\/posts\/1575\/revisions\/1581"}],"wp:attachment":[{"href":"https:\/\/altisk-mlak.edu.hu\/index.php\/wp-json\/wp\/v2\/media?parent=1575"}],"wp:term":[{"taxonomy":"category","embeddable":true,"href":"https:\/\/altisk-mlak.edu.hu\/index.php\/wp-json\/wp\/v2\/categories?post=1575"},{"taxonomy":"post_tag","embeddable":true,"href":"https:\/\/altisk-mlak.edu.hu\/index.php\/wp-json\/wp\/v2\/tags?post=1575"}],"curies":[{"name":"wp","href":"https:\/\/api.w.org\/{rel}","templated":true}]}}