{"id":1583,"date":"2023-09-19T10:07:35","date_gmt":"2023-09-19T10:07:35","guid":{"rendered":"https:\/\/altisk-mlak.edu.hu\/?p=1583"},"modified":"2023-09-19T10:20:07","modified_gmt":"2023-09-19T10:20:07","slug":"a-ronoki-puspoki-szentmisen-szolgaltunk","status":"publish","type":"post","link":"https:\/\/altisk-mlak.edu.hu\/index.php\/a-ronoki-puspoki-szentmisen-szolgaltunk\/","title":{"rendered":"A r\u00f6n\u00f6ki p\u00fcsp\u00f6ki szentmis\u00e9n szolg\u00e1ltunk"},"content":{"rendered":"<p align=\"justify\">Dr. Sz\u00e9kely J\u00e1nos p\u00fcsp\u00f6k atya szem\u00e9lyes megh\u00edv\u00e1s\u00e1ra iskol\u00e1nk k\u00f3rusa \u00e9s alkalmi k\u00f3rusa egyh\u00e1zi szolg\u00e1latot ny\u00fajtott a Szent Kereszt felmagasztal\u00e1sa \u00fcnnep\u00e9n a r\u00f6n\u00f6ki Szent Imre templomban. Az \u00fcnnepi szentmis\u00e9t \u00c4gidius Zsifkovics kismartoni \u00e9s Sz\u00e9kely J\u00e1nos szombathelyi megy\u00e9sp\u00fcsp\u00f6k magyar \u00e9s n\u00e9met nyelven celebr\u00e1lta. A Deutsch Szilvia tan\u00edt\u00f3n\u0151 \u00e1ltal vezetett iskolak\u00f3rus a szertart\u00e1s elej\u00e9n az <i>Itt vagyok most\u2026,<\/i> a felaj\u00e1nl\u00e1skor a <i>Legyen a b\u00e9ke\u2026,<\/i> az \u00e1ldoz\u00e1skor az <i>Er\u0151t adsz minden helyzetben<\/i> c. \u00e9nekeket adta el\u0151. A hittanos gyermekekb\u0151l \u00e1ll\u00f3 alkalmi k\u00f3rus \u00c1gnes n\u0151v\u00e9r vezet\u00e9s\u00e9vel a zsolt\u00e1rolvas\u00e1st k\u00f6vet\u0151en a <i>J\u00e9zus neved oly csod\u00e1latos<\/i>.., \u00e1ldoz\u00e1skor a <i>T\u00fczed Uram J\u00e9zus<\/i>\u2026, a mise befejez\u00e9sekor az <i>Ave Maria<\/i> c. \u00e9nekeket \u00e9nekelte git\u00e1rk\u00eds\u00e9rettel. A refr\u00e9nt a gyermekek \u00fct\u0151s-, cs\u00f6rg\u0151- \u00e9s ritmushangszerek megsz\u00f3laltat\u00e1s\u00e1val sz\u00ednes\u00edtett\u00e9k. H\u00e1l\u00e1s sz\u00edvvel k\u00f6sz\u00f6nj\u00fck a megtisztel\u0151 megh\u00edv\u00e1st. J\u00f3 volt \u00e1t\u00e9lni \u00e9s megtapasztalni, hogy Krisztus szeretete \u00f6sszek\u00f6t minket.<\/p>\n\n\n<table style=\"border-collapse: collapse; width: 100%;\">\n<tbody>\n<tr>\n<td style=\"width: 33.3333%;\"><img fetchpriority=\"high\" decoding=\"async\" class=\"aligncenter size-large wp-image-1586\" src=\"https:\/\/altisk-mlak.edu.hu\/wp-content\/uploads\/2023\/09\/IMG_20230918_173723-1024x857.jpg\" alt=\"\" width=\"604\" height=\"505\" srcset=\"https:\/\/altisk-mlak.edu.hu\/wp-content\/uploads\/2023\/09\/IMG_20230918_173723-1024x857.jpg 1024w, https:\/\/altisk-mlak.edu.hu\/wp-content\/uploads\/2023\/09\/IMG_20230918_173723-300x251.jpg 300w, https:\/\/altisk-mlak.edu.hu\/wp-content\/uploads\/2023\/09\/IMG_20230918_173723-768x642.jpg 768w, https:\/\/altisk-mlak.edu.hu\/wp-content\/uploads\/2023\/09\/IMG_20230918_173723-1536x1285.jpg 1536w, https:\/\/altisk-mlak.edu.hu\/wp-content\/uploads\/2023\/09\/IMG_20230918_173723-600x502.jpg 600w, https:\/\/altisk-mlak.edu.hu\/wp-content\/uploads\/2023\/09\/IMG_20230918_173723.jpg 2000w\" sizes=\"(max-width: 604px) 100vw, 604px\" \/><\/td>\n<td style=\"width: 33.3333%;\"><img decoding=\"async\" class=\"aligncenter wp-image-1587 size-large\" src=\"https:\/\/altisk-mlak.edu.hu\/wp-content\/uploads\/2023\/09\/IMG_20230918_173844-1024x980.jpg\" alt=\"\" width=\"604\" height=\"578\" srcset=\"https:\/\/altisk-mlak.edu.hu\/wp-content\/uploads\/2023\/09\/IMG_20230918_173844-1024x980.jpg 1024w, https:\/\/altisk-mlak.edu.hu\/wp-content\/uploads\/2023\/09\/IMG_20230918_173844-300x287.jpg 300w, https:\/\/altisk-mlak.edu.hu\/wp-content\/uploads\/2023\/09\/IMG_20230918_173844-768x735.jpg 768w, https:\/\/altisk-mlak.edu.hu\/wp-content\/uploads\/2023\/09\/IMG_20230918_173844-1536x1471.jpg 1536w, https:\/\/altisk-mlak.edu.hu\/wp-content\/uploads\/2023\/09\/IMG_20230918_173844-600x575.jpg 600w, https:\/\/altisk-mlak.edu.hu\/wp-content\/uploads\/2023\/09\/IMG_20230918_173844.jpg 2000w\" sizes=\"(max-width: 604px) 100vw, 604px\" \/><\/td>\n<td style=\"width: 33.3333%;\"><img decoding=\"async\" class=\"aligncenter wp-image-1585 size-large\" src=\"https:\/\/altisk-mlak.edu.hu\/wp-content\/uploads\/2023\/09\/IMG_20230918_174417-1024x770.jpg\" alt=\"\" width=\"604\" height=\"454\" srcset=\"https:\/\/altisk-mlak.edu.hu\/wp-content\/uploads\/2023\/09\/IMG_20230918_174417-1024x770.jpg 1024w, https:\/\/altisk-mlak.edu.hu\/wp-content\/uploads\/2023\/09\/IMG_20230918_174417-300x225.jpg 300w, https:\/\/altisk-mlak.edu.hu\/wp-content\/uploads\/2023\/09\/IMG_20230918_174417-768x577.jpg 768w, https:\/\/altisk-mlak.edu.hu\/wp-content\/uploads\/2023\/09\/IMG_20230918_174417-1536x1154.jpg 1536w, https:\/\/altisk-mlak.edu.hu\/wp-content\/uploads\/2023\/09\/IMG_20230918_174417-600x451.jpg 600w, https:\/\/altisk-mlak.edu.hu\/wp-content\/uploads\/2023\/09\/IMG_20230918_174417.jpg 2000w\" sizes=\"(max-width: 604px) 100vw, 604px\" \/><\/td>\n<\/tr>\n<\/tbody>\n<\/table>\n","protected":false},"excerpt":{"rendered":"<p>Dr. Sz\u00e9kely J\u00e1nos p\u00fcsp\u00f6k atya szem\u00e9lyes megh\u00edv\u00e1s\u00e1ra iskol\u00e1nk k\u00f3rusa \u00e9s alkalmi k\u00f3rusa egyh\u00e1zi szolg\u00e1latot ny\u00fajtott a Szent Kereszt felmagasztal\u00e1sa \u00fcnnep\u00e9n a r\u00f6n\u00f6ki Szent Imre templomban. Az \u00fcnnepi szentmis\u00e9t \u00c4gidius Zsifkovics kismartoni \u00e9s<a class=\"moretag\" href=\"https:\/\/altisk-mlak.edu.hu\/index.php\/a-ronoki-puspoki-szentmisen-szolgaltunk\/\">Read More&#8230;<\/a><\/p>\n","protected":false},"author":3,"featured_media":0,"comment_status":"closed","ping_status":"closed","sticky":false,"template":"","format":"standard","meta":{"two_page_speed":[],"footnotes":""},"categories":[1],"tags":[],"class_list":["post-1583","post","type-post","status-publish","format-standard","hentry","category-egyeb"],"_links":{"self":[{"href":"https:\/\/altisk-mlak.edu.hu\/index.php\/wp-json\/wp\/v2\/posts\/1583","targetHints":{"allow":["GET"]}}],"collection":[{"href":"https:\/\/altisk-mlak.edu.hu\/index.php\/wp-json\/wp\/v2\/posts"}],"about":[{"href":"https:\/\/altisk-mlak.edu.hu\/index.php\/wp-json\/wp\/v2\/types\/post"}],"author":[{"embeddable":true,"href":"https:\/\/altisk-mlak.edu.hu\/index.php\/wp-json\/wp\/v2\/users\/3"}],"replies":[{"embeddable":true,"href":"https:\/\/altisk-mlak.edu.hu\/index.php\/wp-json\/wp\/v2\/comments?post=1583"}],"version-history":[{"count":2,"href":"https:\/\/altisk-mlak.edu.hu\/index.php\/wp-json\/wp\/v2\/posts\/1583\/revisions"}],"predecessor-version":[{"id":1588,"href":"https:\/\/altisk-mlak.edu.hu\/index.php\/wp-json\/wp\/v2\/posts\/1583\/revisions\/1588"}],"wp:attachment":[{"href":"https:\/\/altisk-mlak.edu.hu\/index.php\/wp-json\/wp\/v2\/media?parent=1583"}],"wp:term":[{"taxonomy":"category","embeddable":true,"href":"https:\/\/altisk-mlak.edu.hu\/index.php\/wp-json\/wp\/v2\/categories?post=1583"},{"taxonomy":"post_tag","embeddable":true,"href":"https:\/\/altisk-mlak.edu.hu\/index.php\/wp-json\/wp\/v2\/tags?post=1583"}],"curies":[{"name":"wp","href":"https:\/\/api.w.org\/{rel}","templated":true}]}}