{"id":1610,"date":"2023-10-04T07:20:12","date_gmt":"2023-10-04T07:20:12","guid":{"rendered":"https:\/\/altisk-mlak.edu.hu\/?p=1610"},"modified":"2023-10-04T07:20:57","modified_gmt":"2023-10-04T07:20:57","slug":"europai-diaksport-napja-iskolankban","status":"publish","type":"post","link":"https:\/\/altisk-mlak.edu.hu\/index.php\/europai-diaksport-napja-iskolankban\/","title":{"rendered":"Eur\u00f3pai Di\u00e1ksport Napja iskol\u00e1nkban"},"content":{"rendered":"<p style=\"text-align: justify;\">A Magyarlak-Cs\u00f6r\u00f6tnek \u00c1ltal\u00e1nos Iskol\u00e1ban az Eur\u00f3pai Di\u00e1ksport Napj\u00e1n m\u00e1r hagyom\u00e1ny, hogy iskol\u00e1nk valamennyi di\u00e1kja \u00e9s pedag\u00f3gusa sportos, j\u00e1t\u00e9kos d\u00e9lel\u0151tt\u00f6t t\u00f6lt el egy\u00fctt. Az idei \u00e9vben a mozg\u00e1s szeretete mellett a term\u00e9szeti k\u00f6rnyezet\u00fcnk is k\u00f6z\u00e9ppontba ker\u00fclt. H\u00e1rom tan\u00edt\u00e1si \u00f3r\u00e1t k\u00f6vet\u0151en gyalogt\u00far\u00e1ra indultunk a Cs\u00f6r\u00f6tneki Sz\u0151l\u0151hegyre. Sz\u00e9p, naps\u00fct\u00e9ses id\u0151ben tett\u00fck meg az utat, kis pihen\u0151t is beiktattunk a sz\u0151l\u0151hegyi keresztn\u00e9l, ahol k\u00f6z\u00f6sen im\u00e1dkoztunk.<\/p>\n<p><img fetchpriority=\"high\" decoding=\"async\" class=\"aligncenter size-large wp-image-1612\" src=\"https:\/\/altisk-mlak.edu.hu\/wp-content\/uploads\/2023\/10\/FB_IMG_1696262313686-1024x748.jpg\" alt=\"\" width=\"604\" height=\"441\" srcset=\"https:\/\/altisk-mlak.edu.hu\/wp-content\/uploads\/2023\/10\/FB_IMG_1696262313686-1024x748.jpg 1024w, https:\/\/altisk-mlak.edu.hu\/wp-content\/uploads\/2023\/10\/FB_IMG_1696262313686-300x219.jpg 300w, https:\/\/altisk-mlak.edu.hu\/wp-content\/uploads\/2023\/10\/FB_IMG_1696262313686-768x561.jpg 768w, https:\/\/altisk-mlak.edu.hu\/wp-content\/uploads\/2023\/10\/FB_IMG_1696262313686-600x438.jpg 600w, https:\/\/altisk-mlak.edu.hu\/wp-content\/uploads\/2023\/10\/FB_IMG_1696262313686.jpg 1080w\" sizes=\"(max-width: 604px) 100vw, 604px\" \/><\/p>\n<p style=\"text-align: justify;\">Ezt k\u00f6vet\u0151en a Ciszter-kil\u00e1t\u00f3 fel\u00e9 vett\u00fck az ir\u00e1nyt. \u00datk\u00f6zben j\u00f3kat besz\u00e9lgett\u00fcnk, megcsod\u00e1ltuk a sz\u0151l\u0151sgazd\u00e1k sz\u00e9pen gondozott birtokait, az \u0151szi sz\u00ednekben pomp\u00e1z\u00f3 erd\u0151t, \u00e9s a lugasok ment\u00e9n haladva beszippantottuk a finom kormin sz\u0151l\u0151 \u00e9desk\u00e9s illat\u00e1t. Minden \u00e9rz\u00e9kszerv\u00fcnkkel megtapasztaltuk az \u0151sz sz\u00e9ps\u00e9g\u00e9t, kincseit. Kocsis Zsolt polg\u00e1rmester \u00far megmutatta nek\u00fcnk a kil\u00e1t\u00f3 fogad\u00f3\u00e9p\u00fclet\u00e9t, amelynek tabl\u00f3in t\u00f6bb tanul\u00f3 is felfedezte mag\u00e1t. Minden di\u00e1k megm\u00e1szta a 18 m magas kil\u00e1t\u00f3t, \u00e9s szem\u00fcgyre vette a mes\u00e9s panor\u00e1m\u00e1t.<\/p>\n<p><img decoding=\"async\" class=\"aligncenter size-full wp-image-1611\" src=\"https:\/\/altisk-mlak.edu.hu\/wp-content\/uploads\/2023\/10\/FB_IMG_1696262331246.jpg\" alt=\"\" width=\"960\" height=\"848\" srcset=\"https:\/\/altisk-mlak.edu.hu\/wp-content\/uploads\/2023\/10\/FB_IMG_1696262331246.jpg 960w, https:\/\/altisk-mlak.edu.hu\/wp-content\/uploads\/2023\/10\/FB_IMG_1696262331246-300x265.jpg 300w, https:\/\/altisk-mlak.edu.hu\/wp-content\/uploads\/2023\/10\/FB_IMG_1696262331246-768x678.jpg 768w, https:\/\/altisk-mlak.edu.hu\/wp-content\/uploads\/2023\/10\/FB_IMG_1696262331246-600x530.jpg 600w\" sizes=\"(max-width: 960px) 100vw, 960px\" \/><\/p>\n<p style=\"text-align: justify;\">Ezt k\u00f6vet\u0151en az als\u00f3 tagozatos gyermekek a hegyi j\u00e1tsz\u00f3teret vett\u00e9k birtokukba, a fels\u0151s\u00f6k j\u00e1t\u00e9kos sportvet\u00e9lked\u0151n, sz\u00e1mh\u00e1bor\u00faban vettek r\u00e9szt. El\u0151sz\u00f6r G\u00e9csek Oliv\u00e9r testnevel\u0151tan\u00e1r r\u00e9szletesen ismertette a strat\u00e9giai csapatj\u00e1t\u00e9k szab\u00e1lyait, \u00e9s a tanul\u00f3kat k\u00e9t csoportba (piros \u00e9s k\u00e9k) osztotta. A csapatok minden taktik\u00e1t bevetve h\u0151siesen k\u00fczd\u00f6ttek egym\u00e1ssal. Fat\u00f6rzs m\u00f6g\u00e9 b\u00fajva, egym\u00e1ssal fejjel \u00f6sszeb\u00fajva, terept\u00e1rgy m\u00f6g\u00e9 rejt\u0151zve pr\u00f3b\u00e1lt\u00e1k leolvasni az \u201eellens\u00e9g\u201d sz\u00e1m\u00e1t.<\/p>\n<p style=\"text-align: justify;\">A tanul\u00f3k nagyon \u00e9lvezt\u00e9k a szabadt\u00e9ri j\u00e1t\u00e9kot, \u00e9s k\u00e9rt\u00e9k az ism\u00e9tl\u00e9st. K\u00f6sz\u00f6net illeti G\u00e9csek Oliv\u00e9r tan\u00e1r urat, aki nagy gondoss\u00e1ggal szervezte a tematikus napot, a legakt\u00edvabb szerepl\u0151je volt a j\u00e1t\u00e9knak, sok-sok \u00f6r\u00f6met \u00e9s \u00e9lm\u00e9nyt szervezve \u00edgy a di\u00e1kk\u00f6z\u00f6ss\u00e9gnek!<\/p>\n<p style=\"text-align: right;\"><em>Mezein\u00e9 Kiss Katalin<\/em><\/p>\n","protected":false},"excerpt":{"rendered":"<p>A Magyarlak-Cs\u00f6r\u00f6tnek \u00c1ltal\u00e1nos Iskol\u00e1ban az Eur\u00f3pai Di\u00e1ksport Napj\u00e1n m\u00e1r hagyom\u00e1ny, hogy iskol\u00e1nk valamennyi di\u00e1kja \u00e9s pedag\u00f3gusa sportos, j\u00e1t\u00e9kos d\u00e9lel\u0151tt\u00f6t t\u00f6lt el egy\u00fctt. Az idei \u00e9vben a mozg\u00e1s szeretete mellett a term\u00e9szeti k\u00f6rnyezet\u00fcnk<a class=\"moretag\" href=\"https:\/\/altisk-mlak.edu.hu\/index.php\/europai-diaksport-napja-iskolankban\/\">Read More&#8230;<\/a><\/p>\n","protected":false},"author":3,"featured_media":0,"comment_status":"closed","ping_status":"closed","sticky":false,"template":"","format":"standard","meta":{"two_page_speed":[],"footnotes":""},"categories":[1],"tags":[],"class_list":["post-1610","post","type-post","status-publish","format-standard","hentry","category-egyeb"],"_links":{"self":[{"href":"https:\/\/altisk-mlak.edu.hu\/index.php\/wp-json\/wp\/v2\/posts\/1610","targetHints":{"allow":["GET"]}}],"collection":[{"href":"https:\/\/altisk-mlak.edu.hu\/index.php\/wp-json\/wp\/v2\/posts"}],"about":[{"href":"https:\/\/altisk-mlak.edu.hu\/index.php\/wp-json\/wp\/v2\/types\/post"}],"author":[{"embeddable":true,"href":"https:\/\/altisk-mlak.edu.hu\/index.php\/wp-json\/wp\/v2\/users\/3"}],"replies":[{"embeddable":true,"href":"https:\/\/altisk-mlak.edu.hu\/index.php\/wp-json\/wp\/v2\/comments?post=1610"}],"version-history":[{"count":2,"href":"https:\/\/altisk-mlak.edu.hu\/index.php\/wp-json\/wp\/v2\/posts\/1610\/revisions"}],"predecessor-version":[{"id":1614,"href":"https:\/\/altisk-mlak.edu.hu\/index.php\/wp-json\/wp\/v2\/posts\/1610\/revisions\/1614"}],"wp:attachment":[{"href":"https:\/\/altisk-mlak.edu.hu\/index.php\/wp-json\/wp\/v2\/media?parent=1610"}],"wp:term":[{"taxonomy":"category","embeddable":true,"href":"https:\/\/altisk-mlak.edu.hu\/index.php\/wp-json\/wp\/v2\/categories?post=1610"},{"taxonomy":"post_tag","embeddable":true,"href":"https:\/\/altisk-mlak.edu.hu\/index.php\/wp-json\/wp\/v2\/tags?post=1610"}],"curies":[{"name":"wp","href":"https:\/\/api.w.org\/{rel}","templated":true}]}}