{"id":1615,"date":"2023-10-04T07:28:28","date_gmt":"2023-10-04T07:28:28","guid":{"rendered":"https:\/\/altisk-mlak.edu.hu\/?p=1615"},"modified":"2023-10-10T09:32:33","modified_gmt":"2023-10-10T09:32:33","slug":"ugyesen-szerepeltunk-a-csorotneki-szureti-mulatsagon","status":"publish","type":"post","link":"https:\/\/altisk-mlak.edu.hu\/index.php\/ugyesen-szerepeltunk-a-csorotneki-szureti-mulatsagon\/","title":{"rendered":"\u00dcgyesen szerepelt\u00fcnk a Cs\u00f6r\u00f6tneki Sz\u00fcreti Mulats\u00e1gon"},"content":{"rendered":"<p><img fetchpriority=\"high\" decoding=\"async\" class=\"aligncenter size-large wp-image-1617\" src=\"https:\/\/altisk-mlak.edu.hu\/wp-content\/uploads\/2023\/10\/FB_IMG_1696262149401-980x1024.jpg\" alt=\"\" width=\"604\" height=\"631\" srcset=\"https:\/\/altisk-mlak.edu.hu\/wp-content\/uploads\/2023\/10\/FB_IMG_1696262149401-980x1024.jpg 980w, https:\/\/altisk-mlak.edu.hu\/wp-content\/uploads\/2023\/10\/FB_IMG_1696262149401-287x300.jpg 287w, https:\/\/altisk-mlak.edu.hu\/wp-content\/uploads\/2023\/10\/FB_IMG_1696262149401-768x803.jpg 768w, https:\/\/altisk-mlak.edu.hu\/wp-content\/uploads\/2023\/10\/FB_IMG_1696262149401-574x600.jpg 574w, https:\/\/altisk-mlak.edu.hu\/wp-content\/uploads\/2023\/10\/FB_IMG_1696262149401.jpg 1080w\" sizes=\"(max-width: 604px) 100vw, 604px\" \/><\/p>\n<p style=\"text-align: justify;\">A Magyarlak-Cs\u00f6r\u00f6tnek \u00c1ltal\u00e1nos Iskola \u00e9let\u00e9ben kiemelt szerepet kap a hagyom\u00e1nyok \u0151rz\u00e9se \u00e9s az \u00e9rt\u00e9kment\u00e9s, \u00edgy m\u00e1r \u00e9vek \u00f3ta akt\u00edv szerepet v\u00e1llalunk az \u00e9rintett telep\u00fcl\u00e9sek (Magyarlak, Cs\u00f6r\u00f6tnek, R\u00e1bagyarmat) nagyrendezv\u00e9nyein. Szeptember 30-\u00e1n a Cs\u00f6r\u00f6tneki Sz\u00fcreti Vigadalomban vett\u00fcnk r\u00e9szt iskolaszinten.<\/p>\n<p style=\"text-align: justify;\">A tagint\u00e9zm\u00e9ny di\u00e1kjai \u00e9s pedag\u00f3gusai k\u00e9k ruh\u00e1t \u00f6ltve, gyermeki kezek \u00e1ltal k\u00e9sz\u00edtett pap\u00edrgalambokkal vonultak fel a sz\u00fcreti felvonul\u00e1son, \u00edgy szimboliz\u00e1lva, hogy b\u00e9k\u00e9t k\u00edv\u00e1nnak a vil\u00e1gban. \u00d6r\u00f6m\u00fcnkre szolg\u00e1lt, hogy t\u00f6bb sz\u00fcl\u0151 is csatlakozott hozz\u00e1nk. A Deutsch Szilvia tan\u00edt\u00f3n\u0151 \u00e1ltal vezetett iskolak\u00f3rus egy sz\u00fcreti dalcsokorral \u00f6rvendeztette meg a k\u00f6z\u00f6ns\u00e9get.<\/p>\n<p style=\"text-align: justify;\">Az als\u00f3 tagozatos tanul\u00f3k verssel, mond\u00f3k\u00e1val k\u00eds\u00e9rt mozg\u00e1sos j\u00e1t\u00e9kkal \u00e9s n\u00e9pi k\u00f6rj\u00e1t\u00e9kkal kedveskedtek. A m\u0171sort \u00f6ssze\u00e1ll\u00edtotta \u00e9s betan\u00edtotta B\u00e1lintn\u00e9 Pados Andrea tan\u00edt\u00f3n\u0151. Az iskola irodalmi szakk\u00f6r\u00f6sei Juliska \u00e9s Mariska tr\u00e9f\u00e1s jeleneteit adt\u00e1k el\u0151, \u00e9s sz\u00fcreti versekkel is k\u00e9sz\u00fcltek. A tanul\u00f3kat T\u00f3thn\u00e9 Tak\u00e1cs Hajnalka k\u00e9sz\u00edtette fel.<\/p>\n<p><img decoding=\"async\" class=\"aligncenter size-large wp-image-1616\" src=\"https:\/\/altisk-mlak.edu.hu\/wp-content\/uploads\/2023\/10\/FB_IMG_1696262282886-1024x830.jpg\" alt=\"\" width=\"604\" height=\"490\" srcset=\"https:\/\/altisk-mlak.edu.hu\/wp-content\/uploads\/2023\/10\/FB_IMG_1696262282886-1024x830.jpg 1024w, https:\/\/altisk-mlak.edu.hu\/wp-content\/uploads\/2023\/10\/FB_IMG_1696262282886-300x243.jpg 300w, https:\/\/altisk-mlak.edu.hu\/wp-content\/uploads\/2023\/10\/FB_IMG_1696262282886-768x622.jpg 768w, https:\/\/altisk-mlak.edu.hu\/wp-content\/uploads\/2023\/10\/FB_IMG_1696262282886-600x486.jpg 600w, https:\/\/altisk-mlak.edu.hu\/wp-content\/uploads\/2023\/10\/FB_IMG_1696262282886.jpg 1080w\" sizes=\"(max-width: 604px) 100vw, 604px\" \/><\/p>\n<p style=\"text-align: justify;\">A rendezv\u00e9nyen deb\u00fct\u00e1lt a Moon Light T\u00e1nccsoport, amelyben minden oszt\u00e1ly k\u00e9pviselteti mag\u00e1t. Erre az alkalomra egy diszk\u00f3koreogr\u00e1fi\u00e1val k\u00e9sz\u00fcltek. A t\u00e1ncot Ozsv\u00e1ri Erika t\u00e1ncoktat\u00f3 tan\u00edtotta be.<\/p>\n<p><img decoding=\"async\" class=\"aligncenter size-full wp-image-1618\" src=\"https:\/\/altisk-mlak.edu.hu\/wp-content\/uploads\/2023\/10\/FB_IMG_1696262222323.jpg\" alt=\"\" width=\"1001\" height=\"521\" srcset=\"https:\/\/altisk-mlak.edu.hu\/wp-content\/uploads\/2023\/10\/FB_IMG_1696262222323.jpg 1001w, https:\/\/altisk-mlak.edu.hu\/wp-content\/uploads\/2023\/10\/FB_IMG_1696262222323-300x156.jpg 300w, https:\/\/altisk-mlak.edu.hu\/wp-content\/uploads\/2023\/10\/FB_IMG_1696262222323-768x400.jpg 768w, https:\/\/altisk-mlak.edu.hu\/wp-content\/uploads\/2023\/10\/FB_IMG_1696262222323-600x312.jpg 600w\" sizes=\"(max-width: 1001px) 100vw, 1001px\" \/><\/p>\n<p style=\"text-align: justify;\">Dics\u00e9ret illeti a programon r\u00e9szt vev\u0151 tanul\u00f3kat, mert pr\u00f3z\u00e1ban, \u00e9nekben \u00e9s t\u00e1ncban is remekeltek, \u00e9s megmutatt\u00e1k, hogy mennyi \u00e9rt\u00e9k rejlik a mi kis k\u00f6z\u00f6ss\u00e9g\u00fcnkben.<\/p>\n<p style=\"text-align: right;\"><em>Mezein\u00e9 Kiss Katalin<\/em><\/p>\n","protected":false},"excerpt":{"rendered":"<p>A Magyarlak-Cs\u00f6r\u00f6tnek \u00c1ltal\u00e1nos Iskola \u00e9let\u00e9ben kiemelt szerepet kap a hagyom\u00e1nyok \u0151rz\u00e9se \u00e9s az \u00e9rt\u00e9kment\u00e9s, \u00edgy m\u00e1r \u00e9vek \u00f3ta akt\u00edv szerepet v\u00e1llalunk az \u00e9rintett telep\u00fcl\u00e9sek (Magyarlak, Cs\u00f6r\u00f6tnek, R\u00e1bagyarmat) nagyrendezv\u00e9nyein. Szeptember 30-\u00e1n a Cs\u00f6r\u00f6tneki<a class=\"moretag\" href=\"https:\/\/altisk-mlak.edu.hu\/index.php\/ugyesen-szerepeltunk-a-csorotneki-szureti-mulatsagon\/\">Read More&#8230;<\/a><\/p>\n","protected":false},"author":3,"featured_media":0,"comment_status":"closed","ping_status":"closed","sticky":false,"template":"","format":"standard","meta":{"two_page_speed":[],"footnotes":""},"categories":[1],"tags":[],"class_list":["post-1615","post","type-post","status-publish","format-standard","hentry","category-egyeb"],"_links":{"self":[{"href":"https:\/\/altisk-mlak.edu.hu\/index.php\/wp-json\/wp\/v2\/posts\/1615","targetHints":{"allow":["GET"]}}],"collection":[{"href":"https:\/\/altisk-mlak.edu.hu\/index.php\/wp-json\/wp\/v2\/posts"}],"about":[{"href":"https:\/\/altisk-mlak.edu.hu\/index.php\/wp-json\/wp\/v2\/types\/post"}],"author":[{"embeddable":true,"href":"https:\/\/altisk-mlak.edu.hu\/index.php\/wp-json\/wp\/v2\/users\/3"}],"replies":[{"embeddable":true,"href":"https:\/\/altisk-mlak.edu.hu\/index.php\/wp-json\/wp\/v2\/comments?post=1615"}],"version-history":[{"count":1,"href":"https:\/\/altisk-mlak.edu.hu\/index.php\/wp-json\/wp\/v2\/posts\/1615\/revisions"}],"predecessor-version":[{"id":1619,"href":"https:\/\/altisk-mlak.edu.hu\/index.php\/wp-json\/wp\/v2\/posts\/1615\/revisions\/1619"}],"wp:attachment":[{"href":"https:\/\/altisk-mlak.edu.hu\/index.php\/wp-json\/wp\/v2\/media?parent=1615"}],"wp:term":[{"taxonomy":"category","embeddable":true,"href":"https:\/\/altisk-mlak.edu.hu\/index.php\/wp-json\/wp\/v2\/categories?post=1615"},{"taxonomy":"post_tag","embeddable":true,"href":"https:\/\/altisk-mlak.edu.hu\/index.php\/wp-json\/wp\/v2\/tags?post=1615"}],"curies":[{"name":"wp","href":"https:\/\/api.w.org\/{rel}","templated":true}]}}