{"id":1620,"date":"2023-10-10T09:51:47","date_gmt":"2023-10-10T09:51:47","guid":{"rendered":"https:\/\/altisk-mlak.edu.hu\/?p=1620"},"modified":"2023-10-19T05:56:50","modified_gmt":"2023-10-19T05:56:50","slug":"az-aradi-vertanuk-emleknapja-iskolankban-es-ratoton","status":"publish","type":"post","link":"https:\/\/altisk-mlak.edu.hu\/index.php\/az-aradi-vertanuk-emleknapja-iskolankban-es-ratoton\/","title":{"rendered":"Az aradi v\u00e9rtan\u00fak eml\u00e9knapja iskol\u00e1nkban \u00e9s R\u00e1t\u00f3ton"},"content":{"rendered":"<p align=\"justify\">Okt\u00f3ber 6-\u00e1n d\u00e9lel\u0151tt a magyarszakk\u00f6r tagjai egy kis megeml\u00e9kez\u00e9st mutattak be t\u00e1rsaiknak. A tanul\u00f3k modern technik\u00e1val, interakt\u00edv panelra vet\u00edtett vide\u00f3film seg\u00edts\u00e9g\u00e9vel eleven\u00edtett\u00e9k fel a v\u00e9rtan\u00fak \u00e9let\u00e9t. A m\u0171sort az \u00e9nekkar szerepl\u00e9se is sz\u00ednes\u00edtette. Az \u00fcnnep\u00e9ly meghat\u00f3 pillanata volt, amikor T\u00f3thn\u00e9 Tak\u00e1cs Hajnalka tan\u00e1rn\u0151 \u00e9s az als\u00f3s gyermekek egym\u00e1s kez\u00e9t fogva k\u00f6rbej\u00e1rt\u00e1k az \u201eEzt a f\u00f6ldet v\u00e1lasztottam\u201d c\u00edm\u0171 dalra a tizenh\u00e1rom m\u00e1rt\u00edr \u00e9s a t\u00f6bbi \u00e1ldozat tisztelet\u00e9re kitett m\u00e9cseseket. V\u00e9gezet\u00fcl az iskolak\u00f6z\u00f6ss\u00e9g k\u00f6z\u00f6s im\u00e1val ad\u00f3zott a h\u0151s\u00f6k eml\u00e9k\u00e9nek.<\/p>\n<table style=\"border-collapse: collapse; width: 100%;\">\n<tbody>\n<tr>\n<td style=\"width: 50%;\"><img fetchpriority=\"high\" decoding=\"async\" class=\"aligncenter size-large wp-image-1623\" src=\"https:\/\/altisk-mlak.edu.hu\/wp-content\/uploads\/2023\/10\/IMG_20231006_131438-1-865x1024.jpg\" alt=\"\" width=\"604\" height=\"715\" srcset=\"https:\/\/altisk-mlak.edu.hu\/wp-content\/uploads\/2023\/10\/IMG_20231006_131438-1-865x1024.jpg 865w, https:\/\/altisk-mlak.edu.hu\/wp-content\/uploads\/2023\/10\/IMG_20231006_131438-1-253x300.jpg 253w, https:\/\/altisk-mlak.edu.hu\/wp-content\/uploads\/2023\/10\/IMG_20231006_131438-1-768x909.jpg 768w, https:\/\/altisk-mlak.edu.hu\/wp-content\/uploads\/2023\/10\/IMG_20231006_131438-1-1298x1536.jpg 1298w, https:\/\/altisk-mlak.edu.hu\/wp-content\/uploads\/2023\/10\/IMG_20231006_131438-1-1730x2048.jpg 1730w, https:\/\/altisk-mlak.edu.hu\/wp-content\/uploads\/2023\/10\/IMG_20231006_131438-1-507x600.jpg 507w\" sizes=\"(max-width: 604px) 100vw, 604px\" \/><\/td>\n<td style=\"width: 50%;\"><img decoding=\"async\" class=\"aligncenter size-large wp-image-1621\" src=\"https:\/\/altisk-mlak.edu.hu\/wp-content\/uploads\/2023\/10\/IMG_20231006_131438-865x1024.jpg\" alt=\"\" width=\"604\" height=\"715\" srcset=\"https:\/\/altisk-mlak.edu.hu\/wp-content\/uploads\/2023\/10\/IMG_20231006_131438-865x1024.jpg 865w, https:\/\/altisk-mlak.edu.hu\/wp-content\/uploads\/2023\/10\/IMG_20231006_131438-253x300.jpg 253w, https:\/\/altisk-mlak.edu.hu\/wp-content\/uploads\/2023\/10\/IMG_20231006_131438-768x909.jpg 768w, https:\/\/altisk-mlak.edu.hu\/wp-content\/uploads\/2023\/10\/IMG_20231006_131438-1298x1536.jpg 1298w, https:\/\/altisk-mlak.edu.hu\/wp-content\/uploads\/2023\/10\/IMG_20231006_131438-1730x2048.jpg 1730w, https:\/\/altisk-mlak.edu.hu\/wp-content\/uploads\/2023\/10\/IMG_20231006_131438-507x600.jpg 507w\" sizes=\"(max-width: 604px) 100vw, 604px\" \/><\/td>\n<\/tr>\n<tr>\n<td colspan=\"2\"><img decoding=\"async\" class=\"aligncenter size-large wp-image-1622\" src=\"https:\/\/altisk-mlak.edu.hu\/wp-content\/uploads\/2023\/10\/IMG_20231006_131507-1024x685.jpg\" alt=\"\" width=\"604\" height=\"404\" srcset=\"https:\/\/altisk-mlak.edu.hu\/wp-content\/uploads\/2023\/10\/IMG_20231006_131507-1024x685.jpg 1024w, https:\/\/altisk-mlak.edu.hu\/wp-content\/uploads\/2023\/10\/IMG_20231006_131507-300x201.jpg 300w, https:\/\/altisk-mlak.edu.hu\/wp-content\/uploads\/2023\/10\/IMG_20231006_131507-768x514.jpg 768w, https:\/\/altisk-mlak.edu.hu\/wp-content\/uploads\/2023\/10\/IMG_20231006_131507-1536x1028.jpg 1536w, https:\/\/altisk-mlak.edu.hu\/wp-content\/uploads\/2023\/10\/IMG_20231006_131507-600x401.jpg 600w, https:\/\/altisk-mlak.edu.hu\/wp-content\/uploads\/2023\/10\/IMG_20231006_131507-272x182.jpg 272w, https:\/\/altisk-mlak.edu.hu\/wp-content\/uploads\/2023\/10\/IMG_20231006_131507.jpg 2000w\" sizes=\"(max-width: 604px) 100vw, 604px\" \/><\/td>\n<\/tr>\n<\/tbody>\n<\/table>\n<p align=\"justify\">D\u00e9lut\u00e1n az iskolak\u00f6z\u00f6ss\u00e9g nev\u00e9ben Horv\u00e1th Lilla, Deli Aida Anna, Horv\u00e1th Mil\u00e1n, T\u00f6r\u00f6k S\u00e1ndor, Horv\u00e1th Judit, J\u00f3zsi J\u00e1zmin, Gratzl Marcell, Kiszely D\u00e1vid tanul\u00f3k, \u00c1gnes n\u0151v\u00e9r, T\u00f3thn\u00e9 Tak\u00e1cs Hajnalka, Kov\u00e1cs Zsuzsanna \u00e9s Mezein\u00e9 Kiss Katalin pedag\u00f3gusok ell\u00e1togattak a r\u00e1t\u00f3ti megeml\u00e9kez\u00e9sre is. Az eml\u00e9kez\u0151k r\u00e9szt vettek a Dr. Tak\u00e1cs Gyula \u00e9s Bodork\u00f3s Imre pl\u00e9b\u00e1nosok \u00e1ltal celebr\u00e1lt \u00fcnnepi szentmis\u00e9n, majd \u00e1tvonultak az Aradi V\u00e9rtan\u00fak Eml\u00e9kparkj\u00e1ba, ahol a t\u00f6lgyf\u00e1k \u00e1rny\u00e9k\u00e1ban egy sz\u00ednvonalas m\u0171sort n\u00e9zhettek meg. Az el\u0151ad\u00e1s sor\u00e1n m\u0171v\u00e9szek id\u00e9zt\u00e9k fel a h\u0151s\u00f6k \u00e9let\u00e9t, utols\u00f3 napjaikat, kiv\u00e9gz\u00e9s\u00fcket. Ezt k\u00f6vet\u0151en a di\u00e1kok \u00e9s az iskola vezet\u0151s\u00e9ge koszor\u00fat helyezett el a m\u00e1rt\u00edrok eml\u00e9kk\u00f6vein\u00e9l \u00e9s De\u00e1k szobr\u00e1n\u00e1l, \u00edgy tisztelegve a h\u0151s\u00f6k el\u0151tt.<\/p>\n<table style=\"border-collapse: collapse; width: 100%;\">\n<tbody>\n<tr>\n<td style=\"width: 50%;\"><img loading=\"lazy\" decoding=\"async\" class=\"aligncenter size-large wp-image-1627\" src=\"https:\/\/altisk-mlak.edu.hu\/wp-content\/uploads\/2023\/10\/aradi-1-576x1024.jpg\" alt=\"\" width=\"576\" height=\"1024\" srcset=\"https:\/\/altisk-mlak.edu.hu\/wp-content\/uploads\/2023\/10\/aradi-1-576x1024.jpg 576w, https:\/\/altisk-mlak.edu.hu\/wp-content\/uploads\/2023\/10\/aradi-1-169x300.jpg 169w, https:\/\/altisk-mlak.edu.hu\/wp-content\/uploads\/2023\/10\/aradi-1-768x1365.jpg 768w, https:\/\/altisk-mlak.edu.hu\/wp-content\/uploads\/2023\/10\/aradi-1-864x1536.jpg 864w, https:\/\/altisk-mlak.edu.hu\/wp-content\/uploads\/2023\/10\/aradi-1-338x600.jpg 338w, https:\/\/altisk-mlak.edu.hu\/wp-content\/uploads\/2023\/10\/aradi-1.jpg 1152w\" sizes=\"(max-width: 576px) 100vw, 576px\" \/><\/td>\n<td style=\"width: 50%;\"><img loading=\"lazy\" decoding=\"async\" class=\"aligncenter size-large wp-image-1626\" src=\"https:\/\/altisk-mlak.edu.hu\/wp-content\/uploads\/2023\/10\/aradi-4-576x1024.jpg\" alt=\"\" width=\"576\" height=\"1024\" srcset=\"https:\/\/altisk-mlak.edu.hu\/wp-content\/uploads\/2023\/10\/aradi-4-576x1024.jpg 576w, https:\/\/altisk-mlak.edu.hu\/wp-content\/uploads\/2023\/10\/aradi-4-169x300.jpg 169w, https:\/\/altisk-mlak.edu.hu\/wp-content\/uploads\/2023\/10\/aradi-4-768x1365.jpg 768w, https:\/\/altisk-mlak.edu.hu\/wp-content\/uploads\/2023\/10\/aradi-4-864x1536.jpg 864w, https:\/\/altisk-mlak.edu.hu\/wp-content\/uploads\/2023\/10\/aradi-4-338x600.jpg 338w, https:\/\/altisk-mlak.edu.hu\/wp-content\/uploads\/2023\/10\/aradi-4.jpg 1152w\" sizes=\"(max-width: 576px) 100vw, 576px\" \/><\/td>\n<\/tr>\n<tr>\n<td style=\"width: 50%;\"><img loading=\"lazy\" decoding=\"async\" class=\"aligncenter size-large wp-image-1625\" src=\"https:\/\/altisk-mlak.edu.hu\/wp-content\/uploads\/2023\/10\/aradi-6-576x1024.jpg\" alt=\"\" width=\"576\" height=\"1024\" srcset=\"https:\/\/altisk-mlak.edu.hu\/wp-content\/uploads\/2023\/10\/aradi-6-576x1024.jpg 576w, https:\/\/altisk-mlak.edu.hu\/wp-content\/uploads\/2023\/10\/aradi-6-169x300.jpg 169w, https:\/\/altisk-mlak.edu.hu\/wp-content\/uploads\/2023\/10\/aradi-6-768x1365.jpg 768w, https:\/\/altisk-mlak.edu.hu\/wp-content\/uploads\/2023\/10\/aradi-6-864x1536.jpg 864w, https:\/\/altisk-mlak.edu.hu\/wp-content\/uploads\/2023\/10\/aradi-6-338x600.jpg 338w, https:\/\/altisk-mlak.edu.hu\/wp-content\/uploads\/2023\/10\/aradi-6.jpg 1152w\" sizes=\"(max-width: 576px) 100vw, 576px\" \/><\/td>\n<td style=\"width: 50%;\"><img loading=\"lazy\" decoding=\"async\" class=\"aligncenter wp-image-1624\" src=\"https:\/\/altisk-mlak.edu.hu\/wp-content\/uploads\/2023\/10\/aradi-8-138x300.jpg\" alt=\"\" width=\"231\" height=\"500\" srcset=\"https:\/\/altisk-mlak.edu.hu\/wp-content\/uploads\/2023\/10\/aradi-8-138x300.jpg 138w, https:\/\/altisk-mlak.edu.hu\/wp-content\/uploads\/2023\/10\/aradi-8-473x1024.jpg 473w, https:\/\/altisk-mlak.edu.hu\/wp-content\/uploads\/2023\/10\/aradi-8-768x1664.jpg 768w, https:\/\/altisk-mlak.edu.hu\/wp-content\/uploads\/2023\/10\/aradi-8-709x1536.jpg 709w, https:\/\/altisk-mlak.edu.hu\/wp-content\/uploads\/2023\/10\/aradi-8-277x600.jpg 277w, https:\/\/altisk-mlak.edu.hu\/wp-content\/uploads\/2023\/10\/aradi-8.jpg 945w\" sizes=\"(max-width: 231px) 100vw, 231px\" \/><\/td>\n<\/tr>\n<tr>\n<td style=\"width: 50%;\"><img loading=\"lazy\" decoding=\"async\" class=\"aligncenter size-large wp-image-1631\" src=\"https:\/\/altisk-mlak.edu.hu\/wp-content\/uploads\/2023\/10\/aradi-2-1024x576.jpg\" alt=\"\" width=\"604\" height=\"340\" srcset=\"https:\/\/altisk-mlak.edu.hu\/wp-content\/uploads\/2023\/10\/aradi-2-1024x576.jpg 1024w, https:\/\/altisk-mlak.edu.hu\/wp-content\/uploads\/2023\/10\/aradi-2-300x169.jpg 300w, https:\/\/altisk-mlak.edu.hu\/wp-content\/uploads\/2023\/10\/aradi-2-768x432.jpg 768w, https:\/\/altisk-mlak.edu.hu\/wp-content\/uploads\/2023\/10\/aradi-2-1536x864.jpg 1536w, https:\/\/altisk-mlak.edu.hu\/wp-content\/uploads\/2023\/10\/aradi-2-1600x900.jpg 1600w, https:\/\/altisk-mlak.edu.hu\/wp-content\/uploads\/2023\/10\/aradi-2-600x338.jpg 600w, https:\/\/altisk-mlak.edu.hu\/wp-content\/uploads\/2023\/10\/aradi-2.jpg 2048w\" sizes=\"(max-width: 604px) 100vw, 604px\" \/><\/td>\n<td style=\"width: 50%;\"><img loading=\"lazy\" decoding=\"async\" class=\"aligncenter size-large wp-image-1630\" src=\"https:\/\/altisk-mlak.edu.hu\/wp-content\/uploads\/2023\/10\/aradi-3-1024x576.jpg\" alt=\"\" width=\"604\" height=\"340\" srcset=\"https:\/\/altisk-mlak.edu.hu\/wp-content\/uploads\/2023\/10\/aradi-3-1024x576.jpg 1024w, https:\/\/altisk-mlak.edu.hu\/wp-content\/uploads\/2023\/10\/aradi-3-300x169.jpg 300w, https:\/\/altisk-mlak.edu.hu\/wp-content\/uploads\/2023\/10\/aradi-3-768x432.jpg 768w, https:\/\/altisk-mlak.edu.hu\/wp-content\/uploads\/2023\/10\/aradi-3-1536x864.jpg 1536w, https:\/\/altisk-mlak.edu.hu\/wp-content\/uploads\/2023\/10\/aradi-3-1600x900.jpg 1600w, https:\/\/altisk-mlak.edu.hu\/wp-content\/uploads\/2023\/10\/aradi-3-600x338.jpg 600w, https:\/\/altisk-mlak.edu.hu\/wp-content\/uploads\/2023\/10\/aradi-3.jpg 2048w\" sizes=\"(max-width: 604px) 100vw, 604px\" \/><\/td>\n<\/tr>\n<tr>\n<td style=\"width: 50%;\"><img loading=\"lazy\" decoding=\"async\" class=\"aligncenter size-large wp-image-1629\" src=\"https:\/\/altisk-mlak.edu.hu\/wp-content\/uploads\/2023\/10\/aradi-5-1024x576.jpg\" alt=\"\" width=\"604\" height=\"340\" srcset=\"https:\/\/altisk-mlak.edu.hu\/wp-content\/uploads\/2023\/10\/aradi-5-1024x576.jpg 1024w, https:\/\/altisk-mlak.edu.hu\/wp-content\/uploads\/2023\/10\/aradi-5-300x169.jpg 300w, https:\/\/altisk-mlak.edu.hu\/wp-content\/uploads\/2023\/10\/aradi-5-768x432.jpg 768w, https:\/\/altisk-mlak.edu.hu\/wp-content\/uploads\/2023\/10\/aradi-5-1536x864.jpg 1536w, https:\/\/altisk-mlak.edu.hu\/wp-content\/uploads\/2023\/10\/aradi-5-1600x900.jpg 1600w, https:\/\/altisk-mlak.edu.hu\/wp-content\/uploads\/2023\/10\/aradi-5-600x338.jpg 600w, https:\/\/altisk-mlak.edu.hu\/wp-content\/uploads\/2023\/10\/aradi-5.jpg 2048w\" sizes=\"(max-width: 604px) 100vw, 604px\" \/><\/td>\n<td style=\"width: 50%;\"><img loading=\"lazy\" decoding=\"async\" class=\"aligncenter size-large wp-image-1628\" src=\"https:\/\/altisk-mlak.edu.hu\/wp-content\/uploads\/2023\/10\/aradi-7-1024x473.jpg\" alt=\"\" width=\"604\" height=\"279\" srcset=\"https:\/\/altisk-mlak.edu.hu\/wp-content\/uploads\/2023\/10\/aradi-7-1024x473.jpg 1024w, https:\/\/altisk-mlak.edu.hu\/wp-content\/uploads\/2023\/10\/aradi-7-300x138.jpg 300w, https:\/\/altisk-mlak.edu.hu\/wp-content\/uploads\/2023\/10\/aradi-7-768x354.jpg 768w, https:\/\/altisk-mlak.edu.hu\/wp-content\/uploads\/2023\/10\/aradi-7-1536x709.jpg 1536w, https:\/\/altisk-mlak.edu.hu\/wp-content\/uploads\/2023\/10\/aradi-7-600x277.jpg 600w, https:\/\/altisk-mlak.edu.hu\/wp-content\/uploads\/2023\/10\/aradi-7.jpg 2048w\" sizes=\"(max-width: 604px) 100vw, 604px\" \/><\/td>\n<\/tr>\n<\/tbody>\n<\/table>\n<p align=\"justify\">\n","protected":false},"excerpt":{"rendered":"<p>Okt\u00f3ber 6-\u00e1n d\u00e9lel\u0151tt a magyarszakk\u00f6r tagjai egy kis megeml\u00e9kez\u00e9st mutattak be t\u00e1rsaiknak. A tanul\u00f3k modern technik\u00e1val, interakt\u00edv panelra vet\u00edtett vide\u00f3film seg\u00edts\u00e9g\u00e9vel eleven\u00edtett\u00e9k fel a v\u00e9rtan\u00fak \u00e9let\u00e9t. A m\u0171sort az \u00e9nekkar szerepl\u00e9se is<a class=\"moretag\" href=\"https:\/\/altisk-mlak.edu.hu\/index.php\/az-aradi-vertanuk-emleknapja-iskolankban-es-ratoton\/\">Read More&#8230;<\/a><\/p>\n","protected":false},"author":3,"featured_media":0,"comment_status":"closed","ping_status":"closed","sticky":false,"template":"","format":"standard","meta":{"two_page_speed":[],"footnotes":""},"categories":[1],"tags":[],"class_list":["post-1620","post","type-post","status-publish","format-standard","hentry","category-egyeb"],"_links":{"self":[{"href":"https:\/\/altisk-mlak.edu.hu\/index.php\/wp-json\/wp\/v2\/posts\/1620","targetHints":{"allow":["GET"]}}],"collection":[{"href":"https:\/\/altisk-mlak.edu.hu\/index.php\/wp-json\/wp\/v2\/posts"}],"about":[{"href":"https:\/\/altisk-mlak.edu.hu\/index.php\/wp-json\/wp\/v2\/types\/post"}],"author":[{"embeddable":true,"href":"https:\/\/altisk-mlak.edu.hu\/index.php\/wp-json\/wp\/v2\/users\/3"}],"replies":[{"embeddable":true,"href":"https:\/\/altisk-mlak.edu.hu\/index.php\/wp-json\/wp\/v2\/comments?post=1620"}],"version-history":[{"count":1,"href":"https:\/\/altisk-mlak.edu.hu\/index.php\/wp-json\/wp\/v2\/posts\/1620\/revisions"}],"predecessor-version":[{"id":1632,"href":"https:\/\/altisk-mlak.edu.hu\/index.php\/wp-json\/wp\/v2\/posts\/1620\/revisions\/1632"}],"wp:attachment":[{"href":"https:\/\/altisk-mlak.edu.hu\/index.php\/wp-json\/wp\/v2\/media?parent=1620"}],"wp:term":[{"taxonomy":"category","embeddable":true,"href":"https:\/\/altisk-mlak.edu.hu\/index.php\/wp-json\/wp\/v2\/categories?post=1620"},{"taxonomy":"post_tag","embeddable":true,"href":"https:\/\/altisk-mlak.edu.hu\/index.php\/wp-json\/wp\/v2\/tags?post=1620"}],"curies":[{"name":"wp","href":"https:\/\/api.w.org\/{rel}","templated":true}]}}