{"id":1634,"date":"2023-10-19T05:58:28","date_gmt":"2023-10-19T05:58:28","guid":{"rendered":"https:\/\/altisk-mlak.edu.hu\/?p=1634"},"modified":"2023-10-20T09:04:49","modified_gmt":"2023-10-20T09:04:49","slug":"gyermekek-rozsafuzer-imaja-a-bekeert","status":"publish","type":"post","link":"https:\/\/altisk-mlak.edu.hu\/index.php\/gyermekek-rozsafuzer-imaja-a-bekeert\/","title":{"rendered":"Gyermekek R\u00f3zsaf\u00fcz\u00e9r-im\u00e1ja a b\u00e9k\u00e9\u00e9rt"},"content":{"rendered":"<p align=\"justify\"><span lang=\"hu-HU\">2023. okt\u00f3ber 18-\u00e1n, Szent Luk\u00e1cs evang\u00e9lista \u00fcnnep\u00e9n harmadik alkalommal csatlakoztunk az eg\u00e9sz vil\u00e1gegyh\u00e1z sz\u00e1m\u00e1ra meghirdetett im\u00e1hoz. A gyermekek im\u00e1ja okt\u00f3ber h\u00f3napban, a R\u00f3zsaf\u00fcz\u00e9r im\u00e1ds\u00e1gnak szentelt h\u00f3napban k\u00e9ri \u00e9gi \u00e9desany\u00e1nkat, Sz\u0171z M\u00e1ri\u00e1t, hogy k\u00f6zbenj\u00e1r\u00e1s\u00e1val seg\u00edtse az emberis\u00e9get: adjon b\u00e9k\u00e9t a h\u00e1bor\u00faval s\u00fajtott orsz\u00e1gokba, \u00e9s \u0151rizze meg a b\u00e9k\u00e9t ott, ahol azt vesz\u00e9ly fenyegeti. <\/span><\/p>\n<p align=\"justify\"><img fetchpriority=\"high\" decoding=\"async\" class=\"aligncenter size-large wp-image-1635\" src=\"https:\/\/altisk-mlak.edu.hu\/wp-content\/uploads\/2023\/10\/IMG_20231018_161250-1024x627.jpg\" alt=\"\" width=\"604\" height=\"370\" srcset=\"https:\/\/altisk-mlak.edu.hu\/wp-content\/uploads\/2023\/10\/IMG_20231018_161250-1024x627.jpg 1024w, https:\/\/altisk-mlak.edu.hu\/wp-content\/uploads\/2023\/10\/IMG_20231018_161250-300x184.jpg 300w, https:\/\/altisk-mlak.edu.hu\/wp-content\/uploads\/2023\/10\/IMG_20231018_161250-768x470.jpg 768w, https:\/\/altisk-mlak.edu.hu\/wp-content\/uploads\/2023\/10\/IMG_20231018_161250-1536x940.jpg 1536w, https:\/\/altisk-mlak.edu.hu\/wp-content\/uploads\/2023\/10\/IMG_20231018_161250-2048x1253.jpg 2048w, https:\/\/altisk-mlak.edu.hu\/wp-content\/uploads\/2023\/10\/IMG_20231018_161250-600x367.jpg 600w\" sizes=\"(max-width: 604px) 100vw, 604px\" \/><\/p>\n<p align=\"justify\"><span lang=\"hu-HU\">A negyedik \u00f3ra sz\u00fcnet\u00e9ben gy\u0171lt\u00fcnk \u00f6ssze iskol\u00e1nk aul\u00e1j\u00e1ban, \u00e9s a tanul\u00f3k fegyelmezetten r\u00f6gt\u00f6n felsorakoztak oszt\u00e1lyok szerint. K\u00e9t \u00e9ve, az els\u0151 alkalommal m\u00e9g megillet\u0151dve, el-elcsukl\u00f3 hangon im\u00e1dkoztak el\u0151 egy-egy \u00dcdv\u00f6zl\u00e9gyet a gyerekek; tavalyra m\u00e1r elm\u00falt a kezdeti bizonytalans\u00e1g, b\u00e1trabban, biztosabban sz\u00f3lt az ima; id\u00e9n pedig zengett a hangjuk, \u00e9rz\u0151d\u00f6tt, hogy VALAKIHEZ sz\u00f3lnak a gyerekek az im\u00e1ban. M\u00e9g a legkisebbek is hallj\u00e1k a r\u00e9gi \u00e9s leg\u00fajabb h\u00e1bor\u00fas t\u00f6rt\u00e9neteket, l\u00e1tj\u00e1k a k\u00e9pes h\u00edrad\u00e1sokat \u2013 pontosan tudj\u00e1k, hogy mi\u00e9rt im\u00e1dkoznak. <\/span><\/p>\n<p align=\"justify\"><span lang=\"hu-HU\">Mennyei Aty\u00e1nk, hallgasd meg gyermekeid k\u00f6ny\u00f6rg\u00e9s\u00e9t, hiszen Te ismered sz\u00edv\u00fcnk v\u00e1gy\u00e1t! Seg\u00edts minket, hogy a b\u00e9k\u00e9t megteremts\u00fck \u00e9s \u0151rizz\u00fck a sz\u00edv\u00fcnkben, csal\u00e1djainkban, k\u00f6rnyezet\u00fcnkben! Amen<\/span><\/p>\n","protected":false},"excerpt":{"rendered":"<p>2023. okt\u00f3ber 18-\u00e1n, Szent Luk\u00e1cs evang\u00e9lista \u00fcnnep\u00e9n harmadik alkalommal csatlakoztunk az eg\u00e9sz vil\u00e1gegyh\u00e1z sz\u00e1m\u00e1ra meghirdetett im\u00e1hoz. A gyermekek im\u00e1ja okt\u00f3ber h\u00f3napban, a R\u00f3zsaf\u00fcz\u00e9r im\u00e1ds\u00e1gnak szentelt h\u00f3napban k\u00e9ri \u00e9gi \u00e9desany\u00e1nkat, Sz\u0171z M\u00e1ri\u00e1t, hogy<a class=\"moretag\" href=\"https:\/\/altisk-mlak.edu.hu\/index.php\/gyermekek-rozsafuzer-imaja-a-bekeert\/\">Read More&#8230;<\/a><\/p>\n","protected":false},"author":3,"featured_media":0,"comment_status":"closed","ping_status":"closed","sticky":false,"template":"","format":"standard","meta":{"two_page_speed":[],"footnotes":""},"categories":[1],"tags":[],"class_list":["post-1634","post","type-post","status-publish","format-standard","hentry","category-egyeb"],"_links":{"self":[{"href":"https:\/\/altisk-mlak.edu.hu\/index.php\/wp-json\/wp\/v2\/posts\/1634","targetHints":{"allow":["GET"]}}],"collection":[{"href":"https:\/\/altisk-mlak.edu.hu\/index.php\/wp-json\/wp\/v2\/posts"}],"about":[{"href":"https:\/\/altisk-mlak.edu.hu\/index.php\/wp-json\/wp\/v2\/types\/post"}],"author":[{"embeddable":true,"href":"https:\/\/altisk-mlak.edu.hu\/index.php\/wp-json\/wp\/v2\/users\/3"}],"replies":[{"embeddable":true,"href":"https:\/\/altisk-mlak.edu.hu\/index.php\/wp-json\/wp\/v2\/comments?post=1634"}],"version-history":[{"count":2,"href":"https:\/\/altisk-mlak.edu.hu\/index.php\/wp-json\/wp\/v2\/posts\/1634\/revisions"}],"predecessor-version":[{"id":1638,"href":"https:\/\/altisk-mlak.edu.hu\/index.php\/wp-json\/wp\/v2\/posts\/1634\/revisions\/1638"}],"wp:attachment":[{"href":"https:\/\/altisk-mlak.edu.hu\/index.php\/wp-json\/wp\/v2\/media?parent=1634"}],"wp:term":[{"taxonomy":"category","embeddable":true,"href":"https:\/\/altisk-mlak.edu.hu\/index.php\/wp-json\/wp\/v2\/categories?post=1634"},{"taxonomy":"post_tag","embeddable":true,"href":"https:\/\/altisk-mlak.edu.hu\/index.php\/wp-json\/wp\/v2\/tags?post=1634"}],"curies":[{"name":"wp","href":"https:\/\/api.w.org\/{rel}","templated":true}]}}