{"id":1639,"date":"2023-10-20T09:07:12","date_gmt":"2023-10-20T09:07:12","guid":{"rendered":"https:\/\/altisk-mlak.edu.hu\/?p=1639"},"modified":"2023-10-24T09:07:42","modified_gmt":"2023-10-24T09:07:42","slug":"iskolamise-3","status":"publish","type":"post","link":"https:\/\/altisk-mlak.edu.hu\/index.php\/iskolamise-3\/","title":{"rendered":"ISKOLAMISE"},"content":{"rendered":"<p class=\"western\" lang=\"hu-HU\" style=\"text-align: center;\" align=\"justify\"><span style=\"font-family: Arial Black, serif;\"><span style=\"font-size: xx-large;\"><b>2023. okt\u00f3ber 24-\u00e9n (kedden)<\/b><\/span><\/span><span style=\"color: #050505;\"><span style=\"font-family: Arial Black, serif;\"><span style=\"font-size: xx-large;\"><b> 14.30 \u00f3rakor iskolamise lesz a Magyarlak-Cs\u00f6r\u00f6tnek \u00c1ltal\u00e1nos Iskol\u00e1ban.<\/b><\/span><\/span><\/span><\/p>\n<p lang=\"hu-HU\" style=\"text-align: center;\" align=\"justify\"><img fetchpriority=\"high\" decoding=\"async\" class=\"aligncenter size-full wp-image-1640\" src=\"https:\/\/altisk-mlak.edu.hu\/wp-content\/uploads\/2023\/10\/iskolamise.jpg\" alt=\"\" width=\"195\" height=\"258\" \/><\/p>\n<p class=\"western\" lang=\"hu-HU\" style=\"text-align: center;\" align=\"center\"><span style=\"color: #050505;\"><span style=\"font-family: Segoe UI, serif;\"><span style=\"font-size: large;\"><b>A mis\u00e9t bemutatja: Dr. Sz\u00e9kely J\u00e1nos szombathelyi megy\u00e9sp\u00fcsp\u00f6k<\/b><\/span><\/span><\/span><\/p>\n<p class=\"western\" lang=\"hu-HU\" style=\"text-align: center;\" align=\"justify\"><span style=\"color: #050505;\"><span style=\"font-family: Segoe UI, serif;\"><span style=\"font-size: large;\"><b>Szeretettel v\u00e1rjuk a Sz\u00fcl\u0151ket, Nagysz\u00fcl\u0151ket \u00e9s az Egyh\u00e1zk\u00f6zs\u00e9g tagjait!<\/b><\/span><\/span><\/span><\/p>\n","protected":false},"excerpt":{"rendered":"<p>2023. okt\u00f3ber 24-\u00e9n (kedden) 14.30 \u00f3rakor iskolamise lesz a Magyarlak-Cs\u00f6r\u00f6tnek \u00c1ltal\u00e1nos Iskol\u00e1ban. A mis\u00e9t bemutatja: Dr. Sz\u00e9kely J\u00e1nos szombathelyi megy\u00e9sp\u00fcsp\u00f6k Szeretettel v\u00e1rjuk a Sz\u00fcl\u0151ket, Nagysz\u00fcl\u0151ket \u00e9s az Egyh\u00e1zk\u00f6zs\u00e9g tagjait!<\/p>\n","protected":false},"author":3,"featured_media":0,"comment_status":"closed","ping_status":"closed","sticky":false,"template":"","format":"standard","meta":{"two_page_speed":[],"footnotes":""},"categories":[1],"tags":[],"class_list":["post-1639","post","type-post","status-publish","format-standard","hentry","category-egyeb"],"_links":{"self":[{"href":"https:\/\/altisk-mlak.edu.hu\/index.php\/wp-json\/wp\/v2\/posts\/1639","targetHints":{"allow":["GET"]}}],"collection":[{"href":"https:\/\/altisk-mlak.edu.hu\/index.php\/wp-json\/wp\/v2\/posts"}],"about":[{"href":"https:\/\/altisk-mlak.edu.hu\/index.php\/wp-json\/wp\/v2\/types\/post"}],"author":[{"embeddable":true,"href":"https:\/\/altisk-mlak.edu.hu\/index.php\/wp-json\/wp\/v2\/users\/3"}],"replies":[{"embeddable":true,"href":"https:\/\/altisk-mlak.edu.hu\/index.php\/wp-json\/wp\/v2\/comments?post=1639"}],"version-history":[{"count":2,"href":"https:\/\/altisk-mlak.edu.hu\/index.php\/wp-json\/wp\/v2\/posts\/1639\/revisions"}],"predecessor-version":[{"id":1642,"href":"https:\/\/altisk-mlak.edu.hu\/index.php\/wp-json\/wp\/v2\/posts\/1639\/revisions\/1642"}],"wp:attachment":[{"href":"https:\/\/altisk-mlak.edu.hu\/index.php\/wp-json\/wp\/v2\/media?parent=1639"}],"wp:term":[{"taxonomy":"category","embeddable":true,"href":"https:\/\/altisk-mlak.edu.hu\/index.php\/wp-json\/wp\/v2\/categories?post=1639"},{"taxonomy":"post_tag","embeddable":true,"href":"https:\/\/altisk-mlak.edu.hu\/index.php\/wp-json\/wp\/v2\/tags?post=1639"}],"curies":[{"name":"wp","href":"https:\/\/api.w.org\/{rel}","templated":true}]}}