{"id":1643,"date":"2023-10-24T09:13:57","date_gmt":"2023-10-24T09:13:57","guid":{"rendered":"https:\/\/altisk-mlak.edu.hu\/?p=1643"},"modified":"2023-10-24T09:15:30","modified_gmt":"2023-10-24T09:15:30","slug":"viragositas-iskolankban-onerobol","status":"publish","type":"post","link":"https:\/\/altisk-mlak.edu.hu\/index.php\/viragositas-iskolankban-onerobol\/","title":{"rendered":"Vir\u00e1gos\u00edt\u00e1s iskol\u00e1nkban \u00f6ner\u0151b\u0151l"},"content":{"rendered":"<p align=\"justify\">M\u00e1r \u00e9vek \u00f3ta szok\u00e1s iskol\u00e1nkban, hogy az iskola k\u00f6rnyezet\u00e9nek sz\u00e9p\u00edt\u00e9s\u00e9t a technikai dolgoz\u00f3k \u00e9s a gyerekek egy\u00fctt v\u00e9gzik. Az iskola el\u0151tti ker\u00edt\u00e9s ment\u00e9n mindig csodasz\u00e9p vir\u00e1gok d\u00edszlenek, ezt Holczbauer S\u00e1ndorn\u00e9 \u00c9va n\u00e9ninek k\u00f6sz\u00f6nhetj\u00fck. Az id\u00e9n \u0151sszel is \u0151 gondoskodott a sz\u00e9ps\u00e9ges \u00e1rv\u00e1csk\u00e1k beszerz\u00e9s\u00e9r\u0151l, melyet a pap\u00edrgy\u0171jt\u00e9sb\u0151l befolyt \u00f6sszeg egy r\u00e9sz\u00e9b\u0151l fedezt\u00fcnk.<\/p>\n<p align=\"justify\"><img fetchpriority=\"high\" decoding=\"async\" class=\"aligncenter size-large wp-image-1644\" src=\"https:\/\/altisk-mlak.edu.hu\/wp-content\/uploads\/2023\/10\/IMG_20231020_092714-1024x947.jpg\" alt=\"\" width=\"604\" height=\"559\" srcset=\"https:\/\/altisk-mlak.edu.hu\/wp-content\/uploads\/2023\/10\/IMG_20231020_092714-1024x947.jpg 1024w, https:\/\/altisk-mlak.edu.hu\/wp-content\/uploads\/2023\/10\/IMG_20231020_092714-300x277.jpg 300w, https:\/\/altisk-mlak.edu.hu\/wp-content\/uploads\/2023\/10\/IMG_20231020_092714-768x710.jpg 768w, https:\/\/altisk-mlak.edu.hu\/wp-content\/uploads\/2023\/10\/IMG_20231020_092714-1536x1420.jpg 1536w, https:\/\/altisk-mlak.edu.hu\/wp-content\/uploads\/2023\/10\/IMG_20231020_092714-2048x1893.jpg 2048w, https:\/\/altisk-mlak.edu.hu\/wp-content\/uploads\/2023\/10\/IMG_20231020_092714-600x555.jpg 600w\" sizes=\"(max-width: 604px) 100vw, 604px\" \/><\/p>\n<table style=\"border-collapse: collapse; width: 100%;\">\n<tbody>\n<tr>\n<td style=\"width: 50%;\"><img decoding=\"async\" class=\"aligncenter size-large wp-image-1646\" src=\"https:\/\/altisk-mlak.edu.hu\/wp-content\/uploads\/2023\/10\/IMG_20231020_092516-1024x972.jpg\" alt=\"\" width=\"604\" height=\"573\" srcset=\"https:\/\/altisk-mlak.edu.hu\/wp-content\/uploads\/2023\/10\/IMG_20231020_092516-1024x972.jpg 1024w, https:\/\/altisk-mlak.edu.hu\/wp-content\/uploads\/2023\/10\/IMG_20231020_092516-300x285.jpg 300w, https:\/\/altisk-mlak.edu.hu\/wp-content\/uploads\/2023\/10\/IMG_20231020_092516-768x729.jpg 768w, https:\/\/altisk-mlak.edu.hu\/wp-content\/uploads\/2023\/10\/IMG_20231020_092516-1536x1458.jpg 1536w, https:\/\/altisk-mlak.edu.hu\/wp-content\/uploads\/2023\/10\/IMG_20231020_092516-600x570.jpg 600w, https:\/\/altisk-mlak.edu.hu\/wp-content\/uploads\/2023\/10\/IMG_20231020_092516.jpg 2000w\" sizes=\"(max-width: 604px) 100vw, 604px\" \/><\/td>\n<td style=\"width: 50%;\"><img decoding=\"async\" class=\"aligncenter size-large wp-image-1645\" src=\"https:\/\/altisk-mlak.edu.hu\/wp-content\/uploads\/2023\/10\/IMG_20231020_092613-1024x998.jpg\" alt=\"\" width=\"604\" height=\"589\" srcset=\"https:\/\/altisk-mlak.edu.hu\/wp-content\/uploads\/2023\/10\/IMG_20231020_092613-1024x998.jpg 1024w, https:\/\/altisk-mlak.edu.hu\/wp-content\/uploads\/2023\/10\/IMG_20231020_092613-300x293.jpg 300w, https:\/\/altisk-mlak.edu.hu\/wp-content\/uploads\/2023\/10\/IMG_20231020_092613-768x749.jpg 768w, https:\/\/altisk-mlak.edu.hu\/wp-content\/uploads\/2023\/10\/IMG_20231020_092613-1536x1498.jpg 1536w, https:\/\/altisk-mlak.edu.hu\/wp-content\/uploads\/2023\/10\/IMG_20231020_092613-600x585.jpg 600w, https:\/\/altisk-mlak.edu.hu\/wp-content\/uploads\/2023\/10\/IMG_20231020_092613.jpg 2000w\" sizes=\"(max-width: 604px) 100vw, 604px\" \/><\/td>\n<\/tr>\n<\/tbody>\n<\/table>\n<p align=\"justify\">Mesics Tibor gondnok a seg\u00edts\u00e9g\u00fcnkre volt az elsz\u00e1radt ny\u00e1ri n\u00f6v\u00e9nyek kiszed\u00e9s\u00e9ben, elvitel\u00e9ben \u00e9s komposzt\u00e1l\u00e1s\u00e1ban. A munk\u00e1latokat innent\u0151l a tanul\u00f3k v\u00e9gezt\u00e9k technika \u00e9s tervez\u00e9s tan\u00f3r\u00e1n Kov\u00e1cs Zsuzsanna tan\u00e1rn\u0151 vezet\u00e9s\u00e9vel. A 6. oszt\u00e1lyos di\u00e1kok alaposan fellaz\u00edtott\u00e1k \u00e9s el\u0151k\u00e9sz\u00edtett\u00e9k a talajt a kis pal\u00e1nt\u00e1k el\u00fcltet\u00e9s\u00e9hez. A 7. oszt\u00e1lyos l\u00e1nyok szorgosan el\u00fcltett\u00e9k mind a nyolcvan t\u0151 \u00e1rv\u00e1csk\u00e1t. H\u00e1l\u00e1san k\u00f6sz\u00f6nj\u00fck a dolgoz\u00f3k \u00e9s a gyermekek k\u00f6rnyezetsz\u00e9p\u00edt\u0151 munk\u00e1j\u00e1t.<\/p>\n<p style=\"text-align: right;\"><i>Mezein\u00e9 Kiss Katalin<\/i><\/p>\n","protected":false},"excerpt":{"rendered":"<p>M\u00e1r \u00e9vek \u00f3ta szok\u00e1s iskol\u00e1nkban, hogy az iskola k\u00f6rnyezet\u00e9nek sz\u00e9p\u00edt\u00e9s\u00e9t a technikai dolgoz\u00f3k \u00e9s a gyerekek egy\u00fctt v\u00e9gzik. Az iskola el\u0151tti ker\u00edt\u00e9s ment\u00e9n mindig csodasz\u00e9p vir\u00e1gok d\u00edszlenek, ezt Holczbauer S\u00e1ndorn\u00e9 \u00c9va n\u00e9ninek<a class=\"moretag\" href=\"https:\/\/altisk-mlak.edu.hu\/index.php\/viragositas-iskolankban-onerobol\/\">Read More&#8230;<\/a><\/p>\n","protected":false},"author":3,"featured_media":0,"comment_status":"closed","ping_status":"closed","sticky":false,"template":"","format":"standard","meta":{"two_page_speed":[],"footnotes":""},"categories":[1],"tags":[],"class_list":["post-1643","post","type-post","status-publish","format-standard","hentry","category-egyeb"],"_links":{"self":[{"href":"https:\/\/altisk-mlak.edu.hu\/index.php\/wp-json\/wp\/v2\/posts\/1643","targetHints":{"allow":["GET"]}}],"collection":[{"href":"https:\/\/altisk-mlak.edu.hu\/index.php\/wp-json\/wp\/v2\/posts"}],"about":[{"href":"https:\/\/altisk-mlak.edu.hu\/index.php\/wp-json\/wp\/v2\/types\/post"}],"author":[{"embeddable":true,"href":"https:\/\/altisk-mlak.edu.hu\/index.php\/wp-json\/wp\/v2\/users\/3"}],"replies":[{"embeddable":true,"href":"https:\/\/altisk-mlak.edu.hu\/index.php\/wp-json\/wp\/v2\/comments?post=1643"}],"version-history":[{"count":1,"href":"https:\/\/altisk-mlak.edu.hu\/index.php\/wp-json\/wp\/v2\/posts\/1643\/revisions"}],"predecessor-version":[{"id":1647,"href":"https:\/\/altisk-mlak.edu.hu\/index.php\/wp-json\/wp\/v2\/posts\/1643\/revisions\/1647"}],"wp:attachment":[{"href":"https:\/\/altisk-mlak.edu.hu\/index.php\/wp-json\/wp\/v2\/media?parent=1643"}],"wp:term":[{"taxonomy":"category","embeddable":true,"href":"https:\/\/altisk-mlak.edu.hu\/index.php\/wp-json\/wp\/v2\/categories?post=1643"},{"taxonomy":"post_tag","embeddable":true,"href":"https:\/\/altisk-mlak.edu.hu\/index.php\/wp-json\/wp\/v2\/tags?post=1643"}],"curies":[{"name":"wp","href":"https:\/\/api.w.org\/{rel}","templated":true}]}}