{"id":1648,"date":"2023-10-24T09:19:25","date_gmt":"2023-10-24T09:19:25","guid":{"rendered":"https:\/\/altisk-mlak.edu.hu\/?p=1648"},"modified":"2023-10-24T09:19:54","modified_gmt":"2023-10-24T09:19:54","slug":"ismet-emlekeztunk","status":"publish","type":"post","link":"https:\/\/altisk-mlak.edu.hu\/index.php\/ismet-emlekeztunk\/","title":{"rendered":"Ism\u00e9t eml\u00e9kezt\u00fcnk"},"content":{"rendered":"<p align=\"justify\">1956. okt\u00f3ber 23-\u00e1n, alig t\u00f6bb mint 10 \u00e9vvel a II. vil\u00e1gh\u00e1bor\u00fa puszt\u00edt\u00e1sa ut\u00e1n fiataljaink, n\u00e9p\u00fcnk h\u0151siesen megpr\u00f3b\u00e1lta ler\u00e1zni mag\u00e1r\u00f3l azt a b\u00e9kly\u00f3t, melyet vesztesk\u00e9nt, felszabad\u00edtottk\u00e9nt r\u00e1nk helyezett a gy\u0151ztes hatalom, megfosztva minket a szabad \u00f6nrendelkez\u00e9st\u0151l, a sz\u00f3l\u00e1sszabads\u00e1gt\u00f3l, a nemzeti f\u00fcggetlens\u00e9gt\u0151l. B\u00e1tor, vakmer\u0151 honfit\u00e1rsaink akkor, f\u00e1j\u00f3 \u00e9s megal\u00e1z\u00f3 m\u00f3don, tragikus vesztes\u00e9gek mellett veres\u00e9get szenvedtek a nagyhatalmak szor\u00edt\u00e1sa k\u00f6z\u00f6tt.<br \/>\nIgazi szabads\u00e1gunk csak 33 \u00e9vre r\u00e1, a vil\u00e1g politikai er\u0151inek megv\u00e1ltoz\u00e1sa nyom\u00e1n, 1989-ben j\u00f6tt el, amikor v\u00e9gre szabadon l\u00e9legezhett\u00fcnk, mondhattunk szabadon v\u00e9lem\u00e9nyt, \u00e9s alak\u00edthattuk v\u00e9gre szabadon saj\u00e1t tov\u00e1bbi sorsunkat, \u00e9let\u00fcnket.<\/p>\n<p align=\"justify\">Ez m\u00e1r v\u00e9r n\u00e9lk\u00fcli forradalom volt, de az\u00f3ta is k\u00f6teless\u00e9g\u00fcnknek \u00e9rezz\u00fck megeml\u00e9kezni azokr\u00f3l a b\u00e1tor hazafiakr\u00f3l, h\u0151s\u00f6kr\u0151l, v\u00e9rt \u00e9s \u00e1ldozatot k\u00edv\u00e1n\u00f3 harcukr\u00f3l, melyet \u0151k m\u00e1r 1956-ban, akkor m\u00e9g sikertelen\u00fcl megv\u00edvtak. Ha r\u00e1juk nem eml\u00e9kezn\u00e9nk, ha a szabads\u00e1g\u00e9rt v\u00edvott k\u00fczdelm\u00fck feled\u00e9sbe mer\u00fclne, fiataljaink \u00e9s k\u00e9s\u0151bbi gener\u00e1ci\u00f3ink nem \u00e9rezhetn\u00e9k mostani szabads\u00e1gunk, demokr\u00e1ci\u00e1nk s\u00faly\u00e1t \u00e9s semmihez sem foghat\u00f3 \u00e9rt\u00e9k\u00e9t, jelent\u0151s\u00e9g\u00e9t.<\/p>\n<p align=\"justify\">Ennek megfelel\u0151en iskol\u00e1nkban, ahogy tett\u00fck ezt \u00e9vr\u0151l \u00e9vre, id\u00e9n okt\u00f3ber 20-\u00e1n, az \u00fcnnepet megel\u0151z\u0151 het\u00fcnk utols\u00f3 tan\u00edt\u00e1si napj\u00e1n mi is megeml\u00e9kezt\u00fcnk 1956-os forradalmunkr\u00f3l. Hagyom\u00e1nyosan ez a megeml\u00e9kez\u00e9s mindig a 8. \u00e9vfolyam egyik sz\u00e9p feladata szokott lenni, \u00e9s \u00edgy volt ez most is.<\/p>\n<p align=\"justify\">Mostani nyolcadikosaink 4 tanul\u00f3j\u00e1t, Gratzl Marcellt, Petrovics Andr\u00e1st, Racker Karolin\u00e1t \u00e9s Horv\u00e1th Anaszt\u00e1zi\u00e1t egy n\u00edv\u00f3s, az esem\u00e9ny jelent\u0151s\u00e9g\u00e9t m\u00e9lt\u00f3 m\u00f3don kiemel\u0151 kis m\u0171sorra T\u00f3thn\u00e9 Tak\u00e1cs Hajnalka tan\u00e1rn\u0151 k\u00e9sz\u00edtette fel. Szerepeiket mindannyian j\u00f3l felk\u00e9sz\u00fclten, b\u00e1tran, egyetlen hiba vagy t\u00e9veszt\u00e9s n\u00e9lk\u00fcl adt\u00e1k el\u0151. A korabeli filmfelv\u00e9tel, a tal\u00e1l\u00f3an megv\u00e1lasztott pr\u00f3zai elemek \u00e9s az iskol\u00e1nk \u00e9nekkara \u00e1ltal st\u00edlusosan t\u00e1mogatott zenei bet\u00e9tek v\u00e1ltozatos m\u0171sort eredm\u00e9nyeztek.<\/p>\n<p align=\"justify\"><img fetchpriority=\"high\" decoding=\"async\" class=\"aligncenter size-large wp-image-1650\" src=\"https:\/\/altisk-mlak.edu.hu\/wp-content\/uploads\/2023\/10\/IMG_20231020_132519-1024x776.jpg\" alt=\"\" width=\"604\" height=\"458\" srcset=\"https:\/\/altisk-mlak.edu.hu\/wp-content\/uploads\/2023\/10\/IMG_20231020_132519-1024x776.jpg 1024w, https:\/\/altisk-mlak.edu.hu\/wp-content\/uploads\/2023\/10\/IMG_20231020_132519-300x227.jpg 300w, https:\/\/altisk-mlak.edu.hu\/wp-content\/uploads\/2023\/10\/IMG_20231020_132519-768x582.jpg 768w, https:\/\/altisk-mlak.edu.hu\/wp-content\/uploads\/2023\/10\/IMG_20231020_132519-1536x1164.jpg 1536w, https:\/\/altisk-mlak.edu.hu\/wp-content\/uploads\/2023\/10\/IMG_20231020_132519-600x455.jpg 600w, https:\/\/altisk-mlak.edu.hu\/wp-content\/uploads\/2023\/10\/IMG_20231020_132519.jpg 1730w\" sizes=\"(max-width: 604px) 100vw, 604px\" \/><\/p>\n<p align=\"justify\">Fontosnak tartjuk, hogy ezek a megeml\u00e9kez\u00e9sek, b\u00e1r tartalmukban, kis di\u00e1kjaink sz\u00e1m\u00e1ra m\u00e9g tal\u00e1n nem minden tekintetben \u00e9rthet\u0151k, k\u00f6zvet\u00edts\u00e9k a forradalmi esem\u00e9ny jelent\u0151s\u00e9g\u00e9t, az akkori h\u0151seinkre \u00e9s \u00e1ldozatukra val\u00f3 eml\u00e9kez\u00e9s fontoss\u00e1g\u00e1t. Az ilyenkor rajtunk l\u00e9v\u0151 tiszta, \u00fcnnepi \u00f6lt\u00f6zet, az emelkedett, tiszteletteljes hangulat, a fegyelmezetts\u00e9g, az el\u0151ad\u00f3k hiteles, felk\u00e9sz\u00fclt szerepl\u00e9se egy\u00fcttesen seg\u00edtik \u00e9reztetni tanul\u00f3inkkal az esem\u00e9ny fontoss\u00e1g\u00e1t, \u00e9s tal\u00e1n \u00e9reztetik a sz\u00e1mukra m\u00e1r term\u00e9szetes szabads\u00e1g megbecs\u00fcl\u00e9s\u00e9nek, valamint magyars\u00e1gtudatunknak a fontoss\u00e1g\u00e1t.<\/p>\n<p align=\"justify\"><img decoding=\"async\" class=\"aligncenter size-large wp-image-1649\" src=\"https:\/\/altisk-mlak.edu.hu\/wp-content\/uploads\/2023\/10\/received_707162831465254-1024x768.jpeg\" alt=\"\" width=\"604\" height=\"453\" srcset=\"https:\/\/altisk-mlak.edu.hu\/wp-content\/uploads\/2023\/10\/received_707162831465254-1024x768.jpeg 1024w, https:\/\/altisk-mlak.edu.hu\/wp-content\/uploads\/2023\/10\/received_707162831465254-300x225.jpeg 300w, https:\/\/altisk-mlak.edu.hu\/wp-content\/uploads\/2023\/10\/received_707162831465254-768x576.jpeg 768w, https:\/\/altisk-mlak.edu.hu\/wp-content\/uploads\/2023\/10\/received_707162831465254-1536x1152.jpeg 1536w, https:\/\/altisk-mlak.edu.hu\/wp-content\/uploads\/2023\/10\/received_707162831465254-600x450.jpeg 600w, https:\/\/altisk-mlak.edu.hu\/wp-content\/uploads\/2023\/10\/received_707162831465254.jpeg 2048w\" sizes=\"(max-width: 604px) 100vw, 604px\" \/><\/p>\n<p align=\"justify\">Ebben az \u00e9vben Mezein\u00e9 Kiss Katalin igazgat\u00f3n\u0151nk, Kov\u00e1cs Zsuzsanna tan\u00e1rn\u0151 \u00e9s j\u00f3magam is egy-egy kisebb szerepet v\u00e1llaltunk az el\u0151ad\u00e1sban a hi\u00e1nyz\u00e1sokkal t\u0171zdelt nyolcadikosaink t\u00e1mogat\u00e1s\u00e1ra. S tal\u00e1n tessz\u00fck majd ezt a j\u00f6v\u0151ben is, hiszen tanul\u00f3ink j\u00f3 visszajelz\u00e9seket adtak, \u00e9s \u00e9rezhet\u0151 volt ennek a k\u00f6z\u00f6s munk\u00e1nak, el\u0151ad\u00e1sm\u00f3dnak a pozit\u00edv, a megszokottb\u00f3l kimozd\u00edt\u00f3 hat\u00e1sa.<\/p>\n<p align=\"justify\">B\u00edzunk benne, hogy a j\u00f6v\u0151 \u00e9vben is lesznek di\u00e1kjaink, akik j\u00f3 sz\u00edvvel v\u00e1llalnak egy hasonl\u00f3an sz\u00ednvonalas megeml\u00e9kez\u00e9sen val\u00f3 szerepl\u00e9st. Mi t\u00e1mogatjuk \u0151ket.<\/p>\n<p style=\"text-align: right;\" align=\"justify\"><em>M\u00e9h\u00e9sz Zolt\u00e1n<\/em><\/p>\n","protected":false},"excerpt":{"rendered":"<p>1956. okt\u00f3ber 23-\u00e1n, alig t\u00f6bb mint 10 \u00e9vvel a II. vil\u00e1gh\u00e1bor\u00fa puszt\u00edt\u00e1sa ut\u00e1n fiataljaink, n\u00e9p\u00fcnk h\u0151siesen megpr\u00f3b\u00e1lta ler\u00e1zni mag\u00e1r\u00f3l azt a b\u00e9kly\u00f3t, melyet vesztesk\u00e9nt, felszabad\u00edtottk\u00e9nt r\u00e1nk helyezett a gy\u0151ztes hatalom, megfosztva minket<a class=\"moretag\" href=\"https:\/\/altisk-mlak.edu.hu\/index.php\/ismet-emlekeztunk\/\">Read More&#8230;<\/a><\/p>\n","protected":false},"author":3,"featured_media":0,"comment_status":"closed","ping_status":"closed","sticky":false,"template":"","format":"standard","meta":{"two_page_speed":[],"footnotes":""},"categories":[1],"tags":[],"class_list":["post-1648","post","type-post","status-publish","format-standard","hentry","category-egyeb"],"_links":{"self":[{"href":"https:\/\/altisk-mlak.edu.hu\/index.php\/wp-json\/wp\/v2\/posts\/1648","targetHints":{"allow":["GET"]}}],"collection":[{"href":"https:\/\/altisk-mlak.edu.hu\/index.php\/wp-json\/wp\/v2\/posts"}],"about":[{"href":"https:\/\/altisk-mlak.edu.hu\/index.php\/wp-json\/wp\/v2\/types\/post"}],"author":[{"embeddable":true,"href":"https:\/\/altisk-mlak.edu.hu\/index.php\/wp-json\/wp\/v2\/users\/3"}],"replies":[{"embeddable":true,"href":"https:\/\/altisk-mlak.edu.hu\/index.php\/wp-json\/wp\/v2\/comments?post=1648"}],"version-history":[{"count":2,"href":"https:\/\/altisk-mlak.edu.hu\/index.php\/wp-json\/wp\/v2\/posts\/1648\/revisions"}],"predecessor-version":[{"id":1652,"href":"https:\/\/altisk-mlak.edu.hu\/index.php\/wp-json\/wp\/v2\/posts\/1648\/revisions\/1652"}],"wp:attachment":[{"href":"https:\/\/altisk-mlak.edu.hu\/index.php\/wp-json\/wp\/v2\/media?parent=1648"}],"wp:term":[{"taxonomy":"category","embeddable":true,"href":"https:\/\/altisk-mlak.edu.hu\/index.php\/wp-json\/wp\/v2\/categories?post=1648"},{"taxonomy":"post_tag","embeddable":true,"href":"https:\/\/altisk-mlak.edu.hu\/index.php\/wp-json\/wp\/v2\/tags?post=1648"}],"curies":[{"name":"wp","href":"https:\/\/api.w.org\/{rel}","templated":true}]}}