{"id":1664,"date":"2023-10-26T07:01:39","date_gmt":"2023-10-26T07:01:39","guid":{"rendered":"https:\/\/altisk-mlak.edu.hu\/?p=1664"},"modified":"2023-10-26T07:01:48","modified_gmt":"2023-10-26T07:01:48","slug":"szent-marton-nap","status":"publish","type":"post","link":"https:\/\/altisk-mlak.edu.hu\/index.php\/szent-marton-nap\/","title":{"rendered":"Szent M\u00e1rton-nap"},"content":{"rendered":"<p style=\"text-align: center;\" align=\"center\"><span style=\"color: #ff0000;\"><span style=\"font-family: Arial, serif;\"><span style=\"font-size: large;\"><b>Szent M\u00e1rton-nap a Magyarlak-Cs\u00f6r\u00f6tnek \u00c1ltal\u00e1nos Iskol\u00e1ban<br \/>2023. november 10-\u00e9n (p\u00e9nteken) <\/b><\/span><\/span><\/span><\/p>\n<p style=\"text-align: center;\" align=\"justify\"><span style=\"color: #00b050;\"><span style=\"font-family: Arial, serif;\"><span style=\"font-size: medium;\"><b>15<\/b><\/span><\/span><\/span><span style=\"color: #00b050;\"><sup><span style=\"font-family: Arial, serif;\"><span style=\"font-size: medium;\"><b>00<\/b><\/span><\/span><\/sup><\/span><span style=\"color: #00b050;\"><span style=\"font-family: Arial, serif;\"><span style=\"font-size: medium;\"><b>-t\u00f3l<\/b><\/span><\/span><\/span><span style=\"color: #00b050;\"><span style=\"font-family: Arial, serif;\"><span style=\"font-size: medium;\"><b> K\u00e9zm\u0171ves foglalkoz\u00e1s: lampionk\u00e9sz\u00edt\u00e9s, origami, Szent M\u00e1rton-kard k\u00e9sz\u00edt\u00e9se<\/b><\/span><\/span><\/span><\/p>\n<p style=\"text-align: center;\" align=\"justify\"><span style=\"color: #00b050;\"><span style=\"font-family: Arial, serif;\"><span style=\"font-size: medium;\"><b> Daltanul\u00e1s, ismerked\u00e9s Szent M\u00e1rton \u00e9let\u00e9vel<\/b><\/span><\/span><\/span><\/p>\n<p style=\"text-align: center;\" align=\"justify\"><span style=\"color: #00b050;\"><span style=\"font-family: Arial, serif;\"><span style=\"font-size: medium;\"><b>Lib\u00e1s finoms\u00e1gok k\u00f3stol\u00e1sa<\/b><\/span><\/span><\/span><\/p>\n<p style=\"text-align: center;\" align=\"justify\"><span style=\"color: #7030a0;\"><span style=\"font-family: Arial, serif;\"><span style=\"font-size: medium;\"><b>16<\/b><\/span><\/span><\/span><span style=\"color: #7030a0;\"><sup><span style=\"font-family: Arial, serif;\"><span style=\"font-size: medium;\"><b>45<\/b><\/span><\/span><\/sup><\/span><span style=\"color: #7030a0;\"><span style=\"font-family: Arial, serif;\"><span style=\"font-size: medium;\"><b>-t\u0151l<\/b><\/span><\/span><\/span><b> <\/b><span style=\"color: #7030a0;\"><span style=\"font-family: Arial, serif;\"><span style=\"font-size: medium;\"><b>Lampionos felvonul\u00e1s az <\/b><\/span><\/span><\/span><span style=\"color: #7030a0;\"><span style=\"font-family: Arial, serif;\"><span style=\"font-size: medium;\"><b>iskol\u00e1t\u00f3l <\/b><\/span><\/span><\/span><span style=\"color: #7030a0;\"><span style=\"font-family: Arial, serif;\"><span style=\"font-size: medium;\"><b>a <\/b><\/span><\/span><\/span><span style=\"color: #7030a0;\"><span style=\"font-family: Arial, serif;\"><span style=\"font-size: medium;\"><b>cs\u00f6r\u00f6tneki templomig<\/b><\/span><\/span><\/span><\/p>\n<p style=\"text-align: center;\" align=\"justify\"><a name=\"_GoBack\"><\/a> <span style=\"color: #8496b0;\"><span style=\"font-family: Arial, serif;\"><span style=\"font-size: medium;\"><b>17<\/b><\/span><\/span><\/span><span style=\"color: #8496b0;\"><sup><span style=\"font-family: Arial, serif;\"><span style=\"font-size: medium;\"><b>00<\/b><\/span><\/span><\/sup><\/span><span style=\"color: #8496b0;\"><span style=\"font-family: Arial, serif;\"><span style=\"font-size: medium;\"><b>-17<\/b><\/span><\/span><\/span><span style=\"color: #8496b0;\"><sup><span style=\"font-family: Arial, serif;\"><span style=\"font-size: medium;\"><b>30<\/b><\/span><\/span><\/sup><\/span><b> <\/b><span style=\"color: #8496b0;\"><span style=\"font-family: Arial, serif;\"><span style=\"font-size: medium;\"><b> Iskolamise az <\/b><\/span><\/span><\/span><span style=\"color: #8496b0;\"><span style=\"font-family: Arial, serif;\"><span style=\"font-size: medium;\"><b>\u00d6r\u00f6k Ige templomban<\/b><\/span><\/span><\/span><\/p>\n<p style=\"text-align: center;\" align=\"justify\"><span style=\"color: #8496b0;\"><span style=\"font-family: Arial, serif;\"><span style=\"font-size: medium;\"><b>A szentmis\u00e9t bemutatja: Dr. Tak\u00e1cs Gyula iskolalelk\u00e9sz<\/b><\/span><\/span><\/span><\/p>\n<p style=\"text-align: center;\" align=\"justify\"><span style=\"color: #ff0000;\"><span style=\"font-family: Arial, serif;\"><span style=\"font-size: large;\"><b>Szeretettel v\u00e1rjuk az \u00f3vod\u00e1s \u00e9s iskol\u00e1s Gyermekeket, Sz\u00fcl\u0151ket, az egyh\u00e1zk\u00f6zs\u00e9gi H\u00edveket \u00e9s minden \u00c9rdekl\u0151d\u0151t!<\/b><\/span><\/span><\/span><\/p>\n<table class=\" aligncenter\" style=\"width: 70%; border-collapse: collapse;\" border=\"0\" cellspacing=\"0\" cellpadding=\"0\">\n<tbody>\n<tr>\n<td style=\"width: 388.667px;\"><img fetchpriority=\"high\" decoding=\"async\" class=\"aligncenter size-full wp-image-1666\" src=\"https:\/\/altisk-mlak.edu.hu\/wp-content\/uploads\/2023\/10\/liba.jpg\" alt=\"\" width=\"276\" height=\"276\" srcset=\"https:\/\/altisk-mlak.edu.hu\/wp-content\/uploads\/2023\/10\/liba.jpg 276w, https:\/\/altisk-mlak.edu.hu\/wp-content\/uploads\/2023\/10\/liba-150x150.jpg 150w\" sizes=\"(max-width: 276px) 100vw, 276px\" \/><\/td>\n<td style=\"width: 388.667px;\"><img decoding=\"async\" class=\"aligncenter size-full wp-image-1665\" src=\"https:\/\/altisk-mlak.edu.hu\/wp-content\/uploads\/2023\/10\/lampion.jpg\" alt=\"\" width=\"276\" height=\"275\" srcset=\"https:\/\/altisk-mlak.edu.hu\/wp-content\/uploads\/2023\/10\/lampion.jpg 276w, https:\/\/altisk-mlak.edu.hu\/wp-content\/uploads\/2023\/10\/lampion-150x150.jpg 150w\" sizes=\"(max-width: 276px) 100vw, 276px\" \/><\/td>\n<td style=\"width: 388.667px;\"><img decoding=\"async\" class=\"aligncenter size-full wp-image-1669\" src=\"https:\/\/altisk-mlak.edu.hu\/wp-content\/uploads\/2023\/10\/zsiroskenyer.jpg\" alt=\"\" width=\"275\" height=\"275\" srcset=\"https:\/\/altisk-mlak.edu.hu\/wp-content\/uploads\/2023\/10\/zsiroskenyer.jpg 275w, https:\/\/altisk-mlak.edu.hu\/wp-content\/uploads\/2023\/10\/zsiroskenyer-150x150.jpg 150w\" sizes=\"(max-width: 275px) 100vw, 275px\" \/><\/td>\n<\/tr>\n<\/tbody>\n<\/table>\n\n\n<table class=\" aligncenter\" style=\"height: 281px; width: 47.883%; border-collapse: collapse;\" cellspacing=\"0\" cellpadding=\"0\">\n<tbody>\n<tr style=\"height: 285px;\">\n<td style=\"width: 50%; height: 285px;\"><img loading=\"lazy\" decoding=\"async\" class=\"aligncenter size-full wp-image-1667\" src=\"https:\/\/altisk-mlak.edu.hu\/wp-content\/uploads\/2023\/10\/sztmarton.jpg\" alt=\"\" width=\"275\" height=\"275\" srcset=\"https:\/\/altisk-mlak.edu.hu\/wp-content\/uploads\/2023\/10\/sztmarton.jpg 275w, https:\/\/altisk-mlak.edu.hu\/wp-content\/uploads\/2023\/10\/sztmarton-150x150.jpg 150w\" sizes=\"(max-width: 275px) 100vw, 275px\" \/><\/td>\n<td style=\"width: 50%; height: 285px;\"><img loading=\"lazy\" decoding=\"async\" class=\"aligncenter size-full wp-image-1668\" src=\"https:\/\/altisk-mlak.edu.hu\/wp-content\/uploads\/2023\/10\/templom.png\" alt=\"\" width=\"275\" height=\"275\" srcset=\"https:\/\/altisk-mlak.edu.hu\/wp-content\/uploads\/2023\/10\/templom.png 275w, https:\/\/altisk-mlak.edu.hu\/wp-content\/uploads\/2023\/10\/templom-150x150.png 150w\" sizes=\"(max-width: 275px) 100vw, 275px\" \/><\/td>\n<\/tr>\n<\/tbody>\n<\/table>\n","protected":false},"excerpt":{"rendered":"<p>Szent M\u00e1rton-nap a Magyarlak-Cs\u00f6r\u00f6tnek \u00c1ltal\u00e1nos Iskol\u00e1ban2023. november 10-\u00e9n (p\u00e9nteken) 1500-t\u00f3l K\u00e9zm\u0171ves foglalkoz\u00e1s: lampionk\u00e9sz\u00edt\u00e9s, origami, Szent M\u00e1rton-kard k\u00e9sz\u00edt\u00e9se Daltanul\u00e1s, ismerked\u00e9s Szent M\u00e1rton \u00e9let\u00e9vel Lib\u00e1s finoms\u00e1gok k\u00f3stol\u00e1sa 1645-t\u0151l Lampionos felvonul\u00e1s az iskol\u00e1t\u00f3l a cs\u00f6r\u00f6tneki<a class=\"moretag\" href=\"https:\/\/altisk-mlak.edu.hu\/index.php\/szent-marton-nap\/\">Read More&#8230;<\/a><\/p>\n","protected":false},"author":3,"featured_media":0,"comment_status":"closed","ping_status":"closed","sticky":false,"template":"","format":"standard","meta":{"two_page_speed":[],"footnotes":""},"categories":[1],"tags":[],"class_list":["post-1664","post","type-post","status-publish","format-standard","hentry","category-egyeb"],"_links":{"self":[{"href":"https:\/\/altisk-mlak.edu.hu\/index.php\/wp-json\/wp\/v2\/posts\/1664","targetHints":{"allow":["GET"]}}],"collection":[{"href":"https:\/\/altisk-mlak.edu.hu\/index.php\/wp-json\/wp\/v2\/posts"}],"about":[{"href":"https:\/\/altisk-mlak.edu.hu\/index.php\/wp-json\/wp\/v2\/types\/post"}],"author":[{"embeddable":true,"href":"https:\/\/altisk-mlak.edu.hu\/index.php\/wp-json\/wp\/v2\/users\/3"}],"replies":[{"embeddable":true,"href":"https:\/\/altisk-mlak.edu.hu\/index.php\/wp-json\/wp\/v2\/comments?post=1664"}],"version-history":[{"count":2,"href":"https:\/\/altisk-mlak.edu.hu\/index.php\/wp-json\/wp\/v2\/posts\/1664\/revisions"}],"predecessor-version":[{"id":1671,"href":"https:\/\/altisk-mlak.edu.hu\/index.php\/wp-json\/wp\/v2\/posts\/1664\/revisions\/1671"}],"wp:attachment":[{"href":"https:\/\/altisk-mlak.edu.hu\/index.php\/wp-json\/wp\/v2\/media?parent=1664"}],"wp:term":[{"taxonomy":"category","embeddable":true,"href":"https:\/\/altisk-mlak.edu.hu\/index.php\/wp-json\/wp\/v2\/categories?post=1664"},{"taxonomy":"post_tag","embeddable":true,"href":"https:\/\/altisk-mlak.edu.hu\/index.php\/wp-json\/wp\/v2\/tags?post=1664"}],"curies":[{"name":"wp","href":"https:\/\/api.w.org\/{rel}","templated":true}]}}