{"id":1672,"date":"2023-10-26T07:20:25","date_gmt":"2023-10-26T07:20:25","guid":{"rendered":"https:\/\/altisk-mlak.edu.hu\/?p=1672"},"modified":"2023-10-27T07:26:55","modified_gmt":"2023-10-27T07:26:55","slug":"nyilt-nap-2023-nov-16-an","status":"publish","type":"post","link":"https:\/\/altisk-mlak.edu.hu\/index.php\/nyilt-nap-2023-nov-16-an\/","title":{"rendered":"Ny\u00edlt nap 2023. nov. 16-\u00e1n"},"content":{"rendered":"<table style=\"border-collapse: collapse; width: 100%;\">\n<tbody>\n<tr>\n<td style=\"width: 50%;\"><img fetchpriority=\"high\" decoding=\"async\" class=\"aligncenter size-full wp-image-1673\" src=\"https:\/\/altisk-mlak.edu.hu\/wp-content\/uploads\/2023\/10\/gyerekek.png\" alt=\"\" width=\"504\" height=\"352\" srcset=\"https:\/\/altisk-mlak.edu.hu\/wp-content\/uploads\/2023\/10\/gyerekek.png 504w, https:\/\/altisk-mlak.edu.hu\/wp-content\/uploads\/2023\/10\/gyerekek-300x210.png 300w\" sizes=\"(max-width: 504px) 100vw, 504px\" \/><\/td>\n<td style=\"width: 50%;\">\n<p align=\"center\"><a name=\"_GoBack\"><\/a> <span style=\"color: #2e74b5;\"><span style=\"font-size: x-large;\"><b>MEGH\u00cdV\u00d3 a MAGYARLAK-CS\u00d6R\u00d6TNEK \u00c1LTAL\u00c1NOS ISKOLA NY\u00cdLT NAPJ\u00c1RA<\/b><\/span><\/span><\/p>\n<\/td>\n<\/tr>\n<\/tbody>\n<\/table>\n<p class=\"western\" style=\"text-align: center;\" align=\"justify\"><span style=\"color: #c45911;\"><span style=\"font-size: large;\"><b>Szeretettel h\u00edvjuk \u00e9s v\u00e1rjuk a nagycsoportos \u00f3vod\u00e1sokat \u00e9s sz\u00fcleike<\/b><\/span><\/span><span style=\"color: #c45911;\"><span style=\"font-size: large;\">t <\/span><\/span><span style=\"color: #c45911;\"><span style=\"font-size: large;\"><b>2023. november 16-\u00e1n (cs\u00fct\u00f6rt\u00f6k) 8.45 \u00f3rakor kezd\u0151d\u0151<\/b><\/span><\/span> <span style=\"color: #c45911;\"><span style=\"font-size: large;\"><b>ny\u00edlt napra! <\/b><\/span><\/span><\/p>\n<table class=\" aligncenter\" style=\"width: 70%; border-collapse: collapse;\" cellspacing=\"0\" cellpadding=\"0\">\n<tbody>\n<tr>\n<td rowspan=\"3\" width=\"70%\">\n<ul>\n<li>\n<p align=\"justify\"><span style=\"font-family: arial, helvetica, sans-serif; font-size: 12pt;\">Bej\u00e1r\u00f3 gyermekek iskolabusszal t\u00f6rt\u00e9n\u0151 sz\u00e1ll\u00edt\u00e1sa<\/span><\/p>\n<\/li>\n<li>\n<p align=\"justify\"><span style=\"font-family: arial, helvetica, sans-serif; font-size: 12pt;\">Kis l\u00e9tsz\u00e1m\u00fa oszt\u00e1lyk\u00f6z\u00f6ss\u00e9gek<\/span><\/p>\n<\/li>\n<li>\n<p align=\"justify\"><span style=\"font-family: arial, helvetica, sans-serif; font-size: 12pt;\">Folyamatosan meg\u00fajul\u00f3 iskola\u00e9p\u00fclet, j\u00f3 t\u00e1rgyi felt\u00e9telek <\/span><\/p>\n<\/li>\n<li>\n<p align=\"justify\"><span style=\"font-family: arial, helvetica, sans-serif; font-size: 12pt;\">Sz\u00e9p, gondozott k\u00f6rnyezet, t\u00e1gas iskolaudvar<\/span><\/p>\n<\/li>\n<li>\n<p align=\"justify\"><span style=\"font-family: arial, helvetica, sans-serif; font-size: 12pt;\">Gyakorlatias k\u00f6rnyezeti nevel\u00e9s: T\u00fcnd\u00e9r- \u00e9s F\u00fcveskert, Iskolakert<\/span><\/p>\n<\/li>\n<li>\n<p align=\"justify\"><span style=\"font-family: arial, helvetica, sans-serif; font-size: 12pt;\">N\u00e9met nyelv oktat\u00e1sa <\/span><\/p>\n<\/li>\n<li>\n<p align=\"justify\"><span style=\"font-family: arial, helvetica, sans-serif; font-size: 12pt;\">Iskolak\u00f3rus, irodalmi sz\u00ednpad<\/span><\/p>\n<\/li>\n<li>\n<p align=\"justify\"><span style=\"font-family: arial, helvetica, sans-serif; font-size: 12pt;\">Ingyenes szakk\u00f6r\u00f6k (k\u00e9zm\u0171ves, sport, n\u00e9met \u00e9s angol nyelvi) <\/span><\/p>\n<\/li>\n<li>\n<p align=\"justify\"><span style=\"font-family: arial, helvetica, sans-serif; font-size: 12pt;\">Szabadt\u00e9ri sportol\u00e1s; \u00fasz\u00e1soktat\u00e1s<\/span><\/p>\n<\/li>\n<li>\n<p align=\"justify\"><span style=\"font-family: arial, helvetica, sans-serif; font-size: 12pt;\">Ingyenes tanulm\u00e1nyi kir\u00e1ndul\u00e1sok, zar\u00e1ndokutak <\/span><\/p>\n<\/li>\n<li>\n<p align=\"justify\"><span style=\"font-family: arial, helvetica, sans-serif; font-size: 12pt;\">Megfelel\u0151 erk\u00f6lcsi ir\u00e1nymutat\u00e1s- hittanoktat\u00e1s, di\u00e1kmise, hittant\u00e1bor<\/span><\/p>\n<\/li>\n<\/ul>\n<\/td>\n<td style=\"width: 50%;\"><img decoding=\"async\" class=\"aligncenter size-full wp-image-1674\" src=\"https:\/\/altisk-mlak.edu.hu\/wp-content\/uploads\/2023\/10\/labda.png\" alt=\"\" width=\"140\" height=\"130\" \/><\/td>\n<\/tr>\n<tr>\n<td style=\"width: 50%;\"><img decoding=\"async\" class=\"aligncenter size-full wp-image-1675\" src=\"https:\/\/altisk-mlak.edu.hu\/wp-content\/uploads\/2023\/10\/paletta.png\" alt=\"\" width=\"169\" height=\"173\" \/><\/td>\n<\/tr>\n<tr>\n<td style=\"width: 50%;\"><img loading=\"lazy\" decoding=\"async\" class=\"aligncenter size-full wp-image-1676\" src=\"https:\/\/altisk-mlak.edu.hu\/wp-content\/uploads\/2023\/10\/foldgomb.png\" alt=\"\" width=\"143\" height=\"168\" \/><\/td>\n<\/tr>\n<\/tbody>\n<\/table>\n<p class=\"western\" style=\"text-align: center;\" align=\"justify\"><span style=\"font-size: large;\">Iskol\u00e1nk c\u00edme: 9962 Magyarlak, Kossuth Lajos \u00fat 236.<\/span><\/p>\n<p class=\"western\" style=\"text-align: center;\" align=\"justify\"><span style=\"font-size: large;\">B\u0151vebb inform\u00e1ci\u00f3 k\u00e9rhet\u0151 06 20\u00a0997 3810-es telefonsz\u00e1mon.<\/span><\/p>\n","protected":false},"excerpt":{"rendered":"<p>MEGH\u00cdV\u00d3 a MAGYARLAK-CS\u00d6R\u00d6TNEK \u00c1LTAL\u00c1NOS ISKOLA NY\u00cdLT NAPJ\u00c1RA Szeretettel h\u00edvjuk \u00e9s v\u00e1rjuk a nagycsoportos \u00f3vod\u00e1sokat \u00e9s sz\u00fcleiket 2023. november 16-\u00e1n (cs\u00fct\u00f6rt\u00f6k) 8.45 \u00f3rakor kezd\u0151d\u0151 ny\u00edlt napra! Bej\u00e1r\u00f3 gyermekek iskolabusszal t\u00f6rt\u00e9n\u0151 sz\u00e1ll\u00edt\u00e1sa Kis l\u00e9tsz\u00e1m\u00fa<a class=\"moretag\" href=\"https:\/\/altisk-mlak.edu.hu\/index.php\/nyilt-nap-2023-nov-16-an\/\">Read More&#8230;<\/a><\/p>\n","protected":false},"author":3,"featured_media":0,"comment_status":"closed","ping_status":"closed","sticky":false,"template":"","format":"standard","meta":{"two_page_speed":[],"footnotes":""},"categories":[1],"tags":[],"class_list":["post-1672","post","type-post","status-publish","format-standard","hentry","category-egyeb"],"_links":{"self":[{"href":"https:\/\/altisk-mlak.edu.hu\/index.php\/wp-json\/wp\/v2\/posts\/1672","targetHints":{"allow":["GET"]}}],"collection":[{"href":"https:\/\/altisk-mlak.edu.hu\/index.php\/wp-json\/wp\/v2\/posts"}],"about":[{"href":"https:\/\/altisk-mlak.edu.hu\/index.php\/wp-json\/wp\/v2\/types\/post"}],"author":[{"embeddable":true,"href":"https:\/\/altisk-mlak.edu.hu\/index.php\/wp-json\/wp\/v2\/users\/3"}],"replies":[{"embeddable":true,"href":"https:\/\/altisk-mlak.edu.hu\/index.php\/wp-json\/wp\/v2\/comments?post=1672"}],"version-history":[{"count":2,"href":"https:\/\/altisk-mlak.edu.hu\/index.php\/wp-json\/wp\/v2\/posts\/1672\/revisions"}],"predecessor-version":[{"id":1678,"href":"https:\/\/altisk-mlak.edu.hu\/index.php\/wp-json\/wp\/v2\/posts\/1672\/revisions\/1678"}],"wp:attachment":[{"href":"https:\/\/altisk-mlak.edu.hu\/index.php\/wp-json\/wp\/v2\/media?parent=1672"}],"wp:term":[{"taxonomy":"category","embeddable":true,"href":"https:\/\/altisk-mlak.edu.hu\/index.php\/wp-json\/wp\/v2\/categories?post=1672"},{"taxonomy":"post_tag","embeddable":true,"href":"https:\/\/altisk-mlak.edu.hu\/index.php\/wp-json\/wp\/v2\/tags?post=1672"}],"curies":[{"name":"wp","href":"https:\/\/api.w.org\/{rel}","templated":true}]}}