{"id":1679,"date":"2023-10-27T07:30:58","date_gmt":"2023-10-27T07:30:58","guid":{"rendered":"https:\/\/altisk-mlak.edu.hu\/?p=1679"},"modified":"2023-11-13T07:25:12","modified_gmt":"2023-11-13T07:25:12","slug":"iskolamise-dr-szekely-janos-puspok-atya-celebralasaval","status":"publish","type":"post","link":"https:\/\/altisk-mlak.edu.hu\/index.php\/iskolamise-dr-szekely-janos-puspok-atya-celebralasaval\/","title":{"rendered":"Iskolamise Dr. Sz\u00e9kely J\u00e1nos P\u00fcsp\u00f6k Atya celebr\u00e1l\u00e1s\u00e1val"},"content":{"rendered":"<p align=\"justify\"><span style=\"font-family: Times New Roman, serif;\"><span style=\"font-size: medium;\">2023. okt\u00f3ber 24-e eml\u00e9kezetes nap volt iskol\u00e1nk \u00e9let\u00e9ben. Dr. Sz\u00e9kely J\u00e1nos szombathelyi megy\u00e9sp\u00fcsp\u00f6k vizit\u00e1ci\u00f3t v\u00e9gzett a pl\u00e9b\u00e1ni\u00e1n, \u00e9s nagy \u00f6r\u00f6m\u00fcnkre ell\u00e1togatott kis k\u00f6z\u00f6ss\u00e9g\u00fcnkbe is. <\/span><\/span><\/p>\n<p align=\"justify\"><img fetchpriority=\"high\" decoding=\"async\" class=\"aligncenter size-large wp-image-1684\" src=\"https:\/\/altisk-mlak.edu.hu\/wp-content\/uploads\/2023\/10\/IMG_20231024_164721-1024x923.jpg\" alt=\"\" width=\"604\" height=\"544\" srcset=\"https:\/\/altisk-mlak.edu.hu\/wp-content\/uploads\/2023\/10\/IMG_20231024_164721-1024x923.jpg 1024w, https:\/\/altisk-mlak.edu.hu\/wp-content\/uploads\/2023\/10\/IMG_20231024_164721-300x270.jpg 300w, https:\/\/altisk-mlak.edu.hu\/wp-content\/uploads\/2023\/10\/IMG_20231024_164721-768x692.jpg 768w, https:\/\/altisk-mlak.edu.hu\/wp-content\/uploads\/2023\/10\/IMG_20231024_164721-1536x1384.jpg 1536w, https:\/\/altisk-mlak.edu.hu\/wp-content\/uploads\/2023\/10\/IMG_20231024_164721-2048x1846.jpg 2048w, https:\/\/altisk-mlak.edu.hu\/wp-content\/uploads\/2023\/10\/IMG_20231024_164721-600x541.jpg 600w\" sizes=\"(max-width: 604px) 100vw, 604px\" \/><\/p>\n<p align=\"justify\"><span style=\"font-family: Times New Roman, serif;\"><span style=\"font-size: medium;\">M\u00e1r t\u00f6bb alkalommal tal\u00e1lkoztunk az egyh\u00e1zi vezet\u0151vel m\u00e1sutt (hittant\u00e1bor, p\u00fcsp\u00f6ki palota, zar\u00e1ndoklat, r\u00f6n\u00f6ki mise), m\u00e9gis izgatottan v\u00e1rtuk a tal\u00e1lkoz\u00e1st, hiszen most a mi szer\u00e9ny hajl\u00e9kunkba j\u00f6tt. <\/span><\/span><\/p>\n<p align=\"justify\"><span style=\"font-family: Times New Roman, serif;\"><span style=\"font-size: medium;\">Sok seg\u00edt\u0151 k\u00e9z szorgoskodott az el\u0151k\u00e9sz\u00fcletekben (olt\u00e1r\u00e9p\u00edt\u00e9s, aula berendez\u00e9se, d\u00edsz\u00edt\u00e9s), a di\u00e1kok is lelkesen k\u00e9sz\u00fcltek a szolg\u00e1latra (felolvas\u00e1s, \u00e9nekl\u00e9s). <\/span><\/span><\/p>\n<p align=\"justify\"><a name=\"_GoBack\"><\/a> <span style=\"font-family: Times New Roman, serif;\"><span style=\"font-size: medium;\">A p\u00fcsp\u00f6k atya el\u0151sz\u00f6r az iskola dolgoz\u00f3ival tal\u00e1lkozott, majd szentmis\u00e9t mutatott be a gyermekek k\u00f6r\u00e9ben. Szentbesz\u00e9de egy \u00e9rdekes t\u00e9m\u00e1t j\u00e1rt k\u00f6rbe: Hol tal\u00e1ljuk J\u00e9zust? Hol tal\u00e1lkozhatunk Vele? Az el\u00f6lj\u00e1r\u00f3 t\u00f6bb v\u00e1laszt is adott a feltett k\u00e9rd\u00e9sre. Megtal\u00e1ljuk J\u00e9zust a felebar\u00e1tunkban, t\u00e1rsunkban, f\u0151k\u00e9nt a r\u00e1szorul\u00f3kn\u00e1l, azaz a szeg\u00e9ny \u00e9s beteg emberekn\u00e9l, de a Bibli\u00e1ban \u00e9s a templomban is tal\u00e1lkozhatunk vele. J\u00e9zus mindannyiunkn\u00e1l kopogtat, \u00e9s v\u00e1rja, hogy beengedj\u00fck \u0150t a sz\u00edv\u00fcnkbe. <\/span><\/span><\/p>\n<table style=\"border-collapse: collapse; width: 100%;\">\n<tbody>\n<tr>\n<td style=\"width: 50%;\"><img decoding=\"async\" class=\"aligncenter size-large wp-image-1683\" src=\"https:\/\/altisk-mlak.edu.hu\/wp-content\/uploads\/2023\/10\/IMG_20231024_164013-1024x755.jpg\" alt=\"\" width=\"604\" height=\"445\" srcset=\"https:\/\/altisk-mlak.edu.hu\/wp-content\/uploads\/2023\/10\/IMG_20231024_164013-1024x755.jpg 1024w, https:\/\/altisk-mlak.edu.hu\/wp-content\/uploads\/2023\/10\/IMG_20231024_164013-300x221.jpg 300w, https:\/\/altisk-mlak.edu.hu\/wp-content\/uploads\/2023\/10\/IMG_20231024_164013-768x566.jpg 768w, https:\/\/altisk-mlak.edu.hu\/wp-content\/uploads\/2023\/10\/IMG_20231024_164013-1536x1132.jpg 1536w, https:\/\/altisk-mlak.edu.hu\/wp-content\/uploads\/2023\/10\/IMG_20231024_164013-2048x1510.jpg 2048w, https:\/\/altisk-mlak.edu.hu\/wp-content\/uploads\/2023\/10\/IMG_20231024_164013-600x442.jpg 600w\" sizes=\"(max-width: 604px) 100vw, 604px\" \/><\/td>\n<td style=\"width: 50%;\"><img decoding=\"async\" class=\"wp-image-1682 alignright\" src=\"https:\/\/altisk-mlak.edu.hu\/wp-content\/uploads\/2023\/10\/IMG_20231024_170717-914x1024.jpg\" alt=\"\" width=\"387\" height=\"434\" srcset=\"https:\/\/altisk-mlak.edu.hu\/wp-content\/uploads\/2023\/10\/IMG_20231024_170717-914x1024.jpg 914w, https:\/\/altisk-mlak.edu.hu\/wp-content\/uploads\/2023\/10\/IMG_20231024_170717-268x300.jpg 268w, https:\/\/altisk-mlak.edu.hu\/wp-content\/uploads\/2023\/10\/IMG_20231024_170717-768x860.jpg 768w, https:\/\/altisk-mlak.edu.hu\/wp-content\/uploads\/2023\/10\/IMG_20231024_170717-1371x1536.jpg 1371w, https:\/\/altisk-mlak.edu.hu\/wp-content\/uploads\/2023\/10\/IMG_20231024_170717-1828x2048.jpg 1828w, https:\/\/altisk-mlak.edu.hu\/wp-content\/uploads\/2023\/10\/IMG_20231024_170717-536x600.jpg 536w, https:\/\/altisk-mlak.edu.hu\/wp-content\/uploads\/2023\/10\/IMG_20231024_170717.jpg 2029w\" sizes=\"(max-width: 387px) 100vw, 387px\" \/><\/td>\n<\/tr>\n<\/tbody>\n<\/table>\n<p align=\"justify\"><span style=\"font-family: Times New Roman, serif;\"><span style=\"font-size: medium;\">Ez az alkalom meger\u0151s\u00edtett benn\u00fcnket abban, ha szeretettel fordulunk embert\u00e1rsaink fel\u00e9, akkor a mi sz\u00edv\u00fcnkben is otthonra lel a j\u00f3 Isten. <\/span><\/span><\/p>\n","protected":false},"excerpt":{"rendered":"<p>2023. okt\u00f3ber 24-e eml\u00e9kezetes nap volt iskol\u00e1nk \u00e9let\u00e9ben. Dr. Sz\u00e9kely J\u00e1nos szombathelyi megy\u00e9sp\u00fcsp\u00f6k vizit\u00e1ci\u00f3t v\u00e9gzett a pl\u00e9b\u00e1ni\u00e1n, \u00e9s nagy \u00f6r\u00f6m\u00fcnkre ell\u00e1togatott kis k\u00f6z\u00f6ss\u00e9g\u00fcnkbe is. M\u00e1r t\u00f6bb alkalommal tal\u00e1lkoztunk az egyh\u00e1zi vezet\u0151vel m\u00e1sutt<a class=\"moretag\" href=\"https:\/\/altisk-mlak.edu.hu\/index.php\/iskolamise-dr-szekely-janos-puspok-atya-celebralasaval\/\">Read More&#8230;<\/a><\/p>\n","protected":false},"author":3,"featured_media":0,"comment_status":"closed","ping_status":"closed","sticky":false,"template":"","format":"standard","meta":{"two_page_speed":[],"footnotes":""},"categories":[1],"tags":[],"class_list":["post-1679","post","type-post","status-publish","format-standard","hentry","category-egyeb"],"_links":{"self":[{"href":"https:\/\/altisk-mlak.edu.hu\/index.php\/wp-json\/wp\/v2\/posts\/1679","targetHints":{"allow":["GET"]}}],"collection":[{"href":"https:\/\/altisk-mlak.edu.hu\/index.php\/wp-json\/wp\/v2\/posts"}],"about":[{"href":"https:\/\/altisk-mlak.edu.hu\/index.php\/wp-json\/wp\/v2\/types\/post"}],"author":[{"embeddable":true,"href":"https:\/\/altisk-mlak.edu.hu\/index.php\/wp-json\/wp\/v2\/users\/3"}],"replies":[{"embeddable":true,"href":"https:\/\/altisk-mlak.edu.hu\/index.php\/wp-json\/wp\/v2\/comments?post=1679"}],"version-history":[{"count":2,"href":"https:\/\/altisk-mlak.edu.hu\/index.php\/wp-json\/wp\/v2\/posts\/1679\/revisions"}],"predecessor-version":[{"id":1685,"href":"https:\/\/altisk-mlak.edu.hu\/index.php\/wp-json\/wp\/v2\/posts\/1679\/revisions\/1685"}],"wp:attachment":[{"href":"https:\/\/altisk-mlak.edu.hu\/index.php\/wp-json\/wp\/v2\/media?parent=1679"}],"wp:term":[{"taxonomy":"category","embeddable":true,"href":"https:\/\/altisk-mlak.edu.hu\/index.php\/wp-json\/wp\/v2\/categories?post=1679"},{"taxonomy":"post_tag","embeddable":true,"href":"https:\/\/altisk-mlak.edu.hu\/index.php\/wp-json\/wp\/v2\/tags?post=1679"}],"curies":[{"name":"wp","href":"https:\/\/api.w.org\/{rel}","templated":true}]}}