{"id":1687,"date":"2023-11-13T07:35:46","date_gmt":"2023-11-13T07:35:46","guid":{"rendered":"https:\/\/altisk-mlak.edu.hu\/?p=1687"},"modified":"2023-11-13T07:35:46","modified_gmt":"2023-11-13T07:35:46","slug":"szent-marton-nap-a-magyarlak-csorotnek-altalanos-iskolaban","status":"publish","type":"post","link":"https:\/\/altisk-mlak.edu.hu\/index.php\/szent-marton-nap-a-magyarlak-csorotnek-altalanos-iskolaban\/","title":{"rendered":"Szent M\u00e1rton-nap a Magyarlak-Cs\u00f6r\u00f6tnek \u00c1ltal\u00e1nos Iskol\u00e1ban"},"content":{"rendered":"<p align=\"justify\">Hagyom\u00e1nyainkhoz h\u00edven, ebben a tan\u00e9vben is megeml\u00e9kezt\u00fcnk Szent M\u00e1rtonr\u00f3l. D\u00e9lel\u0151tt a tan\u00edt\u00e1si \u00f3r\u00e1k z\u00f6me is a szentre f\u00f3kusz\u00e1lt. Magyar\u00f3r\u00e1kon Szent M\u00e1rton \u00e9let\u00fatj\u00e1t dolgozta fel t\u00f6bb oszt\u00e1ly. Technika \u00e9s vizu\u00e1lis kult\u00fara \u00f3r\u00e1n ugyancsak a szent ker\u00fclt a k\u00f6z\u00e9ppontba, v\u00e1ltozatos technik\u00e1val k\u00e9sz\u00fcltek a szebbn\u00e9l szebb alkot\u00e1sok. N\u00e9met\u00f3r\u00e1kon n\u00e9met nyelv\u0171 t\u00f6rt\u00e9neteket dolgoztak fel a tanul\u00f3k, M\u00e1rton-napi feladatsort \u00e9s rejtv\u00e9nyt is megoldottak.<\/p>\n<p align=\"justify\">A d\u00e9lut\u00e1ni program 15 \u00f3rakor kezd\u0151d\u00f6tt, melyre megh\u00edv\u00e1st kaptak a magyarlaki \u00e9s cs\u00f6r\u00f6tneki \u00f3vod\u00e1sok, sz\u00fcl\u0151k \u00e9s egyh\u00e1zk\u00f6zs\u00e9gi h\u00edvek. Nagyon sokan megtiszteltek benn\u00fcnket jelenl\u00e9t\u00fckkel \u00e9s akt\u00edv k\u00f6zrem\u0171k\u00f6d\u00e9s\u00fckkel. Mezein\u00e9 Kiss Katalin \u00fcdv\u00f6z\u00f6lte a megjelenteket, \u00fcnnepi k\u00f6sz\u00f6nt\u0151j\u00e9ben kiemelte, hogy nemcsak Szent M\u00e1rtonnak, hanem mindenkinek kell, hogy legyen egy \u201ek\u00f6penye\u201d: valami, amit megoszthat m\u00e1sokkal, legyen az j\u00f3 sz\u00f3, vigasz vagy \u00e9ppen \u00e9tel. A vezet\u0151 k\u00e9rte az iskolak\u00f6z\u00f6ss\u00e9get, hogy legyenek tov\u00e1bbra is Szent M\u00e1rton k\u00f6vet\u0151i, ny\u00fajtsanak seg\u00edt\u0151 kezet a r\u00e1szorultaknak, hiszen minden kis j\u00f3t\u00e9tem\u00e9nyt\u0151l szebb \u00e9s boldogabb lesz a vil\u00e1g. A tagint\u00e9zm\u00e9ny-vezet\u0151 e napon ind\u00edtotta el iskolaszinten a Szeretetcsoki 2023 akci\u00f3t, mely keret\u00e9ben december 16-ig \u00e9dess\u00e9get gy\u0171jtenek k\u00f3rh\u00e1zban fekv\u0151, tart\u00f3san beteg gyermekek sz\u00e1m\u00e1ra. Ezt k\u00f6vet\u0151en Frigy J\u00f3zsef akolitus Szent M\u00e1rton t\u00f6rt\u00e9net\u00e9t mutatta be az \u00e9rdekl\u0151d\u0151knek \u00e9rdekes el\u0151ad\u00e1ssal \u00e9s k\u00e9pi illusztr\u00e1ci\u00f3val.<\/p>\n<p align=\"justify\">A lelki r\u00e1hangol\u00f3d\u00e1s ut\u00e1n hat helysz\u00ednen tev\u00e9kenykedhettek a jelenl\u00e9v\u0151k. A programok k\u00f6zt Szent M\u00e1rton-kard dekor\u00e1l\u00e1sa, lampionok k\u00e9sz\u00edt\u00e9se, liba-origami, lib\u00e1s ajt\u00f3kopogtat\u00f3 \u00f6ssze\u00e1ll\u00edt\u00e1sa, M\u00e1rton-doboz hajtogat\u00e1sa, Szent M\u00e1rton-tot\u00f3 megold\u00e1sa \u00e9s lib\u00e1s finoms\u00e1gok k\u00f3stol\u00e1sa szerepelt. \u00d6r\u00f6m volt l\u00e1tni a gyermekek \u00e9s a feln\u0151ttek lelkesed\u00e9s\u00e9t, szorgos munk\u00e1j\u00e1t.<\/p>\n<table style=\"border-collapse: collapse; width: 100%;\">\n<tbody>\n<tr>\n<td style=\"width: 50%;\"><img fetchpriority=\"high\" decoding=\"async\" class=\"aligncenter size-large wp-image-1689\" src=\"https:\/\/altisk-mlak.edu.hu\/wp-content\/uploads\/2023\/11\/IMG_20231111_185048-1024x791.jpg\" alt=\"\" width=\"604\" height=\"467\" srcset=\"https:\/\/altisk-mlak.edu.hu\/wp-content\/uploads\/2023\/11\/IMG_20231111_185048-1024x791.jpg 1024w, https:\/\/altisk-mlak.edu.hu\/wp-content\/uploads\/2023\/11\/IMG_20231111_185048-300x232.jpg 300w, https:\/\/altisk-mlak.edu.hu\/wp-content\/uploads\/2023\/11\/IMG_20231111_185048-768x593.jpg 768w, https:\/\/altisk-mlak.edu.hu\/wp-content\/uploads\/2023\/11\/IMG_20231111_185048-1536x1186.jpg 1536w, https:\/\/altisk-mlak.edu.hu\/wp-content\/uploads\/2023\/11\/IMG_20231111_185048-600x463.jpg 600w, https:\/\/altisk-mlak.edu.hu\/wp-content\/uploads\/2023\/11\/IMG_20231111_185048.jpg 1943w\" sizes=\"(max-width: 604px) 100vw, 604px\" \/><\/td>\n<td style=\"width: 50%;\"><img decoding=\"async\" class=\"aligncenter size-large wp-image-1690\" src=\"https:\/\/altisk-mlak.edu.hu\/wp-content\/uploads\/2023\/11\/IMG_20231110_185513-1024x833.jpg\" alt=\"\" width=\"604\" height=\"491\" srcset=\"https:\/\/altisk-mlak.edu.hu\/wp-content\/uploads\/2023\/11\/IMG_20231110_185513-1024x833.jpg 1024w, https:\/\/altisk-mlak.edu.hu\/wp-content\/uploads\/2023\/11\/IMG_20231110_185513-300x244.jpg 300w, https:\/\/altisk-mlak.edu.hu\/wp-content\/uploads\/2023\/11\/IMG_20231110_185513-768x625.jpg 768w, https:\/\/altisk-mlak.edu.hu\/wp-content\/uploads\/2023\/11\/IMG_20231110_185513-1536x1249.jpg 1536w, https:\/\/altisk-mlak.edu.hu\/wp-content\/uploads\/2023\/11\/IMG_20231110_185513-600x488.jpg 600w, https:\/\/altisk-mlak.edu.hu\/wp-content\/uploads\/2023\/11\/IMG_20231110_185513.jpg 1844w\" sizes=\"(max-width: 604px) 100vw, 604px\" \/><\/td>\n<\/tr>\n<\/tbody>\n<\/table>\n<p align=\"justify\">A k\u00e9zm\u0171ves foglalkoz\u00e1st k\u00f6vet\u0151en sz\u00e9p hossz\u00fa sorba rendez\u0151dtek a r\u00e9sztvev\u0151k, \u00e9s Dr. Tak\u00e1cs Gyula iskolalelk\u00e9sz vezet\u00e9s\u00e9vel f\u00e9nyl\u0151 l\u00e1mp\u00e1ssal a kez\u00fckben, r\u00f3zsaf\u00fcz\u00e9rt im\u00e1dkozva haladtak a s\u00f6t\u00e9tbe burkol\u00f3zott utc\u00e1n. \u00datk\u00f6zben helyi lakosok is csatlakoztak a n\u00e9pes menethez.<\/p>\n<p align=\"justify\"><img decoding=\"async\" class=\"aligncenter size-large wp-image-1688\" src=\"https:\/\/altisk-mlak.edu.hu\/wp-content\/uploads\/2023\/11\/IMG_20231111_185345-1024x648.jpg\" alt=\"\" width=\"604\" height=\"382\" srcset=\"https:\/\/altisk-mlak.edu.hu\/wp-content\/uploads\/2023\/11\/IMG_20231111_185345-1024x648.jpg 1024w, https:\/\/altisk-mlak.edu.hu\/wp-content\/uploads\/2023\/11\/IMG_20231111_185345-300x190.jpg 300w, https:\/\/altisk-mlak.edu.hu\/wp-content\/uploads\/2023\/11\/IMG_20231111_185345-768x486.jpg 768w, https:\/\/altisk-mlak.edu.hu\/wp-content\/uploads\/2023\/11\/IMG_20231111_185345-1536x971.jpg 1536w, https:\/\/altisk-mlak.edu.hu\/wp-content\/uploads\/2023\/11\/IMG_20231111_185345-2048x1295.jpg 2048w, https:\/\/altisk-mlak.edu.hu\/wp-content\/uploads\/2023\/11\/IMG_20231111_185345-600x379.jpg 600w\" sizes=\"(max-width: 604px) 100vw, 604px\" \/><\/p>\n<p align=\"justify\">A rendezv\u00e9ny iskolamis\u00e9vel z\u00e1rult a cs\u00f6r\u00f6tneki \u00d6r\u00f6k Ige templomban. H\u00e1l\u00e1san k\u00f6sz\u00f6n\u00f6m a koll\u00e9g\u00e1k, a 7. oszt\u00e1lyos di\u00e1kl\u00e1nyok \u00e9s a Szent Antal Karit\u00e1sz Csoport \u00f6nzetlen seg\u00edt\u0151 munk\u00e1j\u00e1t, mellyel hozz\u00e1j\u00e1rultak a Szent M\u00e1rtont\u00f3l \u00f6r\u00f6k\u00f6lt kereszt\u00e9ny \u00e9rt\u00e9kek \u00e1pol\u00e1s\u00e1hoz.<\/p>\n","protected":false},"excerpt":{"rendered":"<p>Hagyom\u00e1nyainkhoz h\u00edven, ebben a tan\u00e9vben is megeml\u00e9kezt\u00fcnk Szent M\u00e1rtonr\u00f3l. D\u00e9lel\u0151tt a tan\u00edt\u00e1si \u00f3r\u00e1k z\u00f6me is a szentre f\u00f3kusz\u00e1lt. Magyar\u00f3r\u00e1kon Szent M\u00e1rton \u00e9let\u00fatj\u00e1t dolgozta fel t\u00f6bb oszt\u00e1ly. Technika \u00e9s vizu\u00e1lis kult\u00fara \u00f3r\u00e1n ugyancsak<a class=\"moretag\" href=\"https:\/\/altisk-mlak.edu.hu\/index.php\/szent-marton-nap-a-magyarlak-csorotnek-altalanos-iskolaban\/\">Read More&#8230;<\/a><\/p>\n","protected":false},"author":3,"featured_media":0,"comment_status":"closed","ping_status":"closed","sticky":false,"template":"","format":"standard","meta":{"two_page_speed":[],"footnotes":""},"categories":[1],"tags":[],"class_list":["post-1687","post","type-post","status-publish","format-standard","hentry","category-egyeb"],"_links":{"self":[{"href":"https:\/\/altisk-mlak.edu.hu\/index.php\/wp-json\/wp\/v2\/posts\/1687","targetHints":{"allow":["GET"]}}],"collection":[{"href":"https:\/\/altisk-mlak.edu.hu\/index.php\/wp-json\/wp\/v2\/posts"}],"about":[{"href":"https:\/\/altisk-mlak.edu.hu\/index.php\/wp-json\/wp\/v2\/types\/post"}],"author":[{"embeddable":true,"href":"https:\/\/altisk-mlak.edu.hu\/index.php\/wp-json\/wp\/v2\/users\/3"}],"replies":[{"embeddable":true,"href":"https:\/\/altisk-mlak.edu.hu\/index.php\/wp-json\/wp\/v2\/comments?post=1687"}],"version-history":[{"count":1,"href":"https:\/\/altisk-mlak.edu.hu\/index.php\/wp-json\/wp\/v2\/posts\/1687\/revisions"}],"predecessor-version":[{"id":1691,"href":"https:\/\/altisk-mlak.edu.hu\/index.php\/wp-json\/wp\/v2\/posts\/1687\/revisions\/1691"}],"wp:attachment":[{"href":"https:\/\/altisk-mlak.edu.hu\/index.php\/wp-json\/wp\/v2\/media?parent=1687"}],"wp:term":[{"taxonomy":"category","embeddable":true,"href":"https:\/\/altisk-mlak.edu.hu\/index.php\/wp-json\/wp\/v2\/categories?post=1687"},{"taxonomy":"post_tag","embeddable":true,"href":"https:\/\/altisk-mlak.edu.hu\/index.php\/wp-json\/wp\/v2\/tags?post=1687"}],"curies":[{"name":"wp","href":"https:\/\/api.w.org\/{rel}","templated":true}]}}