{"id":1697,"date":"2023-11-17T14:01:58","date_gmt":"2023-11-17T14:01:58","guid":{"rendered":"https:\/\/altisk-mlak.edu.hu\/?p=1697"},"modified":"2023-11-21T11:21:45","modified_gmt":"2023-11-21T11:21:45","slug":"onkenteskedtunk-a-szent-antal-karitaszcsoportnal","status":"publish","type":"post","link":"https:\/\/altisk-mlak.edu.hu\/index.php\/onkenteskedtunk-a-szent-antal-karitaszcsoportnal\/","title":{"rendered":"\u00d6nk\u00e9nteskedt\u00fcnk a Szent Antal Karit\u00e1szcsoportn\u00e1l"},"content":{"rendered":"<p>Iskol\u00e1nk 3. oszt\u00e1lyos tanul\u00f3i B\u00e1lintn\u00e9 Pados Andrea tan\u00edt\u00f3n\u0151 vezet\u00e9s\u00e9vel \u00f6nk\u00e9ntes munk\u00e1t v\u00e1llaltak a helyi szeretetszolg\u00e1latn\u00e1l. Egy neves \u00e9lelmiszerl\u00e1nc j\u00f3volt\u00e1b\u00f3l az \u201e\u00c9lelmiszerment\u00e9s\u201d akci\u00f3 keret\u00e9n bel\u00fcl nagy mennyis\u00e9g\u0171 \u00e9lelmiszert sz\u00e1ll\u00edtott Frigy J\u00f3zsef karit\u00e1szcsoport vezet\u0151 iskol\u00e1nkba, melyet apr\u00f3 kis kezek gondosan sz\u00e9tv\u00e1logattak, csomagoltak \u00e9s dobozokba helyeztek. A szeretetdobozok \u00f6nk\u00e9ntesek r\u00e9v\u00e9n ker\u00fcltek a cs\u00f6r\u00f6tneki, r\u00e1bagyarmati \u00e9s r\u00f6n\u00f6ki r\u00e1szorul\u00f3 csal\u00e1dok sz\u00e1m\u00e1ra.<\/p>\n<table style=\"border-collapse: collapse; width: 100%;\">\n<tbody>\n<tr>\n<td style=\"width: 50%;\"><img fetchpriority=\"high\" decoding=\"async\" class=\"aligncenter wp-image-1699\" src=\"https:\/\/altisk-mlak.edu.hu\/wp-content\/uploads\/2023\/11\/IMG_20231117_104253-1024x863.jpg\" alt=\"\" width=\"593\" height=\"500\" srcset=\"https:\/\/altisk-mlak.edu.hu\/wp-content\/uploads\/2023\/11\/IMG_20231117_104253-1024x863.jpg 1024w, https:\/\/altisk-mlak.edu.hu\/wp-content\/uploads\/2023\/11\/IMG_20231117_104253-300x253.jpg 300w, https:\/\/altisk-mlak.edu.hu\/wp-content\/uploads\/2023\/11\/IMG_20231117_104253-768x647.jpg 768w, https:\/\/altisk-mlak.edu.hu\/wp-content\/uploads\/2023\/11\/IMG_20231117_104253-1536x1294.jpg 1536w, https:\/\/altisk-mlak.edu.hu\/wp-content\/uploads\/2023\/11\/IMG_20231117_104253-2048x1726.jpg 2048w, https:\/\/altisk-mlak.edu.hu\/wp-content\/uploads\/2023\/11\/IMG_20231117_104253-600x506.jpg 600w\" sizes=\"(max-width: 593px) 100vw, 593px\" \/><\/td>\n<td style=\"width: 50%;\"><img decoding=\"async\" class=\"aligncenter wp-image-1698\" src=\"https:\/\/altisk-mlak.edu.hu\/wp-content\/uploads\/2023\/11\/IMG_20231117_131203-932x1024.jpg\" alt=\"\" width=\"455\" height=\"500\" srcset=\"https:\/\/altisk-mlak.edu.hu\/wp-content\/uploads\/2023\/11\/IMG_20231117_131203-932x1024.jpg 932w, https:\/\/altisk-mlak.edu.hu\/wp-content\/uploads\/2023\/11\/IMG_20231117_131203-273x300.jpg 273w, https:\/\/altisk-mlak.edu.hu\/wp-content\/uploads\/2023\/11\/IMG_20231117_131203-768x843.jpg 768w, https:\/\/altisk-mlak.edu.hu\/wp-content\/uploads\/2023\/11\/IMG_20231117_131203-1399x1536.jpg 1399w, https:\/\/altisk-mlak.edu.hu\/wp-content\/uploads\/2023\/11\/IMG_20231117_131203-546x600.jpg 546w, https:\/\/altisk-mlak.edu.hu\/wp-content\/uploads\/2023\/11\/IMG_20231117_131203.jpg 1821w\" sizes=\"(max-width: 455px) 100vw, 455px\" \/><\/td>\n<\/tr>\n<\/tbody>\n<\/table>\n","protected":false},"excerpt":{"rendered":"<p>Iskol\u00e1nk 3. oszt\u00e1lyos tanul\u00f3i B\u00e1lintn\u00e9 Pados Andrea tan\u00edt\u00f3n\u0151 vezet\u00e9s\u00e9vel \u00f6nk\u00e9ntes munk\u00e1t v\u00e1llaltak a helyi szeretetszolg\u00e1latn\u00e1l. Egy neves \u00e9lelmiszerl\u00e1nc j\u00f3volt\u00e1b\u00f3l az \u201e\u00c9lelmiszerment\u00e9s\u201d akci\u00f3 keret\u00e9n bel\u00fcl nagy mennyis\u00e9g\u0171 \u00e9lelmiszert sz\u00e1ll\u00edtott Frigy J\u00f3zsef karit\u00e1szcsoport vezet\u0151<a class=\"moretag\" href=\"https:\/\/altisk-mlak.edu.hu\/index.php\/onkenteskedtunk-a-szent-antal-karitaszcsoportnal\/\">Read More&#8230;<\/a><\/p>\n","protected":false},"author":3,"featured_media":0,"comment_status":"closed","ping_status":"closed","sticky":false,"template":"","format":"standard","meta":{"two_page_speed":[],"footnotes":""},"categories":[1],"tags":[],"class_list":["post-1697","post","type-post","status-publish","format-standard","hentry","category-egyeb"],"_links":{"self":[{"href":"https:\/\/altisk-mlak.edu.hu\/index.php\/wp-json\/wp\/v2\/posts\/1697","targetHints":{"allow":["GET"]}}],"collection":[{"href":"https:\/\/altisk-mlak.edu.hu\/index.php\/wp-json\/wp\/v2\/posts"}],"about":[{"href":"https:\/\/altisk-mlak.edu.hu\/index.php\/wp-json\/wp\/v2\/types\/post"}],"author":[{"embeddable":true,"href":"https:\/\/altisk-mlak.edu.hu\/index.php\/wp-json\/wp\/v2\/users\/3"}],"replies":[{"embeddable":true,"href":"https:\/\/altisk-mlak.edu.hu\/index.php\/wp-json\/wp\/v2\/comments?post=1697"}],"version-history":[{"count":1,"href":"https:\/\/altisk-mlak.edu.hu\/index.php\/wp-json\/wp\/v2\/posts\/1697\/revisions"}],"predecessor-version":[{"id":1700,"href":"https:\/\/altisk-mlak.edu.hu\/index.php\/wp-json\/wp\/v2\/posts\/1697\/revisions\/1700"}],"wp:attachment":[{"href":"https:\/\/altisk-mlak.edu.hu\/index.php\/wp-json\/wp\/v2\/media?parent=1697"}],"wp:term":[{"taxonomy":"category","embeddable":true,"href":"https:\/\/altisk-mlak.edu.hu\/index.php\/wp-json\/wp\/v2\/categories?post=1697"},{"taxonomy":"post_tag","embeddable":true,"href":"https:\/\/altisk-mlak.edu.hu\/index.php\/wp-json\/wp\/v2\/tags?post=1697"}],"curies":[{"name":"wp","href":"https:\/\/api.w.org\/{rel}","templated":true}]}}