{"id":1702,"date":"2023-11-21T11:31:13","date_gmt":"2023-11-21T11:31:13","guid":{"rendered":"https:\/\/altisk-mlak.edu.hu\/?p=1702"},"modified":"2023-11-21T11:41:41","modified_gmt":"2023-11-21T11:41:41","slug":"ujabb-sikerek-a-mora-szavaloversenyen","status":"publish","type":"post","link":"https:\/\/altisk-mlak.edu.hu\/index.php\/ujabb-sikerek-a-mora-szavaloversenyen\/","title":{"rendered":"\u00dajabb sikerek a M\u00f3ra szaval\u00f3versenyen"},"content":{"rendered":"<table style=\"border-collapse: collapse; width: 100%;\">\n<tbody>\n<tr>\n<td style=\"width: 33.3333%;\"><img fetchpriority=\"high\" decoding=\"async\" class=\"aligncenter wp-image-1705\" src=\"https:\/\/altisk-mlak.edu.hu\/wp-content\/uploads\/2023\/11\/IMG_20231117_151354-768x1024.jpg\" alt=\"\" width=\"300\" height=\"400\" srcset=\"https:\/\/altisk-mlak.edu.hu\/wp-content\/uploads\/2023\/11\/IMG_20231117_151354-768x1024.jpg 768w, https:\/\/altisk-mlak.edu.hu\/wp-content\/uploads\/2023\/11\/IMG_20231117_151354-225x300.jpg 225w, https:\/\/altisk-mlak.edu.hu\/wp-content\/uploads\/2023\/11\/IMG_20231117_151354-1152x1536.jpg 1152w, https:\/\/altisk-mlak.edu.hu\/wp-content\/uploads\/2023\/11\/IMG_20231117_151354-450x600.jpg 450w, https:\/\/altisk-mlak.edu.hu\/wp-content\/uploads\/2023\/11\/IMG_20231117_151354.jpg 1500w\" sizes=\"(max-width: 300px) 100vw, 300px\" \/><\/td>\n<td style=\"width: 33.3333%;\"><img decoding=\"async\" class=\"wp-image-1704 aligncenter\" src=\"https:\/\/altisk-mlak.edu.hu\/wp-content\/uploads\/2023\/11\/IMG_20231117_161300-168x300.jpg\" alt=\"\" width=\"224\" height=\"400\" srcset=\"https:\/\/altisk-mlak.edu.hu\/wp-content\/uploads\/2023\/11\/IMG_20231117_161300-168x300.jpg 168w, https:\/\/altisk-mlak.edu.hu\/wp-content\/uploads\/2023\/11\/IMG_20231117_161300-574x1024.jpg 574w, https:\/\/altisk-mlak.edu.hu\/wp-content\/uploads\/2023\/11\/IMG_20231117_161300-768x1369.jpg 768w, https:\/\/altisk-mlak.edu.hu\/wp-content\/uploads\/2023\/11\/IMG_20231117_161300-862x1536.jpg 862w, https:\/\/altisk-mlak.edu.hu\/wp-content\/uploads\/2023\/11\/IMG_20231117_161300-337x600.jpg 337w, https:\/\/altisk-mlak.edu.hu\/wp-content\/uploads\/2023\/11\/IMG_20231117_161300.jpg 1122w\" sizes=\"(max-width: 224px) 100vw, 224px\" \/><\/td>\n<td style=\"width: 33.3333%;\"><img decoding=\"async\" class=\"aligncenter wp-image-1703\" src=\"https:\/\/altisk-mlak.edu.hu\/wp-content\/uploads\/2023\/11\/IMG_20231117_151410-225x300.jpg\" alt=\"\" width=\"300\" height=\"400\" srcset=\"https:\/\/altisk-mlak.edu.hu\/wp-content\/uploads\/2023\/11\/IMG_20231117_151410-225x300.jpg 225w, https:\/\/altisk-mlak.edu.hu\/wp-content\/uploads\/2023\/11\/IMG_20231117_151410-768x1024.jpg 768w, https:\/\/altisk-mlak.edu.hu\/wp-content\/uploads\/2023\/11\/IMG_20231117_151410-1152x1536.jpg 1152w, https:\/\/altisk-mlak.edu.hu\/wp-content\/uploads\/2023\/11\/IMG_20231117_151410-450x600.jpg 450w, https:\/\/altisk-mlak.edu.hu\/wp-content\/uploads\/2023\/11\/IMG_20231117_151410.jpg 1500w\" sizes=\"(max-width: 300px) 100vw, 300px\" \/><\/td>\n<\/tr>\n<\/tbody>\n<\/table>\n<p align=\"justify\"><span style=\"font-family: Times New Roman, serif;\"><span style=\"font-size: medium;\">K\u00e1ny\u00e1di S\u00e1ndor szavait id\u00e9zve: ,,A verset csak mondani kell&#8221;. November 17-\u00e9n, p\u00e9nteken ez t\u00f6rt\u00e9nt a\u00a0 M\u00f3ra Ferenc V\u00e1rosi K\u00f6nyvt\u00e1r mesemond\u00f3 verseny\u00e9n is, ahol\u00a0 3. \u00e9s 4.oszt\u00e1lyos tanul\u00f3ink az \u00e1ltaluk kiv\u00e1lasztott verseiket \u00f6r\u00f6mmel \u00e9s nagy \u00e1t\u00e9l\u00e9ssel adt\u00e1k el\u0151. Sz\u00e1momra k\u00fcl\u00f6n \u00e9lm\u00e9nyt jelentett az, hogy minden kis versmond\u00f3 mag\u00e1nak \u00e9rezte a v\u00e1lasztott vers\u00e9t \u00e9s a gyermeki l\u00e9lekben rejl\u0151\u00a0 \u00e9rzelmek is felsz\u00ednre t\u00f6rtek n\u00e9mely\u00a0 szaval\u00f3 el\u0151ad\u00e1sa k\u00f6zben. A versek pontos hangs\u00falyoz\u00e1sa, j\u00e1t\u00e9kos nyelvezete, ritmusoss\u00e1ga \u00e9s humoros mondanival\u00f3ja sz\u00edness\u00e9 var\u00e1zsolta az el\u0151ad\u00e1sokat, melyet \u00e9lm\u00e9ny volt hallgatni. \u00d3ri\u00e1si b\u00fcszkes\u00e9ggel t\u00f6lt el, hogy h\u00fasz (!) 3.oszt\u00e1lyos nevez\u0151 k\u00f6z\u00fcl k\u00e9t Magyarlak-Cs\u00f6r\u00f6tnek \u00c1ltal\u00e1nos Iskol\u00e1ba j\u00e1r\u00f3 tanul\u00f3mat, Doncsecz Vanda \u00e9s Tak\u00e1cs D\u00e1vid 3.oszt\u00e1lyos di\u00e1kokat a zs\u0171ri k\u00fcl\u00f6nd\u00edjban r\u00e9szes\u00edtette.<\/span><\/span><\/p>\n<p align=\"justify\"><img loading=\"lazy\" decoding=\"async\" class=\"aligncenter wp-image-1706\" src=\"https:\/\/altisk-mlak.edu.hu\/wp-content\/uploads\/2023\/11\/IMG_20231118_113349-e1700566251508-137x300.jpg\" alt=\"\" width=\"183\" height=\"400\" srcset=\"https:\/\/altisk-mlak.edu.hu\/wp-content\/uploads\/2023\/11\/IMG_20231118_113349-e1700566251508-137x300.jpg 137w, https:\/\/altisk-mlak.edu.hu\/wp-content\/uploads\/2023\/11\/IMG_20231118_113349-e1700566251508-469x1024.jpg 469w, https:\/\/altisk-mlak.edu.hu\/wp-content\/uploads\/2023\/11\/IMG_20231118_113349-e1700566251508-275x600.jpg 275w, https:\/\/altisk-mlak.edu.hu\/wp-content\/uploads\/2023\/11\/IMG_20231118_113349-e1700566251508.jpg 668w\" sizes=\"(max-width: 183px) 100vw, 183px\" \/><\/p>\n<p align=\"justify\"><span style=\"font-family: Times New Roman, serif;\"><span style=\"font-size: medium;\">Tanul\u00f3im boldogs\u00e1ggal telve, lelkesen konstat\u00e1lt\u00e1k, hogy j\u00f6v\u0151re is indulnak majd a versenyen! Gratul\u00e1lunk Vand\u00e1nak \u00e9s D\u00e1vidnak! Nagyon \u00fcgyesek voltak! <\/span><\/span><\/p>\n<p style=\"text-align: right;\"><span style=\"font-family: Times New Roman, serif;\"><span style=\"font-size: medium;\"><i>B\u00e1lintn\u00e9 Pados Andrea<\/i><\/span><\/span><\/p>\n","protected":false},"excerpt":{"rendered":"<p>K\u00e1ny\u00e1di S\u00e1ndor szavait id\u00e9zve: ,,A verset csak mondani kell&#8221;. November 17-\u00e9n, p\u00e9nteken ez t\u00f6rt\u00e9nt a\u00a0 M\u00f3ra Ferenc V\u00e1rosi K\u00f6nyvt\u00e1r mesemond\u00f3 verseny\u00e9n is, ahol\u00a0 3. \u00e9s 4.oszt\u00e1lyos tanul\u00f3ink az \u00e1ltaluk kiv\u00e1lasztott verseiket \u00f6r\u00f6mmel<a class=\"moretag\" href=\"https:\/\/altisk-mlak.edu.hu\/index.php\/ujabb-sikerek-a-mora-szavaloversenyen\/\">Read More&#8230;<\/a><\/p>\n","protected":false},"author":3,"featured_media":0,"comment_status":"closed","ping_status":"closed","sticky":false,"template":"","format":"standard","meta":{"two_page_speed":[],"footnotes":""},"categories":[1],"tags":[],"class_list":["post-1702","post","type-post","status-publish","format-standard","hentry","category-egyeb"],"_links":{"self":[{"href":"https:\/\/altisk-mlak.edu.hu\/index.php\/wp-json\/wp\/v2\/posts\/1702","targetHints":{"allow":["GET"]}}],"collection":[{"href":"https:\/\/altisk-mlak.edu.hu\/index.php\/wp-json\/wp\/v2\/posts"}],"about":[{"href":"https:\/\/altisk-mlak.edu.hu\/index.php\/wp-json\/wp\/v2\/types\/post"}],"author":[{"embeddable":true,"href":"https:\/\/altisk-mlak.edu.hu\/index.php\/wp-json\/wp\/v2\/users\/3"}],"replies":[{"embeddable":true,"href":"https:\/\/altisk-mlak.edu.hu\/index.php\/wp-json\/wp\/v2\/comments?post=1702"}],"version-history":[{"count":2,"href":"https:\/\/altisk-mlak.edu.hu\/index.php\/wp-json\/wp\/v2\/posts\/1702\/revisions"}],"predecessor-version":[{"id":1709,"href":"https:\/\/altisk-mlak.edu.hu\/index.php\/wp-json\/wp\/v2\/posts\/1702\/revisions\/1709"}],"wp:attachment":[{"href":"https:\/\/altisk-mlak.edu.hu\/index.php\/wp-json\/wp\/v2\/media?parent=1702"}],"wp:term":[{"taxonomy":"category","embeddable":true,"href":"https:\/\/altisk-mlak.edu.hu\/index.php\/wp-json\/wp\/v2\/categories?post=1702"},{"taxonomy":"post_tag","embeddable":true,"href":"https:\/\/altisk-mlak.edu.hu\/index.php\/wp-json\/wp\/v2\/tags?post=1702"}],"curies":[{"name":"wp","href":"https:\/\/api.w.org\/{rel}","templated":true}]}}