{"id":1732,"date":"2023-11-21T13:14:22","date_gmt":"2023-11-21T13:14:22","guid":{"rendered":"https:\/\/altisk-mlak.edu.hu\/?p=1732"},"modified":"2023-11-21T13:16:58","modified_gmt":"2023-11-21T13:16:58","slug":"palyaorientacios-nap-7-osztaly","status":"publish","type":"post","link":"https:\/\/altisk-mlak.edu.hu\/index.php\/palyaorientacios-nap-7-osztaly\/","title":{"rendered":"P\u00e1lyaorient\u00e1ci\u00f3s nap- 7.oszt\u00e1ly"},"content":{"rendered":"<p align=\"justify\"><span style=\"font-family: Times New Roman, serif;\"><span style=\"font-size: medium;\">A p\u00e1lyaorient\u00e1ci\u00f3s nap programj\u00e1nak \u00f6ssze\u00e1ll\u00edt\u00e1sa, megszervez\u00e9se minden \u00e9vben komoly kih\u00edv\u00e1st jelent az oszt\u00e1lyf\u0151n\u00f6k\u00f6knek. Mi \u00e9rdekli a gyerekeket? Maradjunk az iskol\u00e1ban? Szervezz\u00fcnk vet\u00e9lked\u0151t? H\u00edvjunk vend\u00e9geket, akik bemutatj\u00e1k saj\u00e1t foglalkoz\u00e1sukat? Vagy l\u00e1togassunk el munkahelyekre, k\u00f6z\u00e9piskol\u00e1kba?&#8230; Ilyen \u00e9s ehhez hasonl\u00f3 k\u00e9rd\u00e9sek sor\u00e1ra kell min\u00e9l jobb, min\u00e9l t\u00f6bb gyerek sz\u00e1m\u00e1ra kedvez\u0151 v\u00e1laszt adni. <\/span><\/span><\/p>\n<p align=\"justify\"><span style=\"font-family: Times New Roman, serif;\"><span style=\"font-size: medium;\">Mivel az \u00f6t hetedik oszt\u00e1lyos tanul\u00f3 k\u00f6z\u00fcl h\u00e1rmat \u00e9rdekel a cukr\u00e1sz szakma, \u00fagy d\u00f6nt\u00f6tt\u00fcnk ell\u00e1togatunk vel\u00fck a Vas V\u00e1rmegyei Szakk\u00e9pz\u00e9si Centrum III. B\u00e9la Technikum \u00e9s Koll\u00e9giumba. A l\u00e1togat\u00e1s megszervez\u00e9s\u00e9ben seg\u00edtett nek\u00fcnk Pusztai Zsolt tan\u00e1r \u00far.<\/span><\/span><\/p>\n<p align=\"justify\"><span style=\"font-family: Times New Roman, serif;\"><span style=\"font-size: medium;\">November 20-\u00e1n f\u00e9l 10-kor k\u00e9t \u00f6t\u00f6dik \u00e9s egy hatodik oszt\u00e1lyos tanul\u00f3val \u00e9s k\u00e9t pedag\u00f3gussal 10 f\u0151re b\u0151v\u00fclt h\u00f6lgycsapatunk \u00e9rkezett meg a technikumba. Az els\u0151 helysz\u00ednen, a cukr\u00e1sz m\u0171helyben Bod\u00f3 Vikt\u00f3ria \u00e9s k\u00e9t tan\u00edtv\u00e1nya fogadott benn\u00fcnket. Mivel az iskola k\u00e9pz\u00e9si k\u00edn\u00e1lat\u00e1val m\u00e1r a P\u00e1lyav\u00e1laszt\u00e1si Ki\u00e1ll\u00edt\u00e1son megismerkedt\u00fcnk, vend\u00e9gl\u00e1t\u00f3nk azonnal egy maci fejet \u00e1br\u00e1zol\u00f3 s\u00fctem\u00e9ny elk\u00e9sz\u00edt\u00e9s\u00e9nek fort\u00e9lyait osztotta meg vel\u00fcnk. <\/span><\/span><\/p>\n<table style=\"border-collapse: collapse; width: 100%;\">\n<tbody>\n<tr>\n<td style=\"width: 33.3333%;\"><img fetchpriority=\"high\" decoding=\"async\" class=\"aligncenter size-medium wp-image-1736\" src=\"https:\/\/altisk-mlak.edu.hu\/wp-content\/uploads\/2023\/11\/1-300x238.jpg\" alt=\"\" width=\"300\" height=\"238\" srcset=\"https:\/\/altisk-mlak.edu.hu\/wp-content\/uploads\/2023\/11\/1-300x238.jpg 300w, https:\/\/altisk-mlak.edu.hu\/wp-content\/uploads\/2023\/11\/1-1024x813.jpg 1024w, https:\/\/altisk-mlak.edu.hu\/wp-content\/uploads\/2023\/11\/1-768x610.jpg 768w, https:\/\/altisk-mlak.edu.hu\/wp-content\/uploads\/2023\/11\/1-1536x1220.jpg 1536w, https:\/\/altisk-mlak.edu.hu\/wp-content\/uploads\/2023\/11\/1-600x477.jpg 600w, https:\/\/altisk-mlak.edu.hu\/wp-content\/uploads\/2023\/11\/1.jpg 1565w\" sizes=\"(max-width: 300px) 100vw, 300px\" \/><\/td>\n<td style=\"width: 33.3333%;\"><img decoding=\"async\" class=\"aligncenter size-medium wp-image-1735\" src=\"https:\/\/altisk-mlak.edu.hu\/wp-content\/uploads\/2023\/11\/3-285x300.jpg\" alt=\"\" width=\"285\" height=\"300\" srcset=\"https:\/\/altisk-mlak.edu.hu\/wp-content\/uploads\/2023\/11\/3-285x300.jpg 285w, https:\/\/altisk-mlak.edu.hu\/wp-content\/uploads\/2023\/11\/3-974x1024.jpg 974w, https:\/\/altisk-mlak.edu.hu\/wp-content\/uploads\/2023\/11\/3-768x807.jpg 768w, https:\/\/altisk-mlak.edu.hu\/wp-content\/uploads\/2023\/11\/3-1461x1536.jpg 1461w, https:\/\/altisk-mlak.edu.hu\/wp-content\/uploads\/2023\/11\/3-571x600.jpg 571w, https:\/\/altisk-mlak.edu.hu\/wp-content\/uploads\/2023\/11\/3.jpg 1948w\" sizes=\"(max-width: 285px) 100vw, 285px\" \/><\/td>\n<td style=\"width: 33.3333%;\"><img decoding=\"async\" class=\"aligncenter size-medium wp-image-1734\" src=\"https:\/\/altisk-mlak.edu.hu\/wp-content\/uploads\/2023\/11\/7-300x273.jpg\" alt=\"\" width=\"300\" height=\"273\" srcset=\"https:\/\/altisk-mlak.edu.hu\/wp-content\/uploads\/2023\/11\/7-300x273.jpg 300w, https:\/\/altisk-mlak.edu.hu\/wp-content\/uploads\/2023\/11\/7-1024x931.jpg 1024w, https:\/\/altisk-mlak.edu.hu\/wp-content\/uploads\/2023\/11\/7-768x698.jpg 768w, https:\/\/altisk-mlak.edu.hu\/wp-content\/uploads\/2023\/11\/7-1536x1396.jpg 1536w, https:\/\/altisk-mlak.edu.hu\/wp-content\/uploads\/2023\/11\/7-600x545.jpg 600w, https:\/\/altisk-mlak.edu.hu\/wp-content\/uploads\/2023\/11\/7.jpg 2048w\" sizes=\"(max-width: 300px) 100vw, 300px\" \/><\/td>\n<\/tr>\n<\/tbody>\n<\/table>\n<p align=\"justify\"><span style=\"font-family: Times New Roman, serif;\"><span style=\"font-size: medium;\">A kezdeti fesz\u00fclt l\u00e9gk\u00f6r hamar felold\u00f3dott. Mindenki igyekezett min\u00e9l cukibb mack\u00f3t alkotni. Az id\u0151 gyorsan telt \u00e9s \u00e1t kellett menn\u00fcnk a k\u00f6vetkez\u0151 helysz\u00ednre, a modern eszk\u00f6z\u00f6kkel felszerelt tankonyh\u00e1ba. Itt B\u00e1csi S\u00e1ndorn\u00e9, Ica n\u00e9ni \u00e9s a 10. \u00e9vfolyamos tanul\u00f3k rizott\u00f3t k\u00e9sz\u00edtettek. Ica n\u00e9ni az \u00e9tel \u00f6sszetev\u0151it\u0151l kezdve, a f\u0171szerez\u00e9sen \u00e1t eg\u00e9szen a t\u00e1lal\u00e1sig mutatott nek\u00fcnk apr\u00f3 szakmai tr\u00fckk\u00f6ket. Miut\u00e1n elk\u00e9sz\u00fclt az \u00e9tel, \u00e1tment\u00fcnk a tan\u00e9tterembe, ahol Burka J\u00e1nos oktat\u00f3 \u00e9s tan\u00edtv\u00e1nyai eszt\u00e9tikusan megter\u00edtett asztalokkal \u00e9s nagy-nagy vend\u00e9gszeretettel v\u00e1rtak benn\u00fcnket. Kokt\u00e9lt, rizott\u00f3t, pisk\u00f3tatekercset, friss anan\u00e1szt \u00e9s \u00e1sv\u00e1nyvizet tettek sorban az asztalunkra az iskola tanul\u00f3i. Kedvesek, udvariasak, szolg\u00e1latk\u00e9szek \u00e9s nagyon \u00fcgyesek voltak. J\u00f3 tan\u00edtv\u00e1nyok, b\u00fcszke lehet r\u00e1juk az oktat\u00f3juk. <\/span><\/span><\/p>\n<table style=\"border-collapse: collapse; width: 100%;\">\n<tbody>\n<tr>\n<td style=\"width: 25%;\"><img loading=\"lazy\" decoding=\"async\" class=\"aligncenter wp-image-1740\" src=\"https:\/\/altisk-mlak.edu.hu\/wp-content\/uploads\/2023\/11\/8-300x238.jpg\" alt=\"\" width=\"251\" height=\"199\" srcset=\"https:\/\/altisk-mlak.edu.hu\/wp-content\/uploads\/2023\/11\/8-300x238.jpg 300w, https:\/\/altisk-mlak.edu.hu\/wp-content\/uploads\/2023\/11\/8-1024x812.jpg 1024w, https:\/\/altisk-mlak.edu.hu\/wp-content\/uploads\/2023\/11\/8-768x609.jpg 768w, https:\/\/altisk-mlak.edu.hu\/wp-content\/uploads\/2023\/11\/8-1536x1218.jpg 1536w, https:\/\/altisk-mlak.edu.hu\/wp-content\/uploads\/2023\/11\/8-600x476.jpg 600w, https:\/\/altisk-mlak.edu.hu\/wp-content\/uploads\/2023\/11\/8.jpg 1891w\" sizes=\"(max-width: 251px) 100vw, 251px\" \/><\/td>\n<td style=\"width: 25%;\"><img loading=\"lazy\" decoding=\"async\" class=\"aligncenter wp-image-1739\" src=\"https:\/\/altisk-mlak.edu.hu\/wp-content\/uploads\/2023\/11\/11-300x225.jpg\" alt=\"\" width=\"265\" height=\"199\" srcset=\"https:\/\/altisk-mlak.edu.hu\/wp-content\/uploads\/2023\/11\/11-300x225.jpg 300w, https:\/\/altisk-mlak.edu.hu\/wp-content\/uploads\/2023\/11\/11-1024x768.jpg 1024w, https:\/\/altisk-mlak.edu.hu\/wp-content\/uploads\/2023\/11\/11-768x576.jpg 768w, https:\/\/altisk-mlak.edu.hu\/wp-content\/uploads\/2023\/11\/11-1536x1152.jpg 1536w, https:\/\/altisk-mlak.edu.hu\/wp-content\/uploads\/2023\/11\/11-600x450.jpg 600w, https:\/\/altisk-mlak.edu.hu\/wp-content\/uploads\/2023\/11\/11.jpg 2000w\" sizes=\"(max-width: 265px) 100vw, 265px\" \/><\/td>\n<td style=\"width: 25%;\"><img loading=\"lazy\" decoding=\"async\" class=\"aligncenter size-medium wp-image-1738\" src=\"https:\/\/altisk-mlak.edu.hu\/wp-content\/uploads\/2023\/11\/15-300x199.jpg\" alt=\"\" width=\"300\" height=\"199\" srcset=\"https:\/\/altisk-mlak.edu.hu\/wp-content\/uploads\/2023\/11\/15-300x199.jpg 300w, https:\/\/altisk-mlak.edu.hu\/wp-content\/uploads\/2023\/11\/15-1024x679.jpg 1024w, https:\/\/altisk-mlak.edu.hu\/wp-content\/uploads\/2023\/11\/15-768x510.jpg 768w, https:\/\/altisk-mlak.edu.hu\/wp-content\/uploads\/2023\/11\/15-1536x1019.jpg 1536w, https:\/\/altisk-mlak.edu.hu\/wp-content\/uploads\/2023\/11\/15-600x398.jpg 600w, https:\/\/altisk-mlak.edu.hu\/wp-content\/uploads\/2023\/11\/15.jpg 2000w\" sizes=\"(max-width: 300px) 100vw, 300px\" \/><\/td>\n<td style=\"width: 25%;\"><img loading=\"lazy\" decoding=\"async\" class=\"aligncenter wp-image-1737\" src=\"https:\/\/altisk-mlak.edu.hu\/wp-content\/uploads\/2023\/11\/17-300x225.jpg\" alt=\"\" width=\"265\" height=\"199\" srcset=\"https:\/\/altisk-mlak.edu.hu\/wp-content\/uploads\/2023\/11\/17-300x225.jpg 300w, https:\/\/altisk-mlak.edu.hu\/wp-content\/uploads\/2023\/11\/17-1024x768.jpg 1024w, https:\/\/altisk-mlak.edu.hu\/wp-content\/uploads\/2023\/11\/17-768x576.jpg 768w, https:\/\/altisk-mlak.edu.hu\/wp-content\/uploads\/2023\/11\/17-1536x1152.jpg 1536w, https:\/\/altisk-mlak.edu.hu\/wp-content\/uploads\/2023\/11\/17-600x450.jpg 600w, https:\/\/altisk-mlak.edu.hu\/wp-content\/uploads\/2023\/11\/17.jpg 2000w\" sizes=\"(max-width: 265px) 100vw, 265px\" \/><\/td>\n<\/tr>\n<\/tbody>\n<\/table>\n<p align=\"justify\"><span style=\"font-family: Times New Roman, serif;\"><span style=\"font-size: medium;\">F\u00e1j\u00f3 sz\u00edvvel, a vend\u00e9gl\u00e1t\u00e1st megk\u00f6sz\u00f6nve, b\u00facs\u00faztunk a technikum oktat\u00f3it\u00f3l \u00e9s a tanul\u00f3kt\u00f3l, de m\u00e9g egy helysz\u00ednen v\u00e1rtak benn\u00fcnket. <\/span><\/span><\/p>\n<table style=\"border-collapse: collapse; width: 100%;\">\n<tbody>\n<tr>\n<td style=\"width: 60.9167%;\"><img loading=\"lazy\" decoding=\"async\" class=\"aligncenter wp-image-1742\" src=\"https:\/\/altisk-mlak.edu.hu\/wp-content\/uploads\/2023\/11\/19-300x225.jpg\" alt=\"\" width=\"667\" height=\"500\" srcset=\"https:\/\/altisk-mlak.edu.hu\/wp-content\/uploads\/2023\/11\/19-300x225.jpg 300w, https:\/\/altisk-mlak.edu.hu\/wp-content\/uploads\/2023\/11\/19-1024x768.jpg 1024w, https:\/\/altisk-mlak.edu.hu\/wp-content\/uploads\/2023\/11\/19-768x576.jpg 768w, https:\/\/altisk-mlak.edu.hu\/wp-content\/uploads\/2023\/11\/19-1536x1152.jpg 1536w, https:\/\/altisk-mlak.edu.hu\/wp-content\/uploads\/2023\/11\/19-600x450.jpg 600w, https:\/\/altisk-mlak.edu.hu\/wp-content\/uploads\/2023\/11\/19.jpg 2000w\" sizes=\"(max-width: 667px) 100vw, 667px\" \/><\/td>\n<td style=\"width: 39.0833%;\"><img loading=\"lazy\" decoding=\"async\" class=\"aligncenter wp-image-1741\" src=\"https:\/\/altisk-mlak.edu.hu\/wp-content\/uploads\/2023\/11\/18-169x300.jpg\" alt=\"\" width=\"282\" height=\"500\" srcset=\"https:\/\/altisk-mlak.edu.hu\/wp-content\/uploads\/2023\/11\/18-169x300.jpg 169w, https:\/\/altisk-mlak.edu.hu\/wp-content\/uploads\/2023\/11\/18-578x1024.jpg 578w, https:\/\/altisk-mlak.edu.hu\/wp-content\/uploads\/2023\/11\/18-768x1360.jpg 768w, https:\/\/altisk-mlak.edu.hu\/wp-content\/uploads\/2023\/11\/18-868x1536.jpg 868w, https:\/\/altisk-mlak.edu.hu\/wp-content\/uploads\/2023\/11\/18-339x600.jpg 339w, https:\/\/altisk-mlak.edu.hu\/wp-content\/uploads\/2023\/11\/18.jpg 1127w\" sizes=\"(max-width: 282px) 100vw, 282px\" \/><\/td>\n<\/tr>\n<\/tbody>\n<\/table>\n<p align=\"justify\"><span style=\"font-family: Times New Roman, serif;\"><span style=\"font-size: medium;\">A Stellantis Szentgotth\u00e1rd Kft. ter\u00fclet\u00e9n tal\u00e1lhat\u00f3 t\u0171zolt\u00f3s\u00e1g munkat\u00e1rsainak \u00e1llom\u00e1shely\u00e9vel Doncsecz Zsolt seg\u00edts\u00e9g\u00e9vel ismerkedhett\u00fck meg. A t\u0171zolt\u00f3aut\u00f3n k\u00edv\u00fcl (ami annyira nem hozott l\u00e1zba benn\u00fcnket, hiszen mi l\u00e1nyok vagyunk) az \u00e9ppen szolg\u00e1latban l\u00e9v\u0151 4 f\u0151s csapat mindennapi feladataiba is betekint\u00e9st nyerhett\u00fcnk. Az igazat megvallva nem szomorkodtunk olyan nagyon, amikor kider\u00fclt, l\u00e1nyok nincsenek az \u00e1llom\u00e1nyban, teh\u00e1t hivat\u00e1sos t\u0171zolt\u00f3k\u00e9nt nem sok bab\u00e9r terem nek\u00fcnk Magyarorsz\u00e1gon.<\/span><\/span><\/p>\n<p align=\"justify\"><span style=\"font-family: Times New Roman, serif;\"><span style=\"font-size: medium;\">A t\u0171zolt\u00f3k ut\u00e1n igazi l\u00e1nyos programmal z\u00e1rtuk az esem\u00e9nyd\u00fas napot, n\u00e9zel\u0151dt\u00fcnk (na j\u00f3, egy-k\u00e9t dolgot v\u00e1s\u00e1roltunk is) az illatszerboltban. <\/span><\/span><\/p>\n<p align=\"justify\"><span style=\"font-family: Times New Roman, serif;\"><span style=\"font-size: medium;\">K\u00f6sz\u00f6nj\u00fck ezt a tanuls\u00e1gos, ugyanakkor \u00e9lm\u00e9nygazdag napot minden k\u00f6zrem\u0171k\u00f6d\u0151nek!<\/span><\/span><\/p>\n<p style=\"text-align: right;\"><span style=\"font-family: Times New Roman, serif;\"><span style=\"font-size: medium;\"><i>Kov\u00e1cs Zsuzsanna<\/i><\/span><\/span><\/p>\n","protected":false},"excerpt":{"rendered":"<p>A p\u00e1lyaorient\u00e1ci\u00f3s nap programj\u00e1nak \u00f6ssze\u00e1ll\u00edt\u00e1sa, megszervez\u00e9se minden \u00e9vben komoly kih\u00edv\u00e1st jelent az oszt\u00e1lyf\u0151n\u00f6k\u00f6knek. Mi \u00e9rdekli a gyerekeket? Maradjunk az iskol\u00e1ban? Szervezz\u00fcnk vet\u00e9lked\u0151t? H\u00edvjunk vend\u00e9geket, akik bemutatj\u00e1k saj\u00e1t foglalkoz\u00e1sukat? Vagy l\u00e1togassunk el munkahelyekre,<a class=\"moretag\" href=\"https:\/\/altisk-mlak.edu.hu\/index.php\/palyaorientacios-nap-7-osztaly\/\">Read More&#8230;<\/a><\/p>\n","protected":false},"author":3,"featured_media":0,"comment_status":"closed","ping_status":"closed","sticky":false,"template":"","format":"standard","meta":{"two_page_speed":[],"footnotes":""},"categories":[1],"tags":[],"class_list":["post-1732","post","type-post","status-publish","format-standard","hentry","category-egyeb"],"_links":{"self":[{"href":"https:\/\/altisk-mlak.edu.hu\/index.php\/wp-json\/wp\/v2\/posts\/1732","targetHints":{"allow":["GET"]}}],"collection":[{"href":"https:\/\/altisk-mlak.edu.hu\/index.php\/wp-json\/wp\/v2\/posts"}],"about":[{"href":"https:\/\/altisk-mlak.edu.hu\/index.php\/wp-json\/wp\/v2\/types\/post"}],"author":[{"embeddable":true,"href":"https:\/\/altisk-mlak.edu.hu\/index.php\/wp-json\/wp\/v2\/users\/3"}],"replies":[{"embeddable":true,"href":"https:\/\/altisk-mlak.edu.hu\/index.php\/wp-json\/wp\/v2\/comments?post=1732"}],"version-history":[{"count":2,"href":"https:\/\/altisk-mlak.edu.hu\/index.php\/wp-json\/wp\/v2\/posts\/1732\/revisions"}],"predecessor-version":[{"id":1743,"href":"https:\/\/altisk-mlak.edu.hu\/index.php\/wp-json\/wp\/v2\/posts\/1732\/revisions\/1743"}],"wp:attachment":[{"href":"https:\/\/altisk-mlak.edu.hu\/index.php\/wp-json\/wp\/v2\/media?parent=1732"}],"wp:term":[{"taxonomy":"category","embeddable":true,"href":"https:\/\/altisk-mlak.edu.hu\/index.php\/wp-json\/wp\/v2\/categories?post=1732"},{"taxonomy":"post_tag","embeddable":true,"href":"https:\/\/altisk-mlak.edu.hu\/index.php\/wp-json\/wp\/v2\/tags?post=1732"}],"curies":[{"name":"wp","href":"https:\/\/api.w.org\/{rel}","templated":true}]}}