{"id":1748,"date":"2023-11-28T10:09:21","date_gmt":"2023-11-28T10:09:21","guid":{"rendered":"https:\/\/altisk-mlak.edu.hu\/?p=1748"},"modified":"2023-11-28T10:09:29","modified_gmt":"2023-11-28T10:09:29","slug":"palyaorientacios-nap-az-also-tagozaton-2","status":"publish","type":"post","link":"https:\/\/altisk-mlak.edu.hu\/index.php\/palyaorientacios-nap-az-also-tagozaton-2\/","title":{"rendered":"P\u00e1lyaorient\u00e1ci\u00f3s nap az als\u00f3 tagozaton"},"content":{"rendered":"<p align=\"justify\"><span style=\"font-family: Times New Roman, serif;\"><span style=\"font-size: medium;\">2023. november 20-\u00e1n a p\u00e1lyaorient\u00e1ci\u00f3s nap keret\u00e9ben k\u00fcl\u00f6nb\u00f6z\u0151\u00a0 foglalkoz\u00e1sokhoz kapcsol\u00f3d\u00f3 \u00e9lm\u00e9nyd\u00fas programokon vehettek r\u00e9szt tanul\u00f3ink. Ennek egyik \u00e1llom\u00e1sa az \u0150rs\u00e9gi Nemzeti Park szakembereinek bemutatkoz\u00e1sa volt, akiknek seg\u00edts\u00e9g\u00e9vel\u00a0 betekint\u00e9st nyerhettek tanul\u00f3ink az ott zajl\u00f3 munk\u00e1ba \u00e9s j\u00e1t\u00e9kos feladatokon kereszt\u00fcl ismerhett\u00e9k meg a nemzeti park tev\u00e9kenys\u00e9grendszer\u00e9t. <\/span><\/span><\/p>\n<p align=\"justify\"><span style=\"font-family: Times New Roman, serif;\"><span style=\"font-size: medium;\">A k\u00f6vetkez\u0151 \u00e1llom\u00e1son minden \u00e9vfolyam\u00a0 t\u00f6bb \u00e9rz\u00e9kszerv bekapcsol\u00e1s\u00e1val, kiscsoportos form\u00e1ban ismerkedett a k\u00fcl\u00f6nb\u00f6z\u0151 foglalkoz\u00e1sokkal. Els\u0151k\u00e9nt puzzle elemekb\u0151l raktak ki egy-egy\u00a0 foglalkoz\u00e1st \u00e9s a hozz\u00e1 tartoz\u00f3 t\u00e1rgyakat, eszk\u00f6z\u00f6ket, majd bemutatt\u00e1k n\u00e9h\u00e1ny mondattal \u00f6sszefoglalva, hogy ki mit csin\u00e1l, milyen eszk\u00f6z\u00f6kkel dolgozik. A bemutat\u00e1st k\u00f6vet\u0151en egy kis asszociat\u00edv gondolkod\u00e1sra sarkall\u00f3 tal\u00e1l\u00f3s k\u00e9rd\u00e9ssor k\u00f6vetkezett a haszn\u00e1lati t\u00e1rgyakr\u00f3l, melyet \u00fcgyesen megfejtettek a tanul\u00f3k. V\u00e9g\u00fcl a kirakott foglalkoz\u00e1sokhoz kapcsol\u00f3dva\u00a0 tapint\u00e1s \u00fatj\u00e1n tal\u00e1lhatt\u00e1k ki, milyen haszn\u00e1lati t\u00e1rgy rejlik a ,,var\u00e1zsdobozban&#8221;.\u00a0 <\/span><\/span><\/p>\n<table style=\"border-collapse: collapse; width: 100%;\">\n<tbody>\n<tr>\n<td style=\"width: 50%;\"><img fetchpriority=\"high\" decoding=\"async\" class=\"aligncenter size-medium wp-image-1756\" src=\"https:\/\/altisk-mlak.edu.hu\/wp-content\/uploads\/2023\/11\/FB_IMG_1701104781893-225x300.jpg\" alt=\"\" width=\"225\" height=\"300\" srcset=\"https:\/\/altisk-mlak.edu.hu\/wp-content\/uploads\/2023\/11\/FB_IMG_1701104781893-225x300.jpg 225w, https:\/\/altisk-mlak.edu.hu\/wp-content\/uploads\/2023\/11\/FB_IMG_1701104781893-768x1024.jpg 768w, https:\/\/altisk-mlak.edu.hu\/wp-content\/uploads\/2023\/11\/FB_IMG_1701104781893-450x600.jpg 450w, https:\/\/altisk-mlak.edu.hu\/wp-content\/uploads\/2023\/11\/FB_IMG_1701104781893.jpg 1080w\" sizes=\"(max-width: 225px) 100vw, 225px\" \/><\/td>\n<td style=\"width: 50%;\"><img decoding=\"async\" class=\"aligncenter size-medium wp-image-1755\" src=\"https:\/\/altisk-mlak.edu.hu\/wp-content\/uploads\/2023\/11\/FB_IMG_1701104903345-225x300.jpg\" alt=\"\" width=\"225\" height=\"300\" srcset=\"https:\/\/altisk-mlak.edu.hu\/wp-content\/uploads\/2023\/11\/FB_IMG_1701104903345-225x300.jpg 225w, https:\/\/altisk-mlak.edu.hu\/wp-content\/uploads\/2023\/11\/FB_IMG_1701104903345-768x1024.jpg 768w, https:\/\/altisk-mlak.edu.hu\/wp-content\/uploads\/2023\/11\/FB_IMG_1701104903345-450x600.jpg 450w, https:\/\/altisk-mlak.edu.hu\/wp-content\/uploads\/2023\/11\/FB_IMG_1701104903345.jpg 1080w\" sizes=\"(max-width: 225px) 100vw, 225px\" \/><\/td>\n<\/tr>\n<\/tbody>\n<\/table>\n<p align=\"justify\"><span style=\"font-family: Times New Roman, serif;\"><span style=\"font-size: medium;\">A j\u00e1t\u00e9kos kv\u00edz feladatokat k\u00f6vet\u0151en ell\u00e1togattunk a cs\u00f6r\u00f6tneki K\u00f6vesdi csal\u00e1d tehen\u00e9szet\u00e9be, ahol az ott dolgoz\u00f3k munk\u00e1j\u00e1val \u00e9s a h\u00e1zi\u00e1llatokkal ismerkedhettek tanul\u00f3ink. A l\u00e1togat\u00e1s sor\u00e1n a kisbocik k\u00f6zeli\u00a0 l\u00e1tv\u00e1nya minden kisgyerek arc\u00e1ra mosolyt csalt, \u00e9rdekl\u0151dve figyelt\u00e9k az ist\u00e1ll\u00f3ban az \u00e1llatok viselked\u00e9s\u00e9t, az ott zajl\u00f3 esem\u00e9nyeket. <\/span><\/span><\/p>\n<p align=\"justify\"><img decoding=\"async\" class=\"aligncenter size-medium wp-image-1757\" src=\"https:\/\/altisk-mlak.edu.hu\/wp-content\/uploads\/2023\/11\/FB_IMG_1701104708016-225x300.jpg\" alt=\"\" width=\"225\" height=\"300\" srcset=\"https:\/\/altisk-mlak.edu.hu\/wp-content\/uploads\/2023\/11\/FB_IMG_1701104708016-225x300.jpg 225w, https:\/\/altisk-mlak.edu.hu\/wp-content\/uploads\/2023\/11\/FB_IMG_1701104708016-768x1024.jpg 768w, https:\/\/altisk-mlak.edu.hu\/wp-content\/uploads\/2023\/11\/FB_IMG_1701104708016-450x600.jpg 450w, https:\/\/altisk-mlak.edu.hu\/wp-content\/uploads\/2023\/11\/FB_IMG_1701104708016.jpg 1080w\" sizes=\"(max-width: 225px) 100vw, 225px\" \/><\/p>\n<p align=\"justify\"><span style=\"font-family: Times New Roman, serif;\"><span style=\"font-size: medium;\">A gazdas\u00e1gban t\u00f6rt\u00e9nt l\u00e1togat\u00e1s befejezt\u00e9vel a foglalkoz\u00e1sokhoz k\u00f6t\u0151d\u0151 mes\u00e9kkel, (Romh\u00e1nyi J\u00f3zsef: Mekk Elek sorozat), munkafolyamatot bemutat\u00f3 ismeretterjeszt\u0151 vide\u00f3 vet\u00edt\u00e9ssel (Alma \u00e9s V\u00e9da: Hogyan k\u00e9sz\u00fcl a m\u00e9z?, Hogyan k\u00e9sz\u00fcl a csokol\u00e1d\u00e9?) z\u00e1rtuk ezt a napot, melynek l\u00e9nyege az volt, hogy a gyerekek\u00a0 az \u00e9lm\u00e9nyszer\u0171 megtapasztal\u00e1s, cselekv\u00e9s \u00fatj\u00e1n, min\u00e9l sokr\u00e9t\u0171bb ismeretet gy\u0171jtsenek a foglalkoz\u00e1sokr\u00f3l.<\/span><\/span><\/p>\n","protected":false},"excerpt":{"rendered":"<p>2023. november 20-\u00e1n a p\u00e1lyaorient\u00e1ci\u00f3s nap keret\u00e9ben k\u00fcl\u00f6nb\u00f6z\u0151\u00a0 foglalkoz\u00e1sokhoz kapcsol\u00f3d\u00f3 \u00e9lm\u00e9nyd\u00fas programokon vehettek r\u00e9szt tanul\u00f3ink. Ennek egyik \u00e1llom\u00e1sa az \u0150rs\u00e9gi Nemzeti Park szakembereinek bemutatkoz\u00e1sa volt, akiknek seg\u00edts\u00e9g\u00e9vel\u00a0 betekint\u00e9st nyerhettek tanul\u00f3ink az ott<a class=\"moretag\" href=\"https:\/\/altisk-mlak.edu.hu\/index.php\/palyaorientacios-nap-az-also-tagozaton-2\/\">Read More&#8230;<\/a><\/p>\n","protected":false},"author":3,"featured_media":0,"comment_status":"closed","ping_status":"closed","sticky":false,"template":"","format":"standard","meta":{"two_page_speed":[],"footnotes":""},"categories":[1],"tags":[],"class_list":["post-1748","post","type-post","status-publish","format-standard","hentry","category-egyeb"],"_links":{"self":[{"href":"https:\/\/altisk-mlak.edu.hu\/index.php\/wp-json\/wp\/v2\/posts\/1748","targetHints":{"allow":["GET"]}}],"collection":[{"href":"https:\/\/altisk-mlak.edu.hu\/index.php\/wp-json\/wp\/v2\/posts"}],"about":[{"href":"https:\/\/altisk-mlak.edu.hu\/index.php\/wp-json\/wp\/v2\/types\/post"}],"author":[{"embeddable":true,"href":"https:\/\/altisk-mlak.edu.hu\/index.php\/wp-json\/wp\/v2\/users\/3"}],"replies":[{"embeddable":true,"href":"https:\/\/altisk-mlak.edu.hu\/index.php\/wp-json\/wp\/v2\/comments?post=1748"}],"version-history":[{"count":2,"href":"https:\/\/altisk-mlak.edu.hu\/index.php\/wp-json\/wp\/v2\/posts\/1748\/revisions"}],"predecessor-version":[{"id":1758,"href":"https:\/\/altisk-mlak.edu.hu\/index.php\/wp-json\/wp\/v2\/posts\/1748\/revisions\/1758"}],"wp:attachment":[{"href":"https:\/\/altisk-mlak.edu.hu\/index.php\/wp-json\/wp\/v2\/media?parent=1748"}],"wp:term":[{"taxonomy":"category","embeddable":true,"href":"https:\/\/altisk-mlak.edu.hu\/index.php\/wp-json\/wp\/v2\/categories?post=1748"},{"taxonomy":"post_tag","embeddable":true,"href":"https:\/\/altisk-mlak.edu.hu\/index.php\/wp-json\/wp\/v2\/tags?post=1748"}],"curies":[{"name":"wp","href":"https:\/\/api.w.org\/{rel}","templated":true}]}}