{"id":1766,"date":"2023-11-28T10:17:56","date_gmt":"2023-11-28T10:17:56","guid":{"rendered":"https:\/\/altisk-mlak.edu.hu\/?p=1766"},"modified":"2023-11-28T10:17:56","modified_gmt":"2023-11-28T10:17:56","slug":"ezust-minositesek-a-nepdaleneklesi-versenyen","status":"publish","type":"post","link":"https:\/\/altisk-mlak.edu.hu\/index.php\/ezust-minositesek-a-nepdaleneklesi-versenyen\/","title":{"rendered":"Ez\u00fcst min\u0151s\u00edt\u00e9sek a n\u00e9pdal\u00e9nekl\u00e9si versenyen"},"content":{"rendered":"<p align=\"justify\"><span style=\"font-size: medium;\">Iskol\u00e1nk \u00e9nekkara november 24-\u00e9n d\u00e9lel\u0151tt r\u00e9szt vett a Szentgotth\u00e1rdon megrendezett K\u00f6rzeti N\u00e9pdal\u00e9nekl\u00e9si Versenyen, melyen mindk\u00e9t csoportunk EZ\u00dcST min\u0151s\u00edt\u00e9st szerzett: a nagy csoportban &#8222;Vid\u00e1m angyalok&#8221;, a kis csoportban &#8222;Lillaida&#8221; n\u00e9ven. <\/span><\/p>\n<table style=\"border-collapse: collapse; width: 100%;\">\n<tbody>\n<tr>\n<td style=\"width: 50%;\"><img fetchpriority=\"high\" decoding=\"async\" class=\"aligncenter size-medium wp-image-1768\" src=\"https:\/\/altisk-mlak.edu.hu\/wp-content\/uploads\/2023\/11\/e2-300x228.jpg\" alt=\"\" width=\"300\" height=\"228\" srcset=\"https:\/\/altisk-mlak.edu.hu\/wp-content\/uploads\/2023\/11\/e2-300x228.jpg 300w, https:\/\/altisk-mlak.edu.hu\/wp-content\/uploads\/2023\/11\/e2-768x582.jpg 768w, https:\/\/altisk-mlak.edu.hu\/wp-content\/uploads\/2023\/11\/e2-600x455.jpg 600w, https:\/\/altisk-mlak.edu.hu\/wp-content\/uploads\/2023\/11\/e2.jpg 828w\" sizes=\"(max-width: 300px) 100vw, 300px\" \/><\/td>\n<td style=\"width: 50%;\"><img decoding=\"async\" class=\"aligncenter size-medium wp-image-1767\" src=\"https:\/\/altisk-mlak.edu.hu\/wp-content\/uploads\/2023\/11\/e1-300x225.jpg\" alt=\"\" width=\"300\" height=\"225\" srcset=\"https:\/\/altisk-mlak.edu.hu\/wp-content\/uploads\/2023\/11\/e1-300x225.jpg 300w, https:\/\/altisk-mlak.edu.hu\/wp-content\/uploads\/2023\/11\/e1-768x576.jpg 768w, https:\/\/altisk-mlak.edu.hu\/wp-content\/uploads\/2023\/11\/e1-600x450.jpg 600w, https:\/\/altisk-mlak.edu.hu\/wp-content\/uploads\/2023\/11\/e1.jpg 828w\" sizes=\"(max-width: 300px) 100vw, 300px\" \/><\/td>\n<\/tr>\n<\/tbody>\n<\/table>\n<p align=\"justify\"><span style=\"font-size: medium;\">Az oklev\u00e9l mell\u00e9 mindannyian jutalomjegyet kaptunk a szentgotth\u00e1rdi Cs\u00e1k\u00e1nyi L\u00e1szl\u00f3 Filmsz\u00ednh\u00e1zba, melyet a l\u00e1nyok d\u00f6nt\u00e9se alapj\u00e1n tavasszal fogunk felhaszn\u00e1lni \u00e9s egy j\u00f3t mozizunk egy\u00fctt. <\/span><\/p>\n<p align=\"justify\"><span style=\"font-size: medium;\">A d\u00e9lel\u0151tt j\u00f3 hangulatban \u00e9s sok k\u00f6z\u00f6s \u00e9nekl\u00e9ssel telt.<\/span><\/p>\n<p align=\"justify\"><span style=\"font-size: medium;\">A tanul\u00f3kat Deutsch Szilvia tan\u00edt\u00f3n\u0151 \u00e9s Rezs\u0151 Rita zenetan\u00e1r k\u00e9sz\u00edtette fel a megm\u00e9rettet\u00e9sre. <\/span><\/p>\n<p style=\"text-align: right;\"><i>Deutsch Szilvia<\/i><\/p>\n","protected":false},"excerpt":{"rendered":"<p>Iskol\u00e1nk \u00e9nekkara november 24-\u00e9n d\u00e9lel\u0151tt r\u00e9szt vett a Szentgotth\u00e1rdon megrendezett K\u00f6rzeti N\u00e9pdal\u00e9nekl\u00e9si Versenyen, melyen mindk\u00e9t csoportunk EZ\u00dcST min\u0151s\u00edt\u00e9st szerzett: a nagy csoportban &#8222;Vid\u00e1m angyalok&#8221;, a kis csoportban &#8222;Lillaida&#8221; n\u00e9ven. Az oklev\u00e9l mell\u00e9<a class=\"moretag\" href=\"https:\/\/altisk-mlak.edu.hu\/index.php\/ezust-minositesek-a-nepdaleneklesi-versenyen\/\">Read More&#8230;<\/a><\/p>\n","protected":false},"author":3,"featured_media":0,"comment_status":"closed","ping_status":"closed","sticky":false,"template":"","format":"standard","meta":{"two_page_speed":[],"footnotes":""},"categories":[1],"tags":[],"class_list":["post-1766","post","type-post","status-publish","format-standard","hentry","category-egyeb"],"_links":{"self":[{"href":"https:\/\/altisk-mlak.edu.hu\/index.php\/wp-json\/wp\/v2\/posts\/1766","targetHints":{"allow":["GET"]}}],"collection":[{"href":"https:\/\/altisk-mlak.edu.hu\/index.php\/wp-json\/wp\/v2\/posts"}],"about":[{"href":"https:\/\/altisk-mlak.edu.hu\/index.php\/wp-json\/wp\/v2\/types\/post"}],"author":[{"embeddable":true,"href":"https:\/\/altisk-mlak.edu.hu\/index.php\/wp-json\/wp\/v2\/users\/3"}],"replies":[{"embeddable":true,"href":"https:\/\/altisk-mlak.edu.hu\/index.php\/wp-json\/wp\/v2\/comments?post=1766"}],"version-history":[{"count":1,"href":"https:\/\/altisk-mlak.edu.hu\/index.php\/wp-json\/wp\/v2\/posts\/1766\/revisions"}],"predecessor-version":[{"id":1769,"href":"https:\/\/altisk-mlak.edu.hu\/index.php\/wp-json\/wp\/v2\/posts\/1766\/revisions\/1769"}],"wp:attachment":[{"href":"https:\/\/altisk-mlak.edu.hu\/index.php\/wp-json\/wp\/v2\/media?parent=1766"}],"wp:term":[{"taxonomy":"category","embeddable":true,"href":"https:\/\/altisk-mlak.edu.hu\/index.php\/wp-json\/wp\/v2\/categories?post=1766"},{"taxonomy":"post_tag","embeddable":true,"href":"https:\/\/altisk-mlak.edu.hu\/index.php\/wp-json\/wp\/v2\/tags?post=1766"}],"curies":[{"name":"wp","href":"https:\/\/api.w.org\/{rel}","templated":true}]}}