{"id":1770,"date":"2023-11-28T10:23:18","date_gmt":"2023-11-28T10:23:18","guid":{"rendered":"https:\/\/altisk-mlak.edu.hu\/?p=1770"},"modified":"2023-11-30T07:15:45","modified_gmt":"2023-11-30T07:15:45","slug":"dr-takacs-gyula-plebanos-atya-koszontese","status":"publish","type":"post","link":"https:\/\/altisk-mlak.edu.hu\/index.php\/dr-takacs-gyula-plebanos-atya-koszontese\/","title":{"rendered":"Dr. Tak\u00e1cs Gyula pl\u00e9b\u00e1nos atya k\u00f6sz\u00f6nt\u00e9se"},"content":{"rendered":"<p style=\"text-align: justify;\">Ma (nov. 27-\u00e9n) reggel iskol\u00e1nk k\u00f6z\u00f6ss\u00e9ge gratul\u00e1lt Dr. Tak\u00e1cs Gyula pl\u00e9b\u00e1nosnak, iskolalelk\u00e9sznek a Vas V\u00e1rmegye Pr\u00edma-d\u00edj 2023- Kiemelked\u0151 T\u00e1rsadalmi Szerepv\u00e1llal\u00e1s\u00e9rt D\u00edjhoz, \u00e9s Isten \u00e1ld\u00e1s\u00e1t k\u00e9rt\u00fck tov\u00e1bbi szolg\u00e1lat\u00e1hoz.<\/p>\n<p style=\"text-align: justify;\"><img fetchpriority=\"high\" decoding=\"async\" class=\"size-large wp-image-1771\" src=\"https:\/\/altisk-mlak.edu.hu\/wp-content\/uploads\/2023\/11\/Gyula_atya_koszontese-1024x768.jpg\" alt=\"\" width=\"604\" height=\"453\" srcset=\"https:\/\/altisk-mlak.edu.hu\/wp-content\/uploads\/2023\/11\/Gyula_atya_koszontese-1024x768.jpg 1024w, https:\/\/altisk-mlak.edu.hu\/wp-content\/uploads\/2023\/11\/Gyula_atya_koszontese-300x225.jpg 300w, https:\/\/altisk-mlak.edu.hu\/wp-content\/uploads\/2023\/11\/Gyula_atya_koszontese-768x576.jpg 768w, https:\/\/altisk-mlak.edu.hu\/wp-content\/uploads\/2023\/11\/Gyula_atya_koszontese-1536x1152.jpg 1536w, https:\/\/altisk-mlak.edu.hu\/wp-content\/uploads\/2023\/11\/Gyula_atya_koszontese-600x450.jpg 600w, https:\/\/altisk-mlak.edu.hu\/wp-content\/uploads\/2023\/11\/Gyula_atya_koszontese.jpg 2016w\" sizes=\"(max-width: 604px) 100vw, 604px\" \/><\/p>\n","protected":false},"excerpt":{"rendered":"<p>Ma (nov. 27-\u00e9n) reggel iskol\u00e1nk k\u00f6z\u00f6ss\u00e9ge gratul\u00e1lt Dr. Tak\u00e1cs Gyula pl\u00e9b\u00e1nosnak, iskolalelk\u00e9sznek a Vas V\u00e1rmegye Pr\u00edma-d\u00edj 2023- Kiemelked\u0151 T\u00e1rsadalmi Szerepv\u00e1llal\u00e1s\u00e9rt D\u00edjhoz, \u00e9s Isten \u00e1ld\u00e1s\u00e1t k\u00e9rt\u00fck tov\u00e1bbi szolg\u00e1lat\u00e1hoz.<\/p>\n","protected":false},"author":3,"featured_media":0,"comment_status":"closed","ping_status":"closed","sticky":false,"template":"","format":"standard","meta":{"two_page_speed":[],"footnotes":""},"categories":[1],"tags":[],"class_list":["post-1770","post","type-post","status-publish","format-standard","hentry","category-egyeb"],"_links":{"self":[{"href":"https:\/\/altisk-mlak.edu.hu\/index.php\/wp-json\/wp\/v2\/posts\/1770","targetHints":{"allow":["GET"]}}],"collection":[{"href":"https:\/\/altisk-mlak.edu.hu\/index.php\/wp-json\/wp\/v2\/posts"}],"about":[{"href":"https:\/\/altisk-mlak.edu.hu\/index.php\/wp-json\/wp\/v2\/types\/post"}],"author":[{"embeddable":true,"href":"https:\/\/altisk-mlak.edu.hu\/index.php\/wp-json\/wp\/v2\/users\/3"}],"replies":[{"embeddable":true,"href":"https:\/\/altisk-mlak.edu.hu\/index.php\/wp-json\/wp\/v2\/comments?post=1770"}],"version-history":[{"count":1,"href":"https:\/\/altisk-mlak.edu.hu\/index.php\/wp-json\/wp\/v2\/posts\/1770\/revisions"}],"predecessor-version":[{"id":1772,"href":"https:\/\/altisk-mlak.edu.hu\/index.php\/wp-json\/wp\/v2\/posts\/1770\/revisions\/1772"}],"wp:attachment":[{"href":"https:\/\/altisk-mlak.edu.hu\/index.php\/wp-json\/wp\/v2\/media?parent=1770"}],"wp:term":[{"taxonomy":"category","embeddable":true,"href":"https:\/\/altisk-mlak.edu.hu\/index.php\/wp-json\/wp\/v2\/categories?post=1770"},{"taxonomy":"post_tag","embeddable":true,"href":"https:\/\/altisk-mlak.edu.hu\/index.php\/wp-json\/wp\/v2\/tags?post=1770"}],"curies":[{"name":"wp","href":"https:\/\/api.w.org\/{rel}","templated":true}]}}