{"id":1774,"date":"2023-11-30T07:18:03","date_gmt":"2023-11-30T07:18:03","guid":{"rendered":"https:\/\/altisk-mlak.edu.hu\/?p=1774"},"modified":"2023-12-01T07:21:57","modified_gmt":"2023-12-01T07:21:57","slug":"adventi-elokeszuletek","status":"publish","type":"post","link":"https:\/\/altisk-mlak.edu.hu\/index.php\/adventi-elokeszuletek\/","title":{"rendered":"Adventi el\u0151k\u00e9sz\u00fcletek"},"content":{"rendered":"<p align=\"justify\"><a name=\"_GoBack\"><\/a> Ma iskol\u00e1nk 3. oszt\u00e1lyos tanul\u00f3i B\u00e1lintn\u00e9 Pados Andrea tan\u00edt\u00f3n\u0151 seg\u00edts\u00e9g\u00e9vel egy csodasz\u00e9p adventi koszor\u00fat k\u00e9sz\u00edtettek. A gyerekek technika\u00f3r\u00e1n nagy lelkesed\u00e9ssel l\u00e1ttak neki a munk\u00e1nak. A fi\u00fak (Arn\u00f3, Beli\u00e1n, Erneszt\u00f3, M\u00e1t\u00e9) a feny\u0151\u00e1gakat er\u0151s\u00edtett\u00e9k fel a faalapra, Vanda csodasz\u00e9p gy\u00f6ngysort f\u0171z\u00f6tt.<\/p>\n<p align=\"justify\"><img fetchpriority=\"high\" decoding=\"async\" class=\"aligncenter size-large wp-image-1775\" src=\"https:\/\/altisk-mlak.edu.hu\/wp-content\/uploads\/2023\/11\/Adventi_elokeszuletek3-1024x768.jpg\" alt=\"\" width=\"604\" height=\"453\" srcset=\"https:\/\/altisk-mlak.edu.hu\/wp-content\/uploads\/2023\/11\/Adventi_elokeszuletek3-1024x768.jpg 1024w, https:\/\/altisk-mlak.edu.hu\/wp-content\/uploads\/2023\/11\/Adventi_elokeszuletek3-300x225.jpg 300w, https:\/\/altisk-mlak.edu.hu\/wp-content\/uploads\/2023\/11\/Adventi_elokeszuletek3-768x576.jpg 768w, https:\/\/altisk-mlak.edu.hu\/wp-content\/uploads\/2023\/11\/Adventi_elokeszuletek3-1536x1152.jpg 1536w, https:\/\/altisk-mlak.edu.hu\/wp-content\/uploads\/2023\/11\/Adventi_elokeszuletek3-600x450.jpg 600w, https:\/\/altisk-mlak.edu.hu\/wp-content\/uploads\/2023\/11\/Adventi_elokeszuletek3.jpg 2000w\" sizes=\"(max-width: 604px) 100vw, 604px\" \/><\/p>\n<p align=\"justify\">Minden apr\u00f3 kis d\u00edsz felhelyez\u00e9s\u00e9t alapos tervez\u00e9s el\u0151zte meg. M\u00e9g a sz\u00fcnetben is alkottak a kis kezek mindaddig, m\u00edg az \u00f6sszes term\u00e9s, h\u00f3pihe, angyalhaj, sz\u00edvecske a hely\u00e9re nem ker\u00fclt. Sz\u00edvmelenget\u0151 volt l\u00e1tni, hogy milyen \u00f6r\u00f6mmel tev\u00e9kenykedett a kis csapat a nemes c\u00e9l\u00e9rt. A gyermekek a saj\u00e1t kez\u0171leg k\u00e9sz\u00edtett koszor\u00faval egy k\u00f6zeli szeretetotthon lak\u00f3inak szeretn\u00e9nek kedveskedni.<\/p>\n<p align=\"justify\"><img decoding=\"async\" class=\"aligncenter size-large wp-image-1776\" src=\"https:\/\/altisk-mlak.edu.hu\/wp-content\/uploads\/2023\/11\/Adventi_elokeszuletek-768x1024.jpg\" alt=\"\" width=\"604\" height=\"805\" srcset=\"https:\/\/altisk-mlak.edu.hu\/wp-content\/uploads\/2023\/11\/Adventi_elokeszuletek-768x1024.jpg 768w, https:\/\/altisk-mlak.edu.hu\/wp-content\/uploads\/2023\/11\/Adventi_elokeszuletek-225x300.jpg 225w, https:\/\/altisk-mlak.edu.hu\/wp-content\/uploads\/2023\/11\/Adventi_elokeszuletek-1152x1536.jpg 1152w, https:\/\/altisk-mlak.edu.hu\/wp-content\/uploads\/2023\/11\/Adventi_elokeszuletek-450x600.jpg 450w, https:\/\/altisk-mlak.edu.hu\/wp-content\/uploads\/2023\/11\/Adventi_elokeszuletek.jpg 1500w\" sizes=\"(max-width: 604px) 100vw, 604px\" \/><\/p>\n","protected":false},"excerpt":{"rendered":"<p>Ma iskol\u00e1nk 3. oszt\u00e1lyos tanul\u00f3i B\u00e1lintn\u00e9 Pados Andrea tan\u00edt\u00f3n\u0151 seg\u00edts\u00e9g\u00e9vel egy csodasz\u00e9p adventi koszor\u00fat k\u00e9sz\u00edtettek. A gyerekek technika\u00f3r\u00e1n nagy lelkesed\u00e9ssel l\u00e1ttak neki a munk\u00e1nak. A fi\u00fak (Arn\u00f3, Beli\u00e1n, Erneszt\u00f3, M\u00e1t\u00e9) a feny\u0151\u00e1gakat<a class=\"moretag\" href=\"https:\/\/altisk-mlak.edu.hu\/index.php\/adventi-elokeszuletek\/\">Read More&#8230;<\/a><\/p>\n","protected":false},"author":3,"featured_media":0,"comment_status":"closed","ping_status":"closed","sticky":false,"template":"","format":"standard","meta":{"two_page_speed":[],"footnotes":""},"categories":[1],"tags":[],"class_list":["post-1774","post","type-post","status-publish","format-standard","hentry","category-egyeb"],"_links":{"self":[{"href":"https:\/\/altisk-mlak.edu.hu\/index.php\/wp-json\/wp\/v2\/posts\/1774","targetHints":{"allow":["GET"]}}],"collection":[{"href":"https:\/\/altisk-mlak.edu.hu\/index.php\/wp-json\/wp\/v2\/posts"}],"about":[{"href":"https:\/\/altisk-mlak.edu.hu\/index.php\/wp-json\/wp\/v2\/types\/post"}],"author":[{"embeddable":true,"href":"https:\/\/altisk-mlak.edu.hu\/index.php\/wp-json\/wp\/v2\/users\/3"}],"replies":[{"embeddable":true,"href":"https:\/\/altisk-mlak.edu.hu\/index.php\/wp-json\/wp\/v2\/comments?post=1774"}],"version-history":[{"count":1,"href":"https:\/\/altisk-mlak.edu.hu\/index.php\/wp-json\/wp\/v2\/posts\/1774\/revisions"}],"predecessor-version":[{"id":1777,"href":"https:\/\/altisk-mlak.edu.hu\/index.php\/wp-json\/wp\/v2\/posts\/1774\/revisions\/1777"}],"wp:attachment":[{"href":"https:\/\/altisk-mlak.edu.hu\/index.php\/wp-json\/wp\/v2\/media?parent=1774"}],"wp:term":[{"taxonomy":"category","embeddable":true,"href":"https:\/\/altisk-mlak.edu.hu\/index.php\/wp-json\/wp\/v2\/categories?post=1774"},{"taxonomy":"post_tag","embeddable":true,"href":"https:\/\/altisk-mlak.edu.hu\/index.php\/wp-json\/wp\/v2\/tags?post=1774"}],"curies":[{"name":"wp","href":"https:\/\/api.w.org\/{rel}","templated":true}]}}