{"id":1778,"date":"2023-12-01T07:26:07","date_gmt":"2023-12-01T07:26:07","guid":{"rendered":"https:\/\/altisk-mlak.edu.hu\/?p=1778"},"modified":"2023-12-05T07:54:03","modified_gmt":"2023-12-05T07:54:03","slug":"koszoru-szeretetbol","status":"publish","type":"post","link":"https:\/\/altisk-mlak.edu.hu\/index.php\/koszoru-szeretetbol\/","title":{"rendered":"Koszor\u00fa szeretetb\u0151l"},"content":{"rendered":"<p><img fetchpriority=\"high\" decoding=\"async\" class=\"aligncenter size-large wp-image-1780\" src=\"https:\/\/altisk-mlak.edu.hu\/wp-content\/uploads\/2023\/12\/advent-3-1024x768.jpg\" alt=\"\" width=\"604\" height=\"453\" srcset=\"https:\/\/altisk-mlak.edu.hu\/wp-content\/uploads\/2023\/12\/advent-3-1024x768.jpg 1024w, https:\/\/altisk-mlak.edu.hu\/wp-content\/uploads\/2023\/12\/advent-3-300x225.jpg 300w, https:\/\/altisk-mlak.edu.hu\/wp-content\/uploads\/2023\/12\/advent-3-768x576.jpg 768w, https:\/\/altisk-mlak.edu.hu\/wp-content\/uploads\/2023\/12\/advent-3-1536x1152.jpg 1536w, https:\/\/altisk-mlak.edu.hu\/wp-content\/uploads\/2023\/12\/advent-3-600x450.jpg 600w, https:\/\/altisk-mlak.edu.hu\/wp-content\/uploads\/2023\/12\/advent-3.jpg 2000w\" sizes=\"(max-width: 604px) 100vw, 604px\" \/><\/p>\n<p align=\"justify\"><span style=\"font-size: medium;\">Ma a 4. oszt\u00e1lyos tanul\u00f3ink is csatlakoztak az adventikoszor\u00fa-k\u00e9sz\u00edt\u0151 \u00e9s -aj\u00e1nd\u00e9koz\u00f3 akci\u00f3nkhoz. Zak\u00f3cs Veronika tan\u00edt\u00f3n\u0151 nagyon sz\u00e9p, maga gy\u0171jt\u00f6tte, sz\u00e1r\u00edtotta term\u00e9szetes anyaggal lepte meg a kis k\u00f6z\u00f6ss\u00e9get. A dolgos kezek r\u00f6gt\u00f6n munk\u00e1hoz is \u00e1lltak. A ny\u00edrfaalapot mohasz\u0151nyeggel fedt\u00e9k be, melyre ny\u00edrfa\u00e1gakb\u00f3l f\u0171r\u00e9szelt \u201egyerty\u00e1kat\u201d helyeztek. V\u00e9g\u00fcl a zsid\u00f3cseresznye \u00e9l\u00e9nkv\u00f6r\u00f6s vir\u00e1gai ker\u00fcltek fel a koszor\u00fara, melyek a l\u00e1ngnyelveket szimboliz\u00e1lj\u00e1k.<\/span><\/p>\n<p align=\"justify\"><img decoding=\"async\" class=\"aligncenter size-large wp-image-1781\" src=\"https:\/\/altisk-mlak.edu.hu\/wp-content\/uploads\/2023\/12\/advent-4-1024x768.jpg\" alt=\"\" width=\"604\" height=\"453\" srcset=\"https:\/\/altisk-mlak.edu.hu\/wp-content\/uploads\/2023\/12\/advent-4-1024x768.jpg 1024w, https:\/\/altisk-mlak.edu.hu\/wp-content\/uploads\/2023\/12\/advent-4-300x225.jpg 300w, https:\/\/altisk-mlak.edu.hu\/wp-content\/uploads\/2023\/12\/advent-4-768x576.jpg 768w, https:\/\/altisk-mlak.edu.hu\/wp-content\/uploads\/2023\/12\/advent-4-1536x1152.jpg 1536w, https:\/\/altisk-mlak.edu.hu\/wp-content\/uploads\/2023\/12\/advent-4-600x450.jpg 600w, https:\/\/altisk-mlak.edu.hu\/wp-content\/uploads\/2023\/12\/advent-4.jpg 2000w\" sizes=\"(max-width: 604px) 100vw, 604px\" \/><\/p>\n<p align=\"justify\"><span style=\"font-size: medium;\">A gyerekek alkot\u00e1sukat szint\u00e9n aj\u00e1nd\u00e9koz\u00e1s c\u00e9lj\u00e1b\u00f3l k\u00e9sz\u00edtett\u00e9k. Rem\u00e9lj\u00fck, hogy \u00f6r\u00f6met szereznek vele m\u00e1soknak, hiszen ebbe a kis koszor\u00faba sz\u00edv\u00fck minden szeretet\u00e9t, kez\u00fck \u00fcgyess\u00e9g\u00e9t \u00e9s csillog\u00f3 fant\u00e1zi\u00e1jukat beletett\u00e9k, ami minden kincsn\u00e9l t\u00f6bbet \u00e9r.<\/span><\/p>\n<p align=\"justify\"><img decoding=\"async\" class=\"aligncenter size-large wp-image-1779\" src=\"https:\/\/altisk-mlak.edu.hu\/wp-content\/uploads\/2023\/12\/advent2-1024x768.jpg\" alt=\"\" width=\"604\" height=\"453\" srcset=\"https:\/\/altisk-mlak.edu.hu\/wp-content\/uploads\/2023\/12\/advent2-1024x768.jpg 1024w, https:\/\/altisk-mlak.edu.hu\/wp-content\/uploads\/2023\/12\/advent2-300x225.jpg 300w, https:\/\/altisk-mlak.edu.hu\/wp-content\/uploads\/2023\/12\/advent2-768x576.jpg 768w, https:\/\/altisk-mlak.edu.hu\/wp-content\/uploads\/2023\/12\/advent2-1536x1152.jpg 1536w, https:\/\/altisk-mlak.edu.hu\/wp-content\/uploads\/2023\/12\/advent2-600x450.jpg 600w, https:\/\/altisk-mlak.edu.hu\/wp-content\/uploads\/2023\/12\/advent2.jpg 2000w\" sizes=\"(max-width: 604px) 100vw, 604px\" \/><\/p>\n","protected":false},"excerpt":{"rendered":"<p>Ma a 4. oszt\u00e1lyos tanul\u00f3ink is csatlakoztak az adventikoszor\u00fa-k\u00e9sz\u00edt\u0151 \u00e9s -aj\u00e1nd\u00e9koz\u00f3 akci\u00f3nkhoz. Zak\u00f3cs Veronika tan\u00edt\u00f3n\u0151 nagyon sz\u00e9p, maga gy\u0171jt\u00f6tte, sz\u00e1r\u00edtotta term\u00e9szetes anyaggal lepte meg a kis k\u00f6z\u00f6ss\u00e9get. A dolgos kezek r\u00f6gt\u00f6n munk\u00e1hoz<a class=\"moretag\" href=\"https:\/\/altisk-mlak.edu.hu\/index.php\/koszoru-szeretetbol\/\">Read More&#8230;<\/a><\/p>\n","protected":false},"author":3,"featured_media":0,"comment_status":"closed","ping_status":"closed","sticky":false,"template":"","format":"standard","meta":{"two_page_speed":[],"footnotes":""},"categories":[1],"tags":[],"class_list":["post-1778","post","type-post","status-publish","format-standard","hentry","category-egyeb"],"_links":{"self":[{"href":"https:\/\/altisk-mlak.edu.hu\/index.php\/wp-json\/wp\/v2\/posts\/1778","targetHints":{"allow":["GET"]}}],"collection":[{"href":"https:\/\/altisk-mlak.edu.hu\/index.php\/wp-json\/wp\/v2\/posts"}],"about":[{"href":"https:\/\/altisk-mlak.edu.hu\/index.php\/wp-json\/wp\/v2\/types\/post"}],"author":[{"embeddable":true,"href":"https:\/\/altisk-mlak.edu.hu\/index.php\/wp-json\/wp\/v2\/users\/3"}],"replies":[{"embeddable":true,"href":"https:\/\/altisk-mlak.edu.hu\/index.php\/wp-json\/wp\/v2\/comments?post=1778"}],"version-history":[{"count":1,"href":"https:\/\/altisk-mlak.edu.hu\/index.php\/wp-json\/wp\/v2\/posts\/1778\/revisions"}],"predecessor-version":[{"id":1782,"href":"https:\/\/altisk-mlak.edu.hu\/index.php\/wp-json\/wp\/v2\/posts\/1778\/revisions\/1782"}],"wp:attachment":[{"href":"https:\/\/altisk-mlak.edu.hu\/index.php\/wp-json\/wp\/v2\/media?parent=1778"}],"wp:term":[{"taxonomy":"category","embeddable":true,"href":"https:\/\/altisk-mlak.edu.hu\/index.php\/wp-json\/wp\/v2\/categories?post=1778"},{"taxonomy":"post_tag","embeddable":true,"href":"https:\/\/altisk-mlak.edu.hu\/index.php\/wp-json\/wp\/v2\/tags?post=1778"}],"curies":[{"name":"wp","href":"https:\/\/api.w.org\/{rel}","templated":true}]}}