{"id":1789,"date":"2023-12-05T08:25:17","date_gmt":"2023-12-05T08:25:17","guid":{"rendered":"https:\/\/altisk-mlak.edu.hu\/?p=1789"},"modified":"2023-12-06T09:31:37","modified_gmt":"2023-12-06T09:31:37","slug":"latogatas-a-szeretet-otthonaban","status":"publish","type":"post","link":"https:\/\/altisk-mlak.edu.hu\/index.php\/latogatas-a-szeretet-otthonaban\/","title":{"rendered":"L\u00e1togat\u00e1s a SZERETET otthon\u00e1ban"},"content":{"rendered":"<p align=\"justify\"><img fetchpriority=\"high\" decoding=\"async\" class=\"aligncenter size-large wp-image-1796\" src=\"https:\/\/altisk-mlak.edu.hu\/wp-content\/uploads\/2023\/12\/szeretet-2-1024x768.jpg\" alt=\"\" width=\"604\" height=\"453\" srcset=\"https:\/\/altisk-mlak.edu.hu\/wp-content\/uploads\/2023\/12\/szeretet-2-1024x768.jpg 1024w, https:\/\/altisk-mlak.edu.hu\/wp-content\/uploads\/2023\/12\/szeretet-2-300x225.jpg 300w, https:\/\/altisk-mlak.edu.hu\/wp-content\/uploads\/2023\/12\/szeretet-2-768x576.jpg 768w, https:\/\/altisk-mlak.edu.hu\/wp-content\/uploads\/2023\/12\/szeretet-2-1536x1152.jpg 1536w, https:\/\/altisk-mlak.edu.hu\/wp-content\/uploads\/2023\/12\/szeretet-2-600x450.jpg 600w, https:\/\/altisk-mlak.edu.hu\/wp-content\/uploads\/2023\/12\/szeretet-2.jpg 2000w\" sizes=\"(max-width: 604px) 100vw, 604px\" \/><\/p>\n<p align=\"justify\">Dr. Sz\u00e9kely J\u00e1nos szombathelyi megy\u00e9sp\u00fcsp\u00f6k aj\u00e1nl\u00e1s\u00e1ra, Cs\u00e1sz\u00e1rn\u00e9 Cserk\u00fati M\u00f3nika szoci\u00e1lis \u00e9s ter\u00e1pi\u00e1s r\u00e9szlegvezet\u0151 sz\u00edv\u00e9lyes megh\u00edv\u00e1s\u00e1ra iskol\u00e1nk k\u00f3rusa, Deutsch Szilvia k\u00f3rusvezet\u0151, Dr. Tak\u00e1cs Gyula pl\u00e9b\u00e1nos, iskolalelk\u00e9sz \u00e9s Mezein\u00e9 Kiss Katalin tagint\u00e9zm\u00e9ny-vezet\u0151 ell\u00e1togatott Iv\u00e1ncra, a Magyar M\u00e1ltai Szeretetszolg\u00e1lat Gondvisel\u00e9s H\u00e1za Fogyat\u00e9kosok \u00e9s Id\u0151sek Otthon\u00e1ba.<\/p>\n<p align=\"justify\"><img decoding=\"async\" class=\"aligncenter size-large wp-image-1798\" src=\"https:\/\/altisk-mlak.edu.hu\/wp-content\/uploads\/2023\/12\/szeretet-0-1024x768.jpg\" alt=\"\" width=\"604\" height=\"453\" srcset=\"https:\/\/altisk-mlak.edu.hu\/wp-content\/uploads\/2023\/12\/szeretet-0-1024x768.jpg 1024w, https:\/\/altisk-mlak.edu.hu\/wp-content\/uploads\/2023\/12\/szeretet-0-300x225.jpg 300w, https:\/\/altisk-mlak.edu.hu\/wp-content\/uploads\/2023\/12\/szeretet-0-768x576.jpg 768w, https:\/\/altisk-mlak.edu.hu\/wp-content\/uploads\/2023\/12\/szeretet-0-1536x1152.jpg 1536w, https:\/\/altisk-mlak.edu.hu\/wp-content\/uploads\/2023\/12\/szeretet-0-600x450.jpg 600w, https:\/\/altisk-mlak.edu.hu\/wp-content\/uploads\/2023\/12\/szeretet-0.jpg 2000w\" sizes=\"(max-width: 604px) 100vw, 604px\" \/><\/p>\n<p align=\"justify\">A gyermekek adventi \u00e9s ifj\u00fas\u00e1gi \u00e9nekekkel (Hintsd szertesz\u00e9t, J\u00f6jj, zengd velem az \u00dar nev\u00e9t, V\u00e1rj, \u00e9s ne f\u00e9lj, Legyen a b\u00e9ke teveled), Juh\u00e1sz Gyula Kar\u00e1csony fel\u00e9 c. vers\u00e9vel, valamint saj\u00e1t kez\u0171leg k\u00e9sz\u00edtett adventi koszor\u00fakkal aj\u00e1nd\u00e9kozt\u00e1k meg az otthon lak\u00f3it \u00e9s dolgoz\u00f3it, akik sok mosollyal, kedves sz\u00f3val \u00e9s csod\u00e1latos k\u00e9zm\u0171ves aj\u00e1nd\u00e9kkal viszonozt\u00e1k l\u00e1togat\u00e1sunkat.<\/p>\n<table style=\"border-collapse: collapse; width: 100%;\">\n<tbody>\n<tr>\n<td style=\"width: 33.3333%;\"><img decoding=\"async\" class=\"aligncenter size-large wp-image-1795\" src=\"https:\/\/altisk-mlak.edu.hu\/wp-content\/uploads\/2023\/12\/szeretet-3-1024x768.jpg\" alt=\"\" width=\"604\" height=\"453\" srcset=\"https:\/\/altisk-mlak.edu.hu\/wp-content\/uploads\/2023\/12\/szeretet-3-1024x768.jpg 1024w, https:\/\/altisk-mlak.edu.hu\/wp-content\/uploads\/2023\/12\/szeretet-3-300x225.jpg 300w, https:\/\/altisk-mlak.edu.hu\/wp-content\/uploads\/2023\/12\/szeretet-3-768x576.jpg 768w, https:\/\/altisk-mlak.edu.hu\/wp-content\/uploads\/2023\/12\/szeretet-3-1536x1152.jpg 1536w, https:\/\/altisk-mlak.edu.hu\/wp-content\/uploads\/2023\/12\/szeretet-3-600x450.jpg 600w, https:\/\/altisk-mlak.edu.hu\/wp-content\/uploads\/2023\/12\/szeretet-3.jpg 2000w\" sizes=\"(max-width: 604px) 100vw, 604px\" \/><\/td>\n<td style=\"width: 33.3333%;\"><img loading=\"lazy\" decoding=\"async\" class=\"aligncenter size-large wp-image-1794\" src=\"https:\/\/altisk-mlak.edu.hu\/wp-content\/uploads\/2023\/12\/szeretet-4-1024x768.jpg\" alt=\"\" width=\"604\" height=\"453\" srcset=\"https:\/\/altisk-mlak.edu.hu\/wp-content\/uploads\/2023\/12\/szeretet-4-1024x768.jpg 1024w, https:\/\/altisk-mlak.edu.hu\/wp-content\/uploads\/2023\/12\/szeretet-4-300x225.jpg 300w, https:\/\/altisk-mlak.edu.hu\/wp-content\/uploads\/2023\/12\/szeretet-4-768x576.jpg 768w, https:\/\/altisk-mlak.edu.hu\/wp-content\/uploads\/2023\/12\/szeretet-4-1536x1152.jpg 1536w, https:\/\/altisk-mlak.edu.hu\/wp-content\/uploads\/2023\/12\/szeretet-4-600x450.jpg 600w, https:\/\/altisk-mlak.edu.hu\/wp-content\/uploads\/2023\/12\/szeretet-4.jpg 2000w\" sizes=\"(max-width: 604px) 100vw, 604px\" \/><\/td>\n<td style=\"width: 33.3333%;\"><img loading=\"lazy\" decoding=\"async\" class=\"aligncenter size-large wp-image-1792\" src=\"https:\/\/altisk-mlak.edu.hu\/wp-content\/uploads\/2023\/12\/szeretet-6-1024x768.jpg\" alt=\"\" width=\"604\" height=\"453\" srcset=\"https:\/\/altisk-mlak.edu.hu\/wp-content\/uploads\/2023\/12\/szeretet-6-1024x768.jpg 1024w, https:\/\/altisk-mlak.edu.hu\/wp-content\/uploads\/2023\/12\/szeretet-6-300x225.jpg 300w, https:\/\/altisk-mlak.edu.hu\/wp-content\/uploads\/2023\/12\/szeretet-6-768x576.jpg 768w, https:\/\/altisk-mlak.edu.hu\/wp-content\/uploads\/2023\/12\/szeretet-6-1536x1152.jpg 1536w, https:\/\/altisk-mlak.edu.hu\/wp-content\/uploads\/2023\/12\/szeretet-6-600x450.jpg 600w, https:\/\/altisk-mlak.edu.hu\/wp-content\/uploads\/2023\/12\/szeretet-6.jpg 2000w\" sizes=\"(max-width: 604px) 100vw, 604px\" \/><\/td>\n<\/tr>\n<\/tbody>\n<\/table>\n<p><img loading=\"lazy\" decoding=\"async\" class=\"aligncenter size-large wp-image-1793\" src=\"https:\/\/altisk-mlak.edu.hu\/wp-content\/uploads\/2023\/12\/szeretet-5-768x1024.jpg\" alt=\"\" width=\"604\" height=\"805\" srcset=\"https:\/\/altisk-mlak.edu.hu\/wp-content\/uploads\/2023\/12\/szeretet-5-768x1024.jpg 768w, https:\/\/altisk-mlak.edu.hu\/wp-content\/uploads\/2023\/12\/szeretet-5-225x300.jpg 225w, https:\/\/altisk-mlak.edu.hu\/wp-content\/uploads\/2023\/12\/szeretet-5-1152x1536.jpg 1152w, https:\/\/altisk-mlak.edu.hu\/wp-content\/uploads\/2023\/12\/szeretet-5-450x600.jpg 450w, https:\/\/altisk-mlak.edu.hu\/wp-content\/uploads\/2023\/12\/szeretet-5.jpg 1500w\" sizes=\"(max-width: 604px) 100vw, 604px\" \/><\/p>\n<p align=\"justify\">Dr. Tak\u00e1cs Gyula adventi k\u00f6sz\u00f6nt\u0151j\u00e9ben kiemelte: \u201eKar\u00e1csonykor Isten a testv\u00e9r\u00fcnk lett, mert szereti a vil\u00e1got- szeret minket- szeret engem, \u00e9s szem\u00e9lyesen \u00e1t\u00f6lel.\u201d J\u00f3 volt egy\u00fctt \u00e1t\u00e9lni, hogy mindannyian, fiatalok \u00e9s \u00f6regek, eg\u00e9szs\u00e9gesek \u00e9s gyeng\u00e9lked\u0151k, seg\u00edt\u0151k \u00e9s seg\u00edts\u00e9gre szorul\u00f3k TESTV\u00c9REK VAGYUNK, mert \u00f6sszek\u00f6t minket Isten, aki a testv\u00e9r\u00fcnk. J\u00f3 volt az otthonban megtapasztalni az otthon meleg\u00e9t, az \u00f6nzetlen seg\u00edts\u00e9gny\u00fajt\u00e1st \u00e9s a felt\u00e9tel n\u00e9lk\u00fcli szeretetet. Tan\u00fai lehett\u00fcnk mindannak, hogy a szeretet nem ismer korl\u00e1tokat, nem sz\u00e1m\u00edt, ki h\u00e1ny \u00e9ves, \u00e9s hogy szavak n\u00e9lk\u00fcl is lehet \u201ebesz\u00e9lni\u201d, mert egy mosoly, egy simogat\u00e1s, egy \u00f6lel\u00e9s mindent elmond.<\/p>\n<p style=\"text-align: right;\" align=\"justify\"><em>Mezein\u00e9 Kiss Katalin<\/em><\/p>\n","protected":false},"excerpt":{"rendered":"<p>Dr. Sz\u00e9kely J\u00e1nos szombathelyi megy\u00e9sp\u00fcsp\u00f6k aj\u00e1nl\u00e1s\u00e1ra, Cs\u00e1sz\u00e1rn\u00e9 Cserk\u00fati M\u00f3nika szoci\u00e1lis \u00e9s ter\u00e1pi\u00e1s r\u00e9szlegvezet\u0151 sz\u00edv\u00e9lyes megh\u00edv\u00e1s\u00e1ra iskol\u00e1nk k\u00f3rusa, Deutsch Szilvia k\u00f3rusvezet\u0151, Dr. Tak\u00e1cs Gyula pl\u00e9b\u00e1nos, iskolalelk\u00e9sz \u00e9s Mezein\u00e9 Kiss Katalin tagint\u00e9zm\u00e9ny-vezet\u0151 ell\u00e1togatott Iv\u00e1ncra,<a class=\"moretag\" href=\"https:\/\/altisk-mlak.edu.hu\/index.php\/latogatas-a-szeretet-otthonaban\/\">Read More&#8230;<\/a><\/p>\n","protected":false},"author":3,"featured_media":0,"comment_status":"closed","ping_status":"closed","sticky":false,"template":"","format":"standard","meta":{"two_page_speed":[],"footnotes":""},"categories":[1],"tags":[],"class_list":["post-1789","post","type-post","status-publish","format-standard","hentry","category-egyeb"],"_links":{"self":[{"href":"https:\/\/altisk-mlak.edu.hu\/index.php\/wp-json\/wp\/v2\/posts\/1789","targetHints":{"allow":["GET"]}}],"collection":[{"href":"https:\/\/altisk-mlak.edu.hu\/index.php\/wp-json\/wp\/v2\/posts"}],"about":[{"href":"https:\/\/altisk-mlak.edu.hu\/index.php\/wp-json\/wp\/v2\/types\/post"}],"author":[{"embeddable":true,"href":"https:\/\/altisk-mlak.edu.hu\/index.php\/wp-json\/wp\/v2\/users\/3"}],"replies":[{"embeddable":true,"href":"https:\/\/altisk-mlak.edu.hu\/index.php\/wp-json\/wp\/v2\/comments?post=1789"}],"version-history":[{"count":1,"href":"https:\/\/altisk-mlak.edu.hu\/index.php\/wp-json\/wp\/v2\/posts\/1789\/revisions"}],"predecessor-version":[{"id":1799,"href":"https:\/\/altisk-mlak.edu.hu\/index.php\/wp-json\/wp\/v2\/posts\/1789\/revisions\/1799"}],"wp:attachment":[{"href":"https:\/\/altisk-mlak.edu.hu\/index.php\/wp-json\/wp\/v2\/media?parent=1789"}],"wp:term":[{"taxonomy":"category","embeddable":true,"href":"https:\/\/altisk-mlak.edu.hu\/index.php\/wp-json\/wp\/v2\/categories?post=1789"},{"taxonomy":"post_tag","embeddable":true,"href":"https:\/\/altisk-mlak.edu.hu\/index.php\/wp-json\/wp\/v2\/tags?post=1789"}],"curies":[{"name":"wp","href":"https:\/\/api.w.org\/{rel}","templated":true}]}}