{"id":1802,"date":"2023-12-06T09:33:29","date_gmt":"2023-12-06T09:33:29","guid":{"rendered":"https:\/\/altisk-mlak.edu.hu\/?p=1802"},"modified":"2023-12-07T09:27:10","modified_gmt":"2023-12-07T09:27:10","slug":"racker-elizabet-rajzos-sikere","status":"publish","type":"post","link":"https:\/\/altisk-mlak.edu.hu\/index.php\/racker-elizabet-rajzos-sikere\/","title":{"rendered":"Racker Elizabet rajzos sikere"},"content":{"rendered":"<p class=\"western\" align=\"justify\"><span lang=\"hu-HU\">\u0150sszel t\u00f6bb mint 10 fels\u0151 tagozatos tanul\u00f3nk alkot\u00e1s\u00e1val p\u00e1ly\u00e1ztunk az \u0150rs\u00e9gi Tej\u00fczem \u00e1ltal meghirdetett megyei szint\u0171 rajzp\u00e1ly\u00e1zatra. Ennek c\u00e9lja a tej, a tejfogyaszt\u00e1s n\u00e9pszer\u0171s\u00edt\u00e9se volt di\u00e1kjaink k\u00f6r\u00e9ben. A bek\u00fcld\u00f6tt, \u00f6tletes p\u00e1lyam\u0171veink k\u00f6z\u00fcl Racker Elizabet 6. oszt\u00e1lyos tanul\u00f3 a Szombathelyi Egyh\u00e1zmegye fels\u0151 tagozat korcsoportban az \u00e9rt\u00e9kes 3. helyez\u00e9st \u00e9rte el. <\/span><\/p>\n<p align=\"justify\"><img fetchpriority=\"high\" decoding=\"async\" class=\"aligncenter size-large wp-image-1803\" src=\"https:\/\/altisk-mlak.edu.hu\/wp-content\/uploads\/2023\/12\/Rajz-1024x723.png\" alt=\"\" width=\"604\" height=\"426\" srcset=\"https:\/\/altisk-mlak.edu.hu\/wp-content\/uploads\/2023\/12\/Rajz-1024x723.png 1024w, https:\/\/altisk-mlak.edu.hu\/wp-content\/uploads\/2023\/12\/Rajz-300x212.png 300w, https:\/\/altisk-mlak.edu.hu\/wp-content\/uploads\/2023\/12\/Rajz-768x542.png 768w, https:\/\/altisk-mlak.edu.hu\/wp-content\/uploads\/2023\/12\/Rajz-600x424.png 600w, https:\/\/altisk-mlak.edu.hu\/wp-content\/uploads\/2023\/12\/Rajz.png 1500w\" sizes=\"(max-width: 604px) 100vw, 604px\" \/><\/p>\n<p class=\"western\" align=\"justify\"><span lang=\"hu-HU\">Elizabet er\u0151ss\u00e9ge a vizu\u00e1lis munk\u00e1k ter\u00e9n az \u00f6tletess\u00e9ge \u00e9s a munk\u00e1inak prec\u00edz kidolgoz\u00e1sa. Rajz\u00e1t vegyes technik\u00e1val k\u00e9sz\u00edtette, \u00e9s mint eredm\u00e9nye is mutatja, ez\u00fattal a n\u00e9pes, megyei szint\u0171 versenyen siker\u00fclt sz\u00e9p helyez\u00e9st el\u00e9rnie. <\/span><\/p>\n<p class=\"western\" align=\"justify\"><a name=\"_GoBack\"><\/a> <span lang=\"hu-HU\">Gratul\u00e1lunk neki \u00e9s rem\u00e9lj\u00fck, megtartja p\u00e1ly\u00e1zati kedv\u00e9t, amivel tov\u00e1bbi sikereket \u00e9rhet el a j\u00f6v\u0151ben is. Elizabetet M\u00e9h\u00e9sz Zolt\u00e1n tan\u00e1r \u00dar k\u00e9sz\u00edtette fel a versenyre.<\/span><\/p>\n","protected":false},"excerpt":{"rendered":"<p>\u0150sszel t\u00f6bb mint 10 fels\u0151 tagozatos tanul\u00f3nk alkot\u00e1s\u00e1val p\u00e1ly\u00e1ztunk az \u0150rs\u00e9gi Tej\u00fczem \u00e1ltal meghirdetett megyei szint\u0171 rajzp\u00e1ly\u00e1zatra. Ennek c\u00e9lja a tej, a tejfogyaszt\u00e1s n\u00e9pszer\u0171s\u00edt\u00e9se volt di\u00e1kjaink k\u00f6r\u00e9ben. A bek\u00fcld\u00f6tt, \u00f6tletes p\u00e1lyam\u0171veink k\u00f6z\u00fcl<a class=\"moretag\" href=\"https:\/\/altisk-mlak.edu.hu\/index.php\/racker-elizabet-rajzos-sikere\/\">Read More&#8230;<\/a><\/p>\n","protected":false},"author":3,"featured_media":0,"comment_status":"closed","ping_status":"closed","sticky":false,"template":"","format":"standard","meta":{"two_page_speed":[],"footnotes":""},"categories":[1],"tags":[],"class_list":["post-1802","post","type-post","status-publish","format-standard","hentry","category-egyeb"],"_links":{"self":[{"href":"https:\/\/altisk-mlak.edu.hu\/index.php\/wp-json\/wp\/v2\/posts\/1802","targetHints":{"allow":["GET"]}}],"collection":[{"href":"https:\/\/altisk-mlak.edu.hu\/index.php\/wp-json\/wp\/v2\/posts"}],"about":[{"href":"https:\/\/altisk-mlak.edu.hu\/index.php\/wp-json\/wp\/v2\/types\/post"}],"author":[{"embeddable":true,"href":"https:\/\/altisk-mlak.edu.hu\/index.php\/wp-json\/wp\/v2\/users\/3"}],"replies":[{"embeddable":true,"href":"https:\/\/altisk-mlak.edu.hu\/index.php\/wp-json\/wp\/v2\/comments?post=1802"}],"version-history":[{"count":1,"href":"https:\/\/altisk-mlak.edu.hu\/index.php\/wp-json\/wp\/v2\/posts\/1802\/revisions"}],"predecessor-version":[{"id":1804,"href":"https:\/\/altisk-mlak.edu.hu\/index.php\/wp-json\/wp\/v2\/posts\/1802\/revisions\/1804"}],"wp:attachment":[{"href":"https:\/\/altisk-mlak.edu.hu\/index.php\/wp-json\/wp\/v2\/media?parent=1802"}],"wp:term":[{"taxonomy":"category","embeddable":true,"href":"https:\/\/altisk-mlak.edu.hu\/index.php\/wp-json\/wp\/v2\/categories?post=1802"},{"taxonomy":"post_tag","embeddable":true,"href":"https:\/\/altisk-mlak.edu.hu\/index.php\/wp-json\/wp\/v2\/tags?post=1802"}],"curies":[{"name":"wp","href":"https:\/\/api.w.org\/{rel}","templated":true}]}}