{"id":1838,"date":"2023-12-12T08:42:19","date_gmt":"2023-12-12T08:42:19","guid":{"rendered":"https:\/\/altisk-mlak.edu.hu\/?p=1838"},"modified":"2023-12-12T08:42:28","modified_gmt":"2023-12-12T08:42:28","slug":"egeszsegnap-az-also-tagozaton","status":"publish","type":"post","link":"https:\/\/altisk-mlak.edu.hu\/index.php\/egeszsegnap-az-also-tagozaton\/","title":{"rendered":"Eg\u00e9szs\u00e9gnap az als\u00f3 tagozaton"},"content":{"rendered":"<p align=\"justify\"><span style=\"font-size: medium;\">2023. december 11-\u00e9n eg\u00e9szs\u00e9gnapot tartottunk iskol\u00e1nkban. Az als\u00f3 tagozat 1.,2.,3. oszt\u00e1lyos tanul\u00f3i, valamint a R\u00e1bagyarmati Iskola di\u00e1kjai az EFI megh\u00edvott szakembereinek seg\u00edts\u00e9g\u00e9vel ismerkedhettek a helyes t\u00e1pl\u00e1lkoz\u00e1s szempontjaival. <\/span><\/p>\n<p align=\"justify\"><span style=\"font-size: medium;\"><img fetchpriority=\"high\" decoding=\"async\" class=\"aligncenter size-full wp-image-1839\" src=\"https:\/\/altisk-mlak.edu.hu\/wp-content\/uploads\/2023\/12\/IMG_20231211_183227-k.jpg\" alt=\"\" width=\"900\" height=\"727\" srcset=\"https:\/\/altisk-mlak.edu.hu\/wp-content\/uploads\/2023\/12\/IMG_20231211_183227-k.jpg 900w, https:\/\/altisk-mlak.edu.hu\/wp-content\/uploads\/2023\/12\/IMG_20231211_183227-k-300x242.jpg 300w, https:\/\/altisk-mlak.edu.hu\/wp-content\/uploads\/2023\/12\/IMG_20231211_183227-k-768x620.jpg 768w, https:\/\/altisk-mlak.edu.hu\/wp-content\/uploads\/2023\/12\/IMG_20231211_183227-k-600x485.jpg 600w\" sizes=\"(max-width: 900px) 100vw, 900px\" \/>Az els\u0151 oszt\u00e1lyosok a t\u00e1pl\u00e1l\u00e9kokat csoportos\u00edtott\u00e1k a megadott szempontok szerint, m\u00edg a nagyobbak eg\u00e9szs\u00e9gtot\u00f3val m\u00e9rhett\u00e9k \u00f6ssze tud\u00e1sukat a feladv\u00e1nyokon kereszt\u00fcl.<\/span><\/p>\n<p align=\"justify\"><img decoding=\"async\" class=\"aligncenter size-large wp-image-1840\" src=\"https:\/\/altisk-mlak.edu.hu\/wp-content\/uploads\/2023\/12\/IMG_20231211_183244-989x1024.jpg\" alt=\"\" width=\"604\" height=\"625\" srcset=\"https:\/\/altisk-mlak.edu.hu\/wp-content\/uploads\/2023\/12\/IMG_20231211_183244-989x1024.jpg 989w, https:\/\/altisk-mlak.edu.hu\/wp-content\/uploads\/2023\/12\/IMG_20231211_183244-290x300.jpg 290w, https:\/\/altisk-mlak.edu.hu\/wp-content\/uploads\/2023\/12\/IMG_20231211_183244-768x796.jpg 768w, https:\/\/altisk-mlak.edu.hu\/wp-content\/uploads\/2023\/12\/IMG_20231211_183244-1483x1536.jpg 1483w, https:\/\/altisk-mlak.edu.hu\/wp-content\/uploads\/2023\/12\/IMG_20231211_183244-579x600.jpg 579w, https:\/\/altisk-mlak.edu.hu\/wp-content\/uploads\/2023\/12\/IMG_20231211_183244.jpg 1536w\" sizes=\"(max-width: 604px) 100vw, 604px\" \/><\/p>\n<p align=\"justify\"><span style=\"font-size: medium;\">A j\u00e1t\u00e9kos rejtv\u00e9nyeket gy\u00fcm\u00f6lcs\u00f6s, z\u00f6lds\u00e9ges sz\u00ednez\u0151k eg\u00e9sz\u00edtett\u00e9k ki, majd a szakemberek eg\u00e9szs\u00e9ges joghurttal, gy\u00fcm\u00f6lccsel d\u00fas\u00edtott zabpehellyel k\u00edn\u00e1lt\u00e1k a tanul\u00f3kat. A finom \u00edzeket sz\u00e1mukra kedves gy\u00fcm\u00f6lcs\u00f6kkel, mandul\u00e1val, mazsol\u00e1val is kieg\u00e9sz\u00edthett\u00e9k. A gyerekek \u00f6r\u00f6mmel kapcsol\u00f3dtak be a tev\u00e9kenys\u00e9gekbe, \u00e9s fogyasztottak az eg\u00e9szs\u00e9ges \u00e9telekb\u0151l.<\/span><\/p>\n<p align=\"justify\"><img decoding=\"async\" class=\"aligncenter size-large wp-image-1842\" src=\"https:\/\/altisk-mlak.edu.hu\/wp-content\/uploads\/2023\/12\/IMG_20231211_183217-768x1024.jpg\" alt=\"\" width=\"604\" height=\"805\" srcset=\"https:\/\/altisk-mlak.edu.hu\/wp-content\/uploads\/2023\/12\/IMG_20231211_183217-768x1024.jpg 768w, https:\/\/altisk-mlak.edu.hu\/wp-content\/uploads\/2023\/12\/IMG_20231211_183217-225x300.jpg 225w, https:\/\/altisk-mlak.edu.hu\/wp-content\/uploads\/2023\/12\/IMG_20231211_183217-1152x1536.jpg 1152w, https:\/\/altisk-mlak.edu.hu\/wp-content\/uploads\/2023\/12\/IMG_20231211_183217-450x600.jpg 450w, https:\/\/altisk-mlak.edu.hu\/wp-content\/uploads\/2023\/12\/IMG_20231211_183217.jpg 1536w\" sizes=\"(max-width: 604px) 100vw, 604px\" \/><\/p>\n<p align=\"justify\"><span style=\"font-size: medium;\">Kedv\u00fckre csipegettek, k\u00f3stolgattak (\u00faj, sz\u00e1mukra ismeretlen \u00edzeket is) a gazdagon ter\u00edtett asztalr\u00f3l, mik\u00f6zben a t\u00e1pl\u00e1l\u00e9kpiramis \u00e9lettani hat\u00e1sair\u00f3l, a helyes t\u00e1pl\u00e1lkoz\u00e1si szok\u00e1sokr\u00f3l k\u00f6z\u00f6s besz\u00e9lget\u00e9s zajlott. Ezt a kellemes hangulat\u00fa \u00e9s hasznos t\u00e1pl\u00e1l\u00e9kbemutat\u00f3t k\u00f6sz\u00f6nj\u00fck sz\u00e9pen az EFI szakembereinek.<\/span><\/p>\n<p style=\"text-align: right;\"><em><span style=\"font-size: medium;\">B\u00e1lintn\u00e9 Pados Andrea<\/span><\/em><\/p>\n","protected":false},"excerpt":{"rendered":"<p>2023. december 11-\u00e9n eg\u00e9szs\u00e9gnapot tartottunk iskol\u00e1nkban. Az als\u00f3 tagozat 1.,2.,3. oszt\u00e1lyos tanul\u00f3i, valamint a R\u00e1bagyarmati Iskola di\u00e1kjai az EFI megh\u00edvott szakembereinek seg\u00edts\u00e9g\u00e9vel ismerkedhettek a helyes t\u00e1pl\u00e1lkoz\u00e1s szempontjaival. Az els\u0151 oszt\u00e1lyosok a t\u00e1pl\u00e1l\u00e9kokat<a class=\"moretag\" href=\"https:\/\/altisk-mlak.edu.hu\/index.php\/egeszsegnap-az-also-tagozaton\/\">Read More&#8230;<\/a><\/p>\n","protected":false},"author":3,"featured_media":0,"comment_status":"closed","ping_status":"closed","sticky":false,"template":"","format":"standard","meta":{"two_page_speed":[],"footnotes":""},"categories":[1],"tags":[],"class_list":["post-1838","post","type-post","status-publish","format-standard","hentry","category-egyeb"],"_links":{"self":[{"href":"https:\/\/altisk-mlak.edu.hu\/index.php\/wp-json\/wp\/v2\/posts\/1838","targetHints":{"allow":["GET"]}}],"collection":[{"href":"https:\/\/altisk-mlak.edu.hu\/index.php\/wp-json\/wp\/v2\/posts"}],"about":[{"href":"https:\/\/altisk-mlak.edu.hu\/index.php\/wp-json\/wp\/v2\/types\/post"}],"author":[{"embeddable":true,"href":"https:\/\/altisk-mlak.edu.hu\/index.php\/wp-json\/wp\/v2\/users\/3"}],"replies":[{"embeddable":true,"href":"https:\/\/altisk-mlak.edu.hu\/index.php\/wp-json\/wp\/v2\/comments?post=1838"}],"version-history":[{"count":1,"href":"https:\/\/altisk-mlak.edu.hu\/index.php\/wp-json\/wp\/v2\/posts\/1838\/revisions"}],"predecessor-version":[{"id":1843,"href":"https:\/\/altisk-mlak.edu.hu\/index.php\/wp-json\/wp\/v2\/posts\/1838\/revisions\/1843"}],"wp:attachment":[{"href":"https:\/\/altisk-mlak.edu.hu\/index.php\/wp-json\/wp\/v2\/media?parent=1838"}],"wp:term":[{"taxonomy":"category","embeddable":true,"href":"https:\/\/altisk-mlak.edu.hu\/index.php\/wp-json\/wp\/v2\/categories?post=1838"},{"taxonomy":"post_tag","embeddable":true,"href":"https:\/\/altisk-mlak.edu.hu\/index.php\/wp-json\/wp\/v2\/tags?post=1838"}],"curies":[{"name":"wp","href":"https:\/\/api.w.org\/{rel}","templated":true}]}}