{"id":1844,"date":"2023-12-12T08:57:51","date_gmt":"2023-12-12T08:57:51","guid":{"rendered":"https:\/\/altisk-mlak.edu.hu\/?p=1844"},"modified":"2023-12-14T10:13:50","modified_gmt":"2023-12-14T10:13:50","slug":"egeszsegnap-a-felso-tagozaton","status":"publish","type":"post","link":"https:\/\/altisk-mlak.edu.hu\/index.php\/egeszsegnap-a-felso-tagozaton\/","title":{"rendered":"Eg\u00e9szs\u00e9gnap a fels\u0151 tagozaton"},"content":{"rendered":"<p align=\"justify\">Ma d\u00e9lel\u0151tt iskol\u00e1nk tanul\u00f3i sz\u00e1m\u00e1ra eg\u00e9szs\u00e9gnapot szervezt\u00fcnk. Tass\u00e9 Kov\u00e1cs Di\u00e1na \u00e9s T\u00f3k\u00e1n\u00e9 Oreovecz Eszter, a Szentgotth\u00e1rd Rendel\u0151int\u00e9zet b\u00e1zis\u00e1n m\u0171k\u00f6d\u0151 Eg\u00e9szs\u00e9gfejleszt\u00e9si Iroda (EFI) munkat\u00e1rsai megismertett\u00e9k a gyerekeket az Okost\u00e1ny\u00e9r aj\u00e1nl\u00e1ssal, vagyis azzal, mi legyen egy nap a t\u00e1ny\u00e9rjukon. Megtudtuk, hogy a z\u00f6lds\u00e9gek, gy\u00fcm\u00f6lcs\u00f6k, gabonaf\u00e9l\u00e9k \u00e9s h\u00fasok\/halak\/toj\u00e1s\/tej \u00e9s tejterm\u00e9kek fogyaszt\u00e1sa fontos, csak a megfelel\u0151 ar\u00e1nyban. A lehet\u0151 legkevesebb zsirad\u00e9kot, s\u00f3t \u00e9s cukrot vegy\u00fck magunkhoz, \u00e9s ne feledkezz\u00fcnk meg a megfelel\u0151 mennyis\u00e9g\u0171 folyad\u00e9kbevitelr\u0151l sem!<\/p>\n<p align=\"justify\"><img fetchpriority=\"high\" decoding=\"async\" class=\"aligncenter size-full wp-image-1847\" src=\"https:\/\/altisk-mlak.edu.hu\/wp-content\/uploads\/2023\/12\/IMG_20231211_183810.jpg\" alt=\"\" width=\"897\" height=\"527\" srcset=\"https:\/\/altisk-mlak.edu.hu\/wp-content\/uploads\/2023\/12\/IMG_20231211_183810.jpg 897w, https:\/\/altisk-mlak.edu.hu\/wp-content\/uploads\/2023\/12\/IMG_20231211_183810-300x176.jpg 300w, https:\/\/altisk-mlak.edu.hu\/wp-content\/uploads\/2023\/12\/IMG_20231211_183810-768x451.jpg 768w, https:\/\/altisk-mlak.edu.hu\/wp-content\/uploads\/2023\/12\/IMG_20231211_183810-600x353.jpg 600w\" sizes=\"(max-width: 897px) 100vw, 897px\" \/><\/p>\n<p align=\"justify\">A t\u00e1j\u00e9koztat\u00f3 ut\u00e1n j\u00e1t\u00e9kos feladatokat oldottak meg a gyerekek. Majd gy\u00fcm\u00f6lcs\u00f6s zabk\u00e1s\u00e1t \u00e9s \u00f6tf\u00e9le gy\u00fcm\u00f6lcs\u00f6t (alma, k\u00f6rte, ban\u00e1n, sz\u0151l\u0151, mandarin) k\u00f3stolhattak meg.<\/p>\n<p align=\"justify\"><img decoding=\"async\" class=\"aligncenter size-full wp-image-1846\" src=\"https:\/\/altisk-mlak.edu.hu\/wp-content\/uploads\/2023\/12\/IMG_20231211_183512.jpg\" alt=\"\" width=\"900\" height=\"772\" srcset=\"https:\/\/altisk-mlak.edu.hu\/wp-content\/uploads\/2023\/12\/IMG_20231211_183512.jpg 900w, https:\/\/altisk-mlak.edu.hu\/wp-content\/uploads\/2023\/12\/IMG_20231211_183512-300x257.jpg 300w, https:\/\/altisk-mlak.edu.hu\/wp-content\/uploads\/2023\/12\/IMG_20231211_183512-768x659.jpg 768w, https:\/\/altisk-mlak.edu.hu\/wp-content\/uploads\/2023\/12\/IMG_20231211_183512-600x515.jpg 600w\" sizes=\"(max-width: 900px) 100vw, 900px\" \/><\/p>\n<p align=\"justify\">Az EFI-\u00f3ra ut\u00e1n a Vas V\u00e1rmegyei Rend\u0151rf\u0151kapit\u00e1nys\u00e1g B\u0171nmegel\u0151z\u00e9si Aloszt\u00e1ly\u00e1nak k\u00e9t munkat\u00e1rsa, Darabosn\u00e9 Karba Katalin \u00e9s Moln\u00e1r Mikl\u00f3s az Elf Bar \u00e9s a sn\u00fcssz-haszn\u00e1lat vesz\u00e9lyeir\u0151l besz\u00e9lt, kiemelve azt, hogy a 12 \u00e9ven fel\u00fcli fogyaszt\u00f3k m\u00e1r elj\u00e1r\u00e1s al\u00e1 vonhat\u00f3k \u00e9s szigor\u00fa b\u00fcntet\u00e9s j\u00e1r a birtokl\u00e1s\u00e9rt \u00e9s terjeszt\u00e9s\u00e9rt.<\/p>\n<p align=\"justify\"><img decoding=\"async\" class=\"aligncenter size-large wp-image-1845\" src=\"https:\/\/altisk-mlak.edu.hu\/wp-content\/uploads\/2023\/12\/IMG_20231211_183447-1024x645.jpg\" alt=\"\" width=\"604\" height=\"380\" srcset=\"https:\/\/altisk-mlak.edu.hu\/wp-content\/uploads\/2023\/12\/IMG_20231211_183447-1024x645.jpg 1024w, https:\/\/altisk-mlak.edu.hu\/wp-content\/uploads\/2023\/12\/IMG_20231211_183447-300x189.jpg 300w, https:\/\/altisk-mlak.edu.hu\/wp-content\/uploads\/2023\/12\/IMG_20231211_183447-768x483.jpg 768w, https:\/\/altisk-mlak.edu.hu\/wp-content\/uploads\/2023\/12\/IMG_20231211_183447-1536x967.jpg 1536w, https:\/\/altisk-mlak.edu.hu\/wp-content\/uploads\/2023\/12\/IMG_20231211_183447-600x378.jpg 600w, https:\/\/altisk-mlak.edu.hu\/wp-content\/uploads\/2023\/12\/IMG_20231211_183447.jpg 1727w\" sizes=\"(max-width: 604px) 100vw, 604px\" \/><\/p>\n<p>K\u00f6sz\u00f6nj\u00fck sz\u00e9pen k\u00fcls\u0151 partnereinknek a hasznos t\u00e1j\u00e9koztat\u00f3kat!<\/p>\n<p style=\"text-align: right;\"><span style=\"font-size: medium;\"><i>Mezein\u00e9 Kiss Katalin<\/i><\/span><\/p>\n","protected":false},"excerpt":{"rendered":"<p>Ma d\u00e9lel\u0151tt iskol\u00e1nk tanul\u00f3i sz\u00e1m\u00e1ra eg\u00e9szs\u00e9gnapot szervezt\u00fcnk. Tass\u00e9 Kov\u00e1cs Di\u00e1na \u00e9s T\u00f3k\u00e1n\u00e9 Oreovecz Eszter, a Szentgotth\u00e1rd Rendel\u0151int\u00e9zet b\u00e1zis\u00e1n m\u0171k\u00f6d\u0151 Eg\u00e9szs\u00e9gfejleszt\u00e9si Iroda (EFI) munkat\u00e1rsai megismertett\u00e9k a gyerekeket az Okost\u00e1ny\u00e9r aj\u00e1nl\u00e1ssal, vagyis azzal, mi<a class=\"moretag\" href=\"https:\/\/altisk-mlak.edu.hu\/index.php\/egeszsegnap-a-felso-tagozaton\/\">Read More&#8230;<\/a><\/p>\n","protected":false},"author":3,"featured_media":0,"comment_status":"closed","ping_status":"closed","sticky":false,"template":"","format":"standard","meta":{"two_page_speed":[],"footnotes":""},"categories":[1],"tags":[],"class_list":["post-1844","post","type-post","status-publish","format-standard","hentry","category-egyeb"],"_links":{"self":[{"href":"https:\/\/altisk-mlak.edu.hu\/index.php\/wp-json\/wp\/v2\/posts\/1844","targetHints":{"allow":["GET"]}}],"collection":[{"href":"https:\/\/altisk-mlak.edu.hu\/index.php\/wp-json\/wp\/v2\/posts"}],"about":[{"href":"https:\/\/altisk-mlak.edu.hu\/index.php\/wp-json\/wp\/v2\/types\/post"}],"author":[{"embeddable":true,"href":"https:\/\/altisk-mlak.edu.hu\/index.php\/wp-json\/wp\/v2\/users\/3"}],"replies":[{"embeddable":true,"href":"https:\/\/altisk-mlak.edu.hu\/index.php\/wp-json\/wp\/v2\/comments?post=1844"}],"version-history":[{"count":2,"href":"https:\/\/altisk-mlak.edu.hu\/index.php\/wp-json\/wp\/v2\/posts\/1844\/revisions"}],"predecessor-version":[{"id":1849,"href":"https:\/\/altisk-mlak.edu.hu\/index.php\/wp-json\/wp\/v2\/posts\/1844\/revisions\/1849"}],"wp:attachment":[{"href":"https:\/\/altisk-mlak.edu.hu\/index.php\/wp-json\/wp\/v2\/media?parent=1844"}],"wp:term":[{"taxonomy":"category","embeddable":true,"href":"https:\/\/altisk-mlak.edu.hu\/index.php\/wp-json\/wp\/v2\/categories?post=1844"},{"taxonomy":"post_tag","embeddable":true,"href":"https:\/\/altisk-mlak.edu.hu\/index.php\/wp-json\/wp\/v2\/tags?post=1844"}],"curies":[{"name":"wp","href":"https:\/\/api.w.org\/{rel}","templated":true}]}}