{"id":1850,"date":"2023-12-14T10:22:05","date_gmt":"2023-12-14T10:22:05","guid":{"rendered":"https:\/\/altisk-mlak.edu.hu\/?p=1850"},"modified":"2023-12-15T07:37:46","modified_gmt":"2023-12-15T07:37:46","slug":"advent-gyorben","status":"publish","type":"post","link":"https:\/\/altisk-mlak.edu.hu\/index.php\/advent-gyorben\/","title":{"rendered":"Advent Gy\u0151rben"},"content":{"rendered":"<p><img fetchpriority=\"high\" decoding=\"async\" class=\"aligncenter size-large wp-image-1851\" src=\"https:\/\/altisk-mlak.edu.hu\/wp-content\/uploads\/2023\/12\/IMG_20231213_154546-1024x559.jpg\" alt=\"\" width=\"604\" height=\"330\" srcset=\"https:\/\/altisk-mlak.edu.hu\/wp-content\/uploads\/2023\/12\/IMG_20231213_154546-1024x559.jpg 1024w, https:\/\/altisk-mlak.edu.hu\/wp-content\/uploads\/2023\/12\/IMG_20231213_154546-300x164.jpg 300w, https:\/\/altisk-mlak.edu.hu\/wp-content\/uploads\/2023\/12\/IMG_20231213_154546-768x420.jpg 768w, https:\/\/altisk-mlak.edu.hu\/wp-content\/uploads\/2023\/12\/IMG_20231213_154546-1536x839.jpg 1536w, https:\/\/altisk-mlak.edu.hu\/wp-content\/uploads\/2023\/12\/IMG_20231213_154546-2048x1119.jpg 2048w, https:\/\/altisk-mlak.edu.hu\/wp-content\/uploads\/2023\/12\/IMG_20231213_154546-600x328.jpg 600w\" sizes=\"(max-width: 604px) 100vw, 604px\" \/><\/p>\n<p style=\"text-align: justify;\">2023. december 12-\u00e9n d\u00e9lut\u00e1n iskol\u00e1nk tanul\u00f3i \u00e9s dolgoz\u00f3i ell\u00e1togattak Gy\u0151rbe, az adventi v\u00e1s\u00e1rra. Amikor meg\u00e9rkezett aut\u00f3buszunk a vas\u00fat\u00e1llom\u00e1sra, m\u00e1r l\u00e1ttunk, hogy nem egy \u00e1tlagos d\u00e9lut\u00e1nr\u00f3l van sz\u00f3: nagyon sokan tartottak a belv\u00e1ros ir\u00e1ny\u00e1ba. A langall\u00f3- \u00e9s a k\u00fcrt\u0151skal\u00e1cs \u00e1rusokn\u00e1l hossz\u00fa sorokban, m\u00e9gis mosolyg\u00f3san v\u00e1rakoztak az emberek, a f\u0171szeres t\u00e9li italok illata messzire sz\u00e1llt a Baross \u00faton \u00e9s k\u00f6rny\u00e9k\u00e9n. A V\u00e1rosh\u00e1z\u00e1val szemk\u00f6zti v\u00e1s\u00e1rban \u00e9s a s\u00e9t\u00e1l\u00f3utc\u00e1kban kicsinos\u00edtott adventi fah\u00e1zak k\u00f6z\u00f6tt j\u00f3kat s\u00e9t\u00e1ltunk \u00e9s besz\u00e9lgett\u00fcnk. J\u00e1rf\u00e1s \u00c1d\u00e1m atya igen \u00e9lvezetes idegenvezet\u00e9st tartott sz\u00e1munkra, megmutatta a gy\u0151ri papneveld\u00e9t (ahol 5 \u00e9vet tanult), a Boldogasszony-sz\u00e9kesegyh\u00e1zban Vilmos p\u00fcsp\u00f6k s\u00edrj\u00e1t, Szent L\u00e1szl\u00f3 herm\u00e1j\u00e1t, K\u00f6nnyez\u0151 Sz\u0171zanya k\u00e9pet. \u00a0Az \u00fcnnepi d\u00edszekbe \u00f6lt\u00f6z\u00f6tt Sz\u00e9chenyi t\u00e9ren megtekintett\u00fck az \u00e9p\u00fcletekre vet\u00edtett f\u00e9nyfest\u00e9st. A v\u00e1ros kar\u00e1csonyf\u00e1j\u00e1n\u00e1l, a k\u00f6zt\u00e9ri Betlehemn\u00e9l, a r\u00e9nszarvas-sz\u00e1nn\u00e1l, a csodasz\u00e9p adventi koszor\u00fan\u00e1l fot\u00f3kat \u00e9s szelfiket k\u00e9sz\u00edtett\u00fcnk.<\/p>\n<table style=\"border-collapse: collapse; width: 100%;\">\n<tbody>\n<tr>\n<td style=\"width: 50%;\"><img decoding=\"async\" class=\"aligncenter size-large wp-image-1855\" src=\"https:\/\/altisk-mlak.edu.hu\/wp-content\/uploads\/2023\/12\/IMG_20231213_154935-1024x768.jpg\" alt=\"\" width=\"604\" height=\"453\" srcset=\"https:\/\/altisk-mlak.edu.hu\/wp-content\/uploads\/2023\/12\/IMG_20231213_154935-1024x768.jpg 1024w, https:\/\/altisk-mlak.edu.hu\/wp-content\/uploads\/2023\/12\/IMG_20231213_154935-300x225.jpg 300w, https:\/\/altisk-mlak.edu.hu\/wp-content\/uploads\/2023\/12\/IMG_20231213_154935-768x576.jpg 768w, https:\/\/altisk-mlak.edu.hu\/wp-content\/uploads\/2023\/12\/IMG_20231213_154935-1536x1152.jpg 1536w, https:\/\/altisk-mlak.edu.hu\/wp-content\/uploads\/2023\/12\/IMG_20231213_154935-600x450.jpg 600w, https:\/\/altisk-mlak.edu.hu\/wp-content\/uploads\/2023\/12\/IMG_20231213_154935.jpg 2000w\" sizes=\"(max-width: 604px) 100vw, 604px\" \/><\/td>\n<td style=\"width: 50%;\"><img decoding=\"async\" class=\"aligncenter size-large wp-image-1853\" src=\"https:\/\/altisk-mlak.edu.hu\/wp-content\/uploads\/2023\/12\/IMG_20231213_154804-1024x768.jpg\" alt=\"\" width=\"604\" height=\"453\" srcset=\"https:\/\/altisk-mlak.edu.hu\/wp-content\/uploads\/2023\/12\/IMG_20231213_154804-1024x768.jpg 1024w, https:\/\/altisk-mlak.edu.hu\/wp-content\/uploads\/2023\/12\/IMG_20231213_154804-300x225.jpg 300w, https:\/\/altisk-mlak.edu.hu\/wp-content\/uploads\/2023\/12\/IMG_20231213_154804-768x576.jpg 768w, https:\/\/altisk-mlak.edu.hu\/wp-content\/uploads\/2023\/12\/IMG_20231213_154804-1536x1152.jpg 1536w, https:\/\/altisk-mlak.edu.hu\/wp-content\/uploads\/2023\/12\/IMG_20231213_154804-600x450.jpg 600w, https:\/\/altisk-mlak.edu.hu\/wp-content\/uploads\/2023\/12\/IMG_20231213_154804.jpg 2000w\" sizes=\"(max-width: 604px) 100vw, 604px\" \/><\/td>\n<\/tr>\n<tr>\n<td style=\"width: 50%;\"><img loading=\"lazy\" decoding=\"async\" class=\"aligncenter wp-image-1854 size-large\" src=\"https:\/\/altisk-mlak.edu.hu\/wp-content\/uploads\/2023\/12\/IMG_20231213_154701-e1702549290765-1024x1014.jpg\" alt=\"\" width=\"604\" height=\"598\" srcset=\"https:\/\/altisk-mlak.edu.hu\/wp-content\/uploads\/2023\/12\/IMG_20231213_154701-e1702549290765-1024x1014.jpg 1024w, https:\/\/altisk-mlak.edu.hu\/wp-content\/uploads\/2023\/12\/IMG_20231213_154701-e1702549290765-300x297.jpg 300w, https:\/\/altisk-mlak.edu.hu\/wp-content\/uploads\/2023\/12\/IMG_20231213_154701-e1702549290765-150x150.jpg 150w, https:\/\/altisk-mlak.edu.hu\/wp-content\/uploads\/2023\/12\/IMG_20231213_154701-e1702549290765-768x761.jpg 768w, https:\/\/altisk-mlak.edu.hu\/wp-content\/uploads\/2023\/12\/IMG_20231213_154701-e1702549290765-600x594.jpg 600w, https:\/\/altisk-mlak.edu.hu\/wp-content\/uploads\/2023\/12\/IMG_20231213_154701-e1702549290765.jpg 1501w\" sizes=\"(max-width: 604px) 100vw, 604px\" \/><\/td>\n<td style=\"width: 50%;\"><img loading=\"lazy\" decoding=\"async\" class=\"aligncenter size-large wp-image-1852\" src=\"https:\/\/altisk-mlak.edu.hu\/wp-content\/uploads\/2023\/12\/IMG_20231213_154614-1-1021x1024.jpg\" alt=\"\" width=\"604\" height=\"606\" srcset=\"https:\/\/altisk-mlak.edu.hu\/wp-content\/uploads\/2023\/12\/IMG_20231213_154614-1-1021x1024.jpg 1021w, https:\/\/altisk-mlak.edu.hu\/wp-content\/uploads\/2023\/12\/IMG_20231213_154614-1-300x300.jpg 300w, https:\/\/altisk-mlak.edu.hu\/wp-content\/uploads\/2023\/12\/IMG_20231213_154614-1-150x150.jpg 150w, https:\/\/altisk-mlak.edu.hu\/wp-content\/uploads\/2023\/12\/IMG_20231213_154614-1-768x770.jpg 768w, https:\/\/altisk-mlak.edu.hu\/wp-content\/uploads\/2023\/12\/IMG_20231213_154614-1-1531x1536.jpg 1531w, https:\/\/altisk-mlak.edu.hu\/wp-content\/uploads\/2023\/12\/IMG_20231213_154614-1-2042x2048.jpg 2042w, https:\/\/altisk-mlak.edu.hu\/wp-content\/uploads\/2023\/12\/IMG_20231213_154614-1-598x600.jpg 598w\" sizes=\"(max-width: 604px) 100vw, 604px\" \/><\/td>\n<\/tr>\n<\/tbody>\n<\/table>\n<p style=\"text-align: justify;\">A legb\u00e1trabbak a Dunakapu t\u00e9ren fel\u00fcltek a sz\u00ednes f\u00e9nyekben pomp\u00e1z\u00f3 \u00f3ri\u00e1sker\u00e9kre, ahol mad\u00e1rt\u00e1vlakb\u00f3l megcsod\u00e1lhatt\u00e1k a v\u00e1ros nevezetess\u00e9geit. Igazi adventi hangulatban telt a d\u00e9lut\u00e1n \u00e9s az este. Kalandokkal tark\u00edtott utunk v\u00e9g\u00e9n kicsit f\u00e1radtan, de \u00e9lm\u00e9nyekkel gazdagon t\u00e9rt\u00fcnk haza. H\u00e1l\u00e1san k\u00f6sz\u00f6nj\u00fck az Egy\u00fctt a Gyermekek\u00e9rt K\u00f6zalap\u00edtv\u00e1ny \u00e9s a SZJA 1%-ot felaj\u00e1nl\u00f3k t\u00e1mogat\u00e1s\u00e1t!<\/p>\n<p style=\"text-align: right;\"><em>Mezein\u00e9 Kiss Katalin<\/em><\/p>\n","protected":false},"excerpt":{"rendered":"<p>2023. december 12-\u00e9n d\u00e9lut\u00e1n iskol\u00e1nk tanul\u00f3i \u00e9s dolgoz\u00f3i ell\u00e1togattak Gy\u0151rbe, az adventi v\u00e1s\u00e1rra. Amikor meg\u00e9rkezett aut\u00f3buszunk a vas\u00fat\u00e1llom\u00e1sra, m\u00e1r l\u00e1ttunk, hogy nem egy \u00e1tlagos d\u00e9lut\u00e1nr\u00f3l van sz\u00f3: nagyon sokan tartottak a belv\u00e1ros<a class=\"moretag\" href=\"https:\/\/altisk-mlak.edu.hu\/index.php\/advent-gyorben\/\">Read More&#8230;<\/a><\/p>\n","protected":false},"author":3,"featured_media":0,"comment_status":"closed","ping_status":"closed","sticky":false,"template":"","format":"standard","meta":{"two_page_speed":[],"footnotes":""},"categories":[1],"tags":[],"class_list":["post-1850","post","type-post","status-publish","format-standard","hentry","category-egyeb"],"_links":{"self":[{"href":"https:\/\/altisk-mlak.edu.hu\/index.php\/wp-json\/wp\/v2\/posts\/1850","targetHints":{"allow":["GET"]}}],"collection":[{"href":"https:\/\/altisk-mlak.edu.hu\/index.php\/wp-json\/wp\/v2\/posts"}],"about":[{"href":"https:\/\/altisk-mlak.edu.hu\/index.php\/wp-json\/wp\/v2\/types\/post"}],"author":[{"embeddable":true,"href":"https:\/\/altisk-mlak.edu.hu\/index.php\/wp-json\/wp\/v2\/users\/3"}],"replies":[{"embeddable":true,"href":"https:\/\/altisk-mlak.edu.hu\/index.php\/wp-json\/wp\/v2\/comments?post=1850"}],"version-history":[{"count":1,"href":"https:\/\/altisk-mlak.edu.hu\/index.php\/wp-json\/wp\/v2\/posts\/1850\/revisions"}],"predecessor-version":[{"id":1856,"href":"https:\/\/altisk-mlak.edu.hu\/index.php\/wp-json\/wp\/v2\/posts\/1850\/revisions\/1856"}],"wp:attachment":[{"href":"https:\/\/altisk-mlak.edu.hu\/index.php\/wp-json\/wp\/v2\/media?parent=1850"}],"wp:term":[{"taxonomy":"category","embeddable":true,"href":"https:\/\/altisk-mlak.edu.hu\/index.php\/wp-json\/wp\/v2\/categories?post=1850"},{"taxonomy":"post_tag","embeddable":true,"href":"https:\/\/altisk-mlak.edu.hu\/index.php\/wp-json\/wp\/v2\/tags?post=1850"}],"curies":[{"name":"wp","href":"https:\/\/api.w.org\/{rel}","templated":true}]}}