{"id":1858,"date":"2023-12-15T07:39:59","date_gmt":"2023-12-15T07:39:59","guid":{"rendered":"https:\/\/altisk-mlak.edu.hu\/?p=1858"},"modified":"2023-12-18T07:56:10","modified_gmt":"2023-12-18T07:56:10","slug":"diaksport-fesztivalon-jartunk-szentgotthardon","status":"publish","type":"post","link":"https:\/\/altisk-mlak.edu.hu\/index.php\/diaksport-fesztivalon-jartunk-szentgotthardon\/","title":{"rendered":"Di\u00e1ksport Fesztiv\u00e1lon j\u00e1rtunk Szentgotth\u00e1rdon"},"content":{"rendered":"<p align=\"justify\"><a name=\"_GoBack\"><\/a> <span style=\"font-size: medium;\">2023. december 13-\u00e1n als\u00f3s tanul\u00f3ink k\u00e9t korcsoportban k\u00e9pviselt\u00e9k iskol\u00e1nkat Szentgotth\u00e1rdon, a Di\u00e1kolimpia Junior keret\u00e9ben megrendez\u00e9sre ker\u00fcl\u0151 Di\u00e1ksport Fesztiv\u00e1lon. A rendezv\u00e9nynek testv\u00e9riskol\u00e1nk, a Szent Gotth\u00e1rd \u00c1ltal\u00e1nos Iskola adott otthont. A rendezv\u00e9ny egy k\u00f6z\u00f6s bemeleg\u00edt\u00e9ssel kezd\u0151d\u00f6tt. Ezt k\u00f6vet\u0151en a gyerekek vegyes csapatokban, 5 helysz\u00ednen, egym\u00e1st v\u00e1ltva \u00e9lvezhett\u00e9k a mozg\u00e1s \u00f6r\u00f6m\u00e9t. T\u00f6bbf\u00e9le akad\u00e1lyp\u00e1ly\u00e1t \u00e9s labdaj\u00e1t\u00e9kot pr\u00f3b\u00e1ltak ki nagy lelkesed\u00e9ssel. Egy 60 perces intenz\u00edv mozg\u00e1s ut\u00e1n mindenki vid\u00e1man, \u00e9lm\u00e9nyekkel gazdagodva \u00e9s j\u00f3les\u0151 f\u00e1radts\u00e1ggal t\u00e9rhetett haza. K\u00f6sz\u00f6nj\u00fck sz\u00e9pen a lehet\u0151s\u00e9get!<\/span><\/p>\n<table style=\"border-collapse: collapse; width: 100%;\">\n<tbody>\n<tr>\n<td style=\"width: 50%;\"><img fetchpriority=\"high\" decoding=\"async\" class=\"aligncenter size-large wp-image-1860\" src=\"https:\/\/altisk-mlak.edu.hu\/wp-content\/uploads\/2023\/12\/FB_IMG_1702615557186-768x1024.jpg\" alt=\"\" width=\"604\" height=\"805\" srcset=\"https:\/\/altisk-mlak.edu.hu\/wp-content\/uploads\/2023\/12\/FB_IMG_1702615557186-768x1024.jpg 768w, https:\/\/altisk-mlak.edu.hu\/wp-content\/uploads\/2023\/12\/FB_IMG_1702615557186-225x300.jpg 225w, https:\/\/altisk-mlak.edu.hu\/wp-content\/uploads\/2023\/12\/FB_IMG_1702615557186-450x600.jpg 450w, https:\/\/altisk-mlak.edu.hu\/wp-content\/uploads\/2023\/12\/FB_IMG_1702615557186.jpg 1080w\" sizes=\"(max-width: 604px) 100vw, 604px\" \/><\/td>\n<td style=\"width: 50%;\"><img decoding=\"async\" class=\"aligncenter size-large wp-image-1859\" src=\"https:\/\/altisk-mlak.edu.hu\/wp-content\/uploads\/2023\/12\/FB_IMG_1702615547969-768x1024.jpg\" alt=\"\" width=\"604\" height=\"805\" srcset=\"https:\/\/altisk-mlak.edu.hu\/wp-content\/uploads\/2023\/12\/FB_IMG_1702615547969-768x1024.jpg 768w, https:\/\/altisk-mlak.edu.hu\/wp-content\/uploads\/2023\/12\/FB_IMG_1702615547969-225x300.jpg 225w, https:\/\/altisk-mlak.edu.hu\/wp-content\/uploads\/2023\/12\/FB_IMG_1702615547969-450x600.jpg 450w, https:\/\/altisk-mlak.edu.hu\/wp-content\/uploads\/2023\/12\/FB_IMG_1702615547969.jpg 1080w\" sizes=\"(max-width: 604px) 100vw, 604px\" \/><\/td>\n<\/tr>\n<\/tbody>\n<\/table>\n<p style=\"text-align: right;\"><em><span style=\"font-size: medium;\">Zak\u00f3cs Veronika<\/span><\/em><\/p>\n","protected":false},"excerpt":{"rendered":"<p>2023. december 13-\u00e1n als\u00f3s tanul\u00f3ink k\u00e9t korcsoportban k\u00e9pviselt\u00e9k iskol\u00e1nkat Szentgotth\u00e1rdon, a Di\u00e1kolimpia Junior keret\u00e9ben megrendez\u00e9sre ker\u00fcl\u0151 Di\u00e1ksport Fesztiv\u00e1lon. A rendezv\u00e9nynek testv\u00e9riskol\u00e1nk, a Szent Gotth\u00e1rd \u00c1ltal\u00e1nos Iskola adott otthont. A rendezv\u00e9ny egy k\u00f6z\u00f6s<a class=\"moretag\" href=\"https:\/\/altisk-mlak.edu.hu\/index.php\/diaksport-fesztivalon-jartunk-szentgotthardon\/\">Read More&#8230;<\/a><\/p>\n","protected":false},"author":3,"featured_media":0,"comment_status":"closed","ping_status":"closed","sticky":false,"template":"","format":"standard","meta":{"two_page_speed":[],"footnotes":""},"categories":[1],"tags":[],"class_list":["post-1858","post","type-post","status-publish","format-standard","hentry","category-egyeb"],"_links":{"self":[{"href":"https:\/\/altisk-mlak.edu.hu\/index.php\/wp-json\/wp\/v2\/posts\/1858","targetHints":{"allow":["GET"]}}],"collection":[{"href":"https:\/\/altisk-mlak.edu.hu\/index.php\/wp-json\/wp\/v2\/posts"}],"about":[{"href":"https:\/\/altisk-mlak.edu.hu\/index.php\/wp-json\/wp\/v2\/types\/post"}],"author":[{"embeddable":true,"href":"https:\/\/altisk-mlak.edu.hu\/index.php\/wp-json\/wp\/v2\/users\/3"}],"replies":[{"embeddable":true,"href":"https:\/\/altisk-mlak.edu.hu\/index.php\/wp-json\/wp\/v2\/comments?post=1858"}],"version-history":[{"count":1,"href":"https:\/\/altisk-mlak.edu.hu\/index.php\/wp-json\/wp\/v2\/posts\/1858\/revisions"}],"predecessor-version":[{"id":1861,"href":"https:\/\/altisk-mlak.edu.hu\/index.php\/wp-json\/wp\/v2\/posts\/1858\/revisions\/1861"}],"wp:attachment":[{"href":"https:\/\/altisk-mlak.edu.hu\/index.php\/wp-json\/wp\/v2\/media?parent=1858"}],"wp:term":[{"taxonomy":"category","embeddable":true,"href":"https:\/\/altisk-mlak.edu.hu\/index.php\/wp-json\/wp\/v2\/categories?post=1858"},{"taxonomy":"post_tag","embeddable":true,"href":"https:\/\/altisk-mlak.edu.hu\/index.php\/wp-json\/wp\/v2\/tags?post=1858"}],"curies":[{"name":"wp","href":"https:\/\/api.w.org\/{rel}","templated":true}]}}