{"id":1866,"date":"2023-12-18T08:08:20","date_gmt":"2023-12-18T08:08:20","guid":{"rendered":"https:\/\/altisk-mlak.edu.hu\/?p=1866"},"modified":"2023-12-20T09:47:58","modified_gmt":"2023-12-20T09:47:58","slug":"az-iskolakorus-szolgalatai","status":"publish","type":"post","link":"https:\/\/altisk-mlak.edu.hu\/index.php\/az-iskolakorus-szolgalatai\/","title":{"rendered":"Az iskolak\u00f3rus szolg\u00e1latai"},"content":{"rendered":"<p style=\"text-align: justify;\">Iskol\u00e1nk Vid\u00e1m Angyalok k\u00f3rusa az idei tan\u00e9vben m\u00e1r hatodik alkalommal vett r\u00e9szt az \u00e9rintett telep\u00fcl\u00e9sek, illetve a k\u00f6zel \u00e9s t\u00e1voli falvak kultur\u00e1lis, vall\u00e1si esem\u00e9nyein.<\/p>\n<p><img fetchpriority=\"high\" decoding=\"async\" class=\"aligncenter size-large wp-image-1867\" src=\"https:\/\/altisk-mlak.edu.hu\/wp-content\/uploads\/2023\/12\/20231217_145641-1024x768.jpg\" alt=\"\" width=\"604\" height=\"453\" srcset=\"https:\/\/altisk-mlak.edu.hu\/wp-content\/uploads\/2023\/12\/20231217_145641-1024x768.jpg 1024w, https:\/\/altisk-mlak.edu.hu\/wp-content\/uploads\/2023\/12\/20231217_145641-300x225.jpg 300w, https:\/\/altisk-mlak.edu.hu\/wp-content\/uploads\/2023\/12\/20231217_145641-768x576.jpg 768w, https:\/\/altisk-mlak.edu.hu\/wp-content\/uploads\/2023\/12\/20231217_145641-1536x1152.jpg 1536w, https:\/\/altisk-mlak.edu.hu\/wp-content\/uploads\/2023\/12\/20231217_145641-600x450.jpg 600w, https:\/\/altisk-mlak.edu.hu\/wp-content\/uploads\/2023\/12\/20231217_145641.jpg 2000w\" sizes=\"(max-width: 604px) 100vw, 604px\" \/><\/p>\n<p style=\"text-align: justify;\">A sz\u00fcreti, id\u0151sek napi m\u0171sor mellett ell\u00e1togattunk Iv\u00e1ncra a Szeretetotthonba. Ez\u00fcst min\u0151s\u00edt\u00e9st szerezt\u00fcnk a k\u00f6rzeti n\u00e9pdal\u00e9nekl\u00e9si versenyen.<\/p>\n<p style=\"text-align: justify;\">December 17-\u00e9n, Advent 3. vas\u00e1rnapj\u00e1n \u00fajra templomban lehett\u00fcnk Als\u00f3sz\u00f6ln\u00f6k\u00f6n, a hagyom\u00e1nyosan megrendezett Adventi k\u00f3rustal\u00e1lkoz\u00f3n, ahol a szentmise keretein bel\u00fcl \u00e9nekelhett\u00fcnk (a Szent Imre templomi p\u00fcsp\u00f6ki mise \u00f3ta).<\/p>\n<p style=\"text-align: justify;\">Ut\u00e1na oldott hangulatban besz\u00e9lgett\u00fcnk, te\u00e1ztunk \u00e9s nagyon finom pog\u00e1cs\u00e1t ett\u00fcnk az als\u00f3sz\u00f6ln\u00f6kiek j\u00f3volt\u00e1b\u00f3l.<\/p>\n<p style=\"text-align: right;\"><em>Deutsch Szilvia<\/em><\/p>\n","protected":false},"excerpt":{"rendered":"<p>Iskol\u00e1nk Vid\u00e1m Angyalok k\u00f3rusa az idei tan\u00e9vben m\u00e1r hatodik alkalommal vett r\u00e9szt az \u00e9rintett telep\u00fcl\u00e9sek, illetve a k\u00f6zel \u00e9s t\u00e1voli falvak kultur\u00e1lis, vall\u00e1si esem\u00e9nyein. A sz\u00fcreti, id\u0151sek napi m\u0171sor mellett ell\u00e1togattunk Iv\u00e1ncra<a class=\"moretag\" href=\"https:\/\/altisk-mlak.edu.hu\/index.php\/az-iskolakorus-szolgalatai\/\">Read More&#8230;<\/a><\/p>\n","protected":false},"author":3,"featured_media":0,"comment_status":"closed","ping_status":"closed","sticky":false,"template":"","format":"standard","meta":{"two_page_speed":[],"footnotes":""},"categories":[1],"tags":[],"class_list":["post-1866","post","type-post","status-publish","format-standard","hentry","category-egyeb"],"_links":{"self":[{"href":"https:\/\/altisk-mlak.edu.hu\/index.php\/wp-json\/wp\/v2\/posts\/1866","targetHints":{"allow":["GET"]}}],"collection":[{"href":"https:\/\/altisk-mlak.edu.hu\/index.php\/wp-json\/wp\/v2\/posts"}],"about":[{"href":"https:\/\/altisk-mlak.edu.hu\/index.php\/wp-json\/wp\/v2\/types\/post"}],"author":[{"embeddable":true,"href":"https:\/\/altisk-mlak.edu.hu\/index.php\/wp-json\/wp\/v2\/users\/3"}],"replies":[{"embeddable":true,"href":"https:\/\/altisk-mlak.edu.hu\/index.php\/wp-json\/wp\/v2\/comments?post=1866"}],"version-history":[{"count":1,"href":"https:\/\/altisk-mlak.edu.hu\/index.php\/wp-json\/wp\/v2\/posts\/1866\/revisions"}],"predecessor-version":[{"id":1868,"href":"https:\/\/altisk-mlak.edu.hu\/index.php\/wp-json\/wp\/v2\/posts\/1866\/revisions\/1868"}],"wp:attachment":[{"href":"https:\/\/altisk-mlak.edu.hu\/index.php\/wp-json\/wp\/v2\/media?parent=1866"}],"wp:term":[{"taxonomy":"category","embeddable":true,"href":"https:\/\/altisk-mlak.edu.hu\/index.php\/wp-json\/wp\/v2\/categories?post=1866"},{"taxonomy":"post_tag","embeddable":true,"href":"https:\/\/altisk-mlak.edu.hu\/index.php\/wp-json\/wp\/v2\/tags?post=1866"}],"curies":[{"name":"wp","href":"https:\/\/api.w.org\/{rel}","templated":true}]}}