{"id":1869,"date":"2023-12-20T09:53:24","date_gmt":"2023-12-20T09:53:24","guid":{"rendered":"https:\/\/altisk-mlak.edu.hu\/?p=1869"},"modified":"2023-12-20T09:55:52","modified_gmt":"2023-12-20T09:55:52","slug":"adventi-gyertyagyujtas-3","status":"publish","type":"post","link":"https:\/\/altisk-mlak.edu.hu\/index.php\/adventi-gyertyagyujtas-3\/","title":{"rendered":"Adventi gyertyagy\u00fajt\u00e1s 3."},"content":{"rendered":"<p align=\"justify\"><img fetchpriority=\"high\" decoding=\"async\" class=\"alignleft wp-image-1870 size-medium\" src=\"https:\/\/altisk-mlak.edu.hu\/wp-content\/uploads\/2023\/12\/a34-225x300.jpg\" alt=\"\" width=\"225\" height=\"300\" srcset=\"https:\/\/altisk-mlak.edu.hu\/wp-content\/uploads\/2023\/12\/a34-225x300.jpg 225w, https:\/\/altisk-mlak.edu.hu\/wp-content\/uploads\/2023\/12\/a34-768x1024.jpg 768w, https:\/\/altisk-mlak.edu.hu\/wp-content\/uploads\/2023\/12\/a34-1152x1536.jpg 1152w, https:\/\/altisk-mlak.edu.hu\/wp-content\/uploads\/2023\/12\/a34-450x600.jpg 450w, https:\/\/altisk-mlak.edu.hu\/wp-content\/uploads\/2023\/12\/a34.jpg 1500w\" sizes=\"(max-width: 225px) 100vw, 225px\" \/><\/p>\n<p align=\"justify\">Iskolak\u00f3rusunk az Adventi h\u00edrn\u00f6k c. \u00e9nek 3. str\u00f3f\u00e1j\u00e1t \u00e9nekelte, mik\u00f6zben J\u00e1rf\u00e1s \u00c1d\u00e1m atya meggy\u00fajtotta a koszor\u00fa harmadik gyerty\u00e1j\u00e1t, az \u00f6r\u00f6m l\u00e1ngj\u00e1t. A helyettes\u00edt\u0151 hitoktat\u00f3 adventi k\u00f6sz\u00f6nt\u0151j\u00e9ben kiemelte: \u201eAz \u00f6r\u00f6mnek \u00e9rdemes lenne nagyobb jelent\u0151s\u00e9get tulajdon\u00edtanunk. Az \u00f6r\u00f6m ugyanis nagyon fontos az \u00e9letben, de m\u00e9gis mikor \u00e9s hol tal\u00e1lhatjuk meg? \u00d6r\u00f6met tud okozni egy j\u00f3 jegy, egy finom \u00e9tel, egy sz\u00e9p aj\u00e1nd\u00e9k, de a legnagyobb \u00f6r\u00f6met az jelenti, ha tiszta sz\u00edvb\u0151l \u00f6r\u00fcl\u00fcnk egym\u00e1snak. A pedag\u00f3gus \u00f6r\u00f6me a gyermek, a gyermek \u00f6r\u00f6me a t\u00e1rsai, sz\u00fclei \u00e9s tan\u00e1rai. K\u00fcl\u00f6n\u00f6sen most, az \u00e9v v\u00e9ge fel\u00e9 van sz\u00fcks\u00e9g arra, hogy egym\u00e1snak m\u00e9g t\u00f6bb \u00f6r\u00f6met adjunk. Minden kis apr\u00f3 dolog k\u00e9pes kibillenteni minket a megszokottb\u00f3l, \u00e9s k\u00e9pes r\u00e1d\u00f6bbenteni az \u00e9let val\u00f3di \u00e9rtelm\u00e9re \u00e9s \u00e9rt\u00e9k\u00e9re. Az adventi cs\u00f6nd tud m\u00e9g ink\u00e1bb \u00f6r\u00f6mre hangolni, \u00e9s n\u00f6velni benn\u00fcnk a h\u00e1l\u00e1s lelk\u00fcletet.\u201d Az adventi gondolatokat k\u00f6vet\u0151en az iskolak\u00f3rus a \u201eV\u00e1rj \u00e9s ne f\u00e9lj\u201d c. \u00e9neket adta el\u0151.<\/p>\n<table style=\"border-collapse: collapse; width: 100%;\">\n<tbody>\n<tr>\n<td style=\"width: 50%;\"><img decoding=\"async\" class=\"aligncenter size-large wp-image-1871\" src=\"https:\/\/altisk-mlak.edu.hu\/wp-content\/uploads\/2023\/12\/a33-1024x768.jpg\" alt=\"\" width=\"604\" height=\"453\" srcset=\"https:\/\/altisk-mlak.edu.hu\/wp-content\/uploads\/2023\/12\/a33-1024x768.jpg 1024w, https:\/\/altisk-mlak.edu.hu\/wp-content\/uploads\/2023\/12\/a33-300x225.jpg 300w, https:\/\/altisk-mlak.edu.hu\/wp-content\/uploads\/2023\/12\/a33-768x576.jpg 768w, https:\/\/altisk-mlak.edu.hu\/wp-content\/uploads\/2023\/12\/a33-1536x1152.jpg 1536w, https:\/\/altisk-mlak.edu.hu\/wp-content\/uploads\/2023\/12\/a33-600x450.jpg 600w, https:\/\/altisk-mlak.edu.hu\/wp-content\/uploads\/2023\/12\/a33.jpg 2000w\" sizes=\"(max-width: 604px) 100vw, 604px\" \/><\/td>\n<td style=\"width: 50%;\"><img decoding=\"async\" class=\"aligncenter size-large wp-image-1872\" src=\"https:\/\/altisk-mlak.edu.hu\/wp-content\/uploads\/2023\/12\/a32-1024x768.jpg\" alt=\"\" width=\"604\" height=\"453\" srcset=\"https:\/\/altisk-mlak.edu.hu\/wp-content\/uploads\/2023\/12\/a32-1024x768.jpg 1024w, https:\/\/altisk-mlak.edu.hu\/wp-content\/uploads\/2023\/12\/a32-300x225.jpg 300w, https:\/\/altisk-mlak.edu.hu\/wp-content\/uploads\/2023\/12\/a32-768x576.jpg 768w, https:\/\/altisk-mlak.edu.hu\/wp-content\/uploads\/2023\/12\/a32-1536x1152.jpg 1536w, https:\/\/altisk-mlak.edu.hu\/wp-content\/uploads\/2023\/12\/a32-600x450.jpg 600w, https:\/\/altisk-mlak.edu.hu\/wp-content\/uploads\/2023\/12\/a32.jpg 2000w\" sizes=\"(max-width: 604px) 100vw, 604px\" \/><\/td>\n<\/tr>\n<\/tbody>\n<\/table>\n\n\n<p class=\"has-text-align-right\"><em>Mezein\u00e9 Kiss Katalin<\/em><\/p>\n","protected":false},"excerpt":{"rendered":"<p>Iskolak\u00f3rusunk az Adventi h\u00edrn\u00f6k c. \u00e9nek 3. str\u00f3f\u00e1j\u00e1t \u00e9nekelte, mik\u00f6zben J\u00e1rf\u00e1s \u00c1d\u00e1m atya meggy\u00fajtotta a koszor\u00fa harmadik gyerty\u00e1j\u00e1t, az \u00f6r\u00f6m l\u00e1ngj\u00e1t. A helyettes\u00edt\u0151 hitoktat\u00f3 adventi k\u00f6sz\u00f6nt\u0151j\u00e9ben kiemelte: \u201eAz \u00f6r\u00f6mnek \u00e9rdemes lenne nagyobb<a class=\"moretag\" href=\"https:\/\/altisk-mlak.edu.hu\/index.php\/adventi-gyertyagyujtas-3\/\">Read More&#8230;<\/a><\/p>\n","protected":false},"author":3,"featured_media":0,"comment_status":"closed","ping_status":"closed","sticky":false,"template":"","format":"standard","meta":{"two_page_speed":[],"footnotes":""},"categories":[1],"tags":[],"class_list":["post-1869","post","type-post","status-publish","format-standard","hentry","category-egyeb"],"_links":{"self":[{"href":"https:\/\/altisk-mlak.edu.hu\/index.php\/wp-json\/wp\/v2\/posts\/1869","targetHints":{"allow":["GET"]}}],"collection":[{"href":"https:\/\/altisk-mlak.edu.hu\/index.php\/wp-json\/wp\/v2\/posts"}],"about":[{"href":"https:\/\/altisk-mlak.edu.hu\/index.php\/wp-json\/wp\/v2\/types\/post"}],"author":[{"embeddable":true,"href":"https:\/\/altisk-mlak.edu.hu\/index.php\/wp-json\/wp\/v2\/users\/3"}],"replies":[{"embeddable":true,"href":"https:\/\/altisk-mlak.edu.hu\/index.php\/wp-json\/wp\/v2\/comments?post=1869"}],"version-history":[{"count":2,"href":"https:\/\/altisk-mlak.edu.hu\/index.php\/wp-json\/wp\/v2\/posts\/1869\/revisions"}],"predecessor-version":[{"id":1877,"href":"https:\/\/altisk-mlak.edu.hu\/index.php\/wp-json\/wp\/v2\/posts\/1869\/revisions\/1877"}],"wp:attachment":[{"href":"https:\/\/altisk-mlak.edu.hu\/index.php\/wp-json\/wp\/v2\/media?parent=1869"}],"wp:term":[{"taxonomy":"category","embeddable":true,"href":"https:\/\/altisk-mlak.edu.hu\/index.php\/wp-json\/wp\/v2\/categories?post=1869"},{"taxonomy":"post_tag","embeddable":true,"href":"https:\/\/altisk-mlak.edu.hu\/index.php\/wp-json\/wp\/v2\/tags?post=1869"}],"curies":[{"name":"wp","href":"https:\/\/api.w.org\/{rel}","templated":true}]}}