{"id":1890,"date":"2023-12-28T22:51:29","date_gmt":"2023-12-28T22:51:29","guid":{"rendered":"https:\/\/altisk-mlak.edu.hu\/?p=1890"},"modified":"2024-01-09T11:24:14","modified_gmt":"2024-01-09T11:24:14","slug":"a-kozosen-atelt-karacsonyi-csoda","status":"publish","type":"post","link":"https:\/\/altisk-mlak.edu.hu\/index.php\/a-kozosen-atelt-karacsonyi-csoda\/","title":{"rendered":"A k\u00f6z\u00f6sen \u00e1t\u00e9lt kar\u00e1csonyi csoda"},"content":{"rendered":"<p align=\"justify\"><img fetchpriority=\"high\" decoding=\"async\" class=\"aligncenter size-large wp-image-1891\" src=\"https:\/\/altisk-mlak.edu.hu\/wp-content\/uploads\/2023\/12\/Ivanc-1024x768.jpg\" alt=\"\" width=\"604\" height=\"453\" srcset=\"https:\/\/altisk-mlak.edu.hu\/wp-content\/uploads\/2023\/12\/Ivanc-1024x768.jpg 1024w, https:\/\/altisk-mlak.edu.hu\/wp-content\/uploads\/2023\/12\/Ivanc-300x225.jpg 300w, https:\/\/altisk-mlak.edu.hu\/wp-content\/uploads\/2023\/12\/Ivanc-768x576.jpg 768w, https:\/\/altisk-mlak.edu.hu\/wp-content\/uploads\/2023\/12\/Ivanc-1536x1152.jpg 1536w, https:\/\/altisk-mlak.edu.hu\/wp-content\/uploads\/2023\/12\/Ivanc-600x450.jpg 600w, https:\/\/altisk-mlak.edu.hu\/wp-content\/uploads\/2023\/12\/Ivanc.jpg 2000w\" sizes=\"(max-width: 604px) 100vw, 604px\" \/><\/p>\n<p align=\"justify\"><span style=\"font-size: medium;\">A Magyar M\u00e1ltai Szeretetszolg\u00e1lat Gondvisel\u00e9s H\u00e1za ell\u00e1tottjai \u00e9s munkat\u00e1rsai sz\u00edv\u00e9lyes megh\u00edv\u00e1s\u00e1ra Dr. Tak\u00e1cs Gyula iskolalelk\u00e9sz, Mezein\u00e9 Kiss Katalin tagint\u00e9zm\u00e9ny-vezet\u0151 \u00e9s Deutsch Szilvia tan\u00edt\u00f3n\u0151, k\u00e1ntor ell\u00e1togatott az iv\u00e1nci szeretetotthon kar\u00e1csonyi \u00fcnneps\u00e9g\u00e9re. Dr. Sz\u00e9kely J\u00e1nos szombathelyi megy\u00e9sp\u00fcsp\u00f6k celebr\u00e1lta a szentmis\u00e9t a zs\u00fafol\u00e1sig megtelt, csodasz\u00e9pen feld\u00edsz\u00edtett tornateremben. Pr\u00e9dik\u00e1ci\u00f3j\u00e1ban k\u00e9t meghat\u00f3 kar\u00e1csonyi t\u00f6rt\u00e9netet osztott meg a hallgat\u00f3s\u00e1ggal, melyek k\u00f6nnyet csaltak mindannyiunk szem\u00e9be. A p\u00fcsp\u00f6k atya azt k\u00edv\u00e1nta, hogy \u00e9rkezzen meg sz\u00edv\u00fcnkbe az a kar\u00e1csony, amely egykoron M\u00e1ria sz\u00edv\u00e9ben honolt. A mis\u00e9t k\u00f6vet\u0151en az otthon lak\u00f3i felid\u00e9zt\u00e9k a betlehemi j\u00e1szol t\u00f6rt\u00e9net\u00e9t sz\u00edvvel-l\u00e9lekkel, teljes \u00e1t\u00e9l\u00e9ssel. Varga Annam\u00e1ria int\u00e9zm\u00e9ny-vezet\u0151 kedves szavakkal k\u00f6sz\u00f6nte meg a lak\u00f3k sz\u00edvhez sz\u00f3l\u00f3 el\u0151ad\u00e1s\u00e1t \u00e9s a dolgoz\u00f3k felk\u00e9sz\u00edt\u0151 munk\u00e1j\u00e1t. Cs\u00e1sz\u00e1rn\u00e9 Cserkuti M\u00f3nika szoci\u00e1lis \u00e9s ter\u00e1pi\u00e1s csoportvezet\u0151 \u00fcdv\u00f6z\u00f6lte a partnereket, \u00e9s megk\u00f6sz\u00f6nte a p\u00e9ld\u00e1s egy\u00fcttm\u0171k\u00f6d\u00e9st egy-egy csod\u00e1s asztald\u00edsz \u00e1tad\u00e1s\u00e1val. Iskol\u00e1nk tanul\u00f3i n\u00e9vre sz\u00f3l\u00f3, k\u00e9zzel \u00edrott, szeretet-id\u00e9zettel ell\u00e1tott k\u00e9peslapot k\u00fcldtek az alkalomra. Az \u00fcnneps\u00e9g meghat\u00f3 pillanata volt, amikor az ell\u00e1tottak, munkat\u00e1rsak, vend\u00e9gek egy\u00fctt d\u00edsz\u00edtett\u00e9k fel az otthon kar\u00e1csonyf\u00e1j\u00e1t. H\u00e1l\u00e1san k\u00f6sz\u00f6nj\u00fck a meghitt, l\u00e9lekemel\u0151 \u00fcnnepet, a k\u00f6z\u00f6sen \u00e1t\u00e9lt kar\u00e1csonyi csod\u00e1t.<\/span><\/p>\n<p>\u201e<span style=\"font-size: medium;\">A kar\u00e1csony akkor igaz\u00e1n kar\u00e1csony,<br \/>\n<\/span><span style=\"font-size: medium;\">ha azokat t\u00f6ltj\u00fck meg szeretettel,<br \/>\n<\/span><span style=\"font-size: medium;\">akiknek a legnagyobb sz\u00fcks\u00e9g\u00fck van r\u00e1!\u201d<\/span><\/p>\n<p><span style=\"font-size: medium;\">(Ruth Carter Stapleton)<\/span><\/p>\n<p style=\"text-align: right;\" align=\"justify\"><em><span style=\"font-size: medium;\">Mezein\u00e9 Kiss Katalin<\/span><\/em><\/p>\n","protected":false},"excerpt":{"rendered":"<p>A Magyar M\u00e1ltai Szeretetszolg\u00e1lat Gondvisel\u00e9s H\u00e1za ell\u00e1tottjai \u00e9s munkat\u00e1rsai sz\u00edv\u00e9lyes megh\u00edv\u00e1s\u00e1ra Dr. Tak\u00e1cs Gyula iskolalelk\u00e9sz, Mezein\u00e9 Kiss Katalin tagint\u00e9zm\u00e9ny-vezet\u0151 \u00e9s Deutsch Szilvia tan\u00edt\u00f3n\u0151, k\u00e1ntor ell\u00e1togatott az iv\u00e1nci szeretetotthon kar\u00e1csonyi \u00fcnneps\u00e9g\u00e9re. Dr. Sz\u00e9kely<a class=\"moretag\" href=\"https:\/\/altisk-mlak.edu.hu\/index.php\/a-kozosen-atelt-karacsonyi-csoda\/\">Read More&#8230;<\/a><\/p>\n","protected":false},"author":3,"featured_media":0,"comment_status":"closed","ping_status":"closed","sticky":false,"template":"","format":"standard","meta":{"two_page_speed":[],"footnotes":""},"categories":[1],"tags":[],"class_list":["post-1890","post","type-post","status-publish","format-standard","hentry","category-egyeb"],"_links":{"self":[{"href":"https:\/\/altisk-mlak.edu.hu\/index.php\/wp-json\/wp\/v2\/posts\/1890","targetHints":{"allow":["GET"]}}],"collection":[{"href":"https:\/\/altisk-mlak.edu.hu\/index.php\/wp-json\/wp\/v2\/posts"}],"about":[{"href":"https:\/\/altisk-mlak.edu.hu\/index.php\/wp-json\/wp\/v2\/types\/post"}],"author":[{"embeddable":true,"href":"https:\/\/altisk-mlak.edu.hu\/index.php\/wp-json\/wp\/v2\/users\/3"}],"replies":[{"embeddable":true,"href":"https:\/\/altisk-mlak.edu.hu\/index.php\/wp-json\/wp\/v2\/comments?post=1890"}],"version-history":[{"count":1,"href":"https:\/\/altisk-mlak.edu.hu\/index.php\/wp-json\/wp\/v2\/posts\/1890\/revisions"}],"predecessor-version":[{"id":1892,"href":"https:\/\/altisk-mlak.edu.hu\/index.php\/wp-json\/wp\/v2\/posts\/1890\/revisions\/1892"}],"wp:attachment":[{"href":"https:\/\/altisk-mlak.edu.hu\/index.php\/wp-json\/wp\/v2\/media?parent=1890"}],"wp:term":[{"taxonomy":"category","embeddable":true,"href":"https:\/\/altisk-mlak.edu.hu\/index.php\/wp-json\/wp\/v2\/categories?post=1890"},{"taxonomy":"post_tag","embeddable":true,"href":"https:\/\/altisk-mlak.edu.hu\/index.php\/wp-json\/wp\/v2\/tags?post=1890"}],"curies":[{"name":"wp","href":"https:\/\/api.w.org\/{rel}","templated":true}]}}