{"id":1896,"date":"2024-01-15T08:42:31","date_gmt":"2024-01-15T08:42:31","guid":{"rendered":"https:\/\/altisk-mlak.edu.hu\/?p=1896"},"modified":"2024-01-15T08:42:39","modified_gmt":"2024-01-15T08:42:39","slug":"a-jovo-iskolakertje","status":"publish","type":"post","link":"https:\/\/altisk-mlak.edu.hu\/index.php\/a-jovo-iskolakertje\/","title":{"rendered":"A j\u00f6v\u0151 iskolakertje"},"content":{"rendered":"<p align=\"justify\"><span style=\"font-size: medium;\">skol\u00e1nk 7. oszt\u00e1lyos tanul\u00f3i egy csodasz\u00e9p alkot\u00e1st ny\u00fajtottak be \u201eAz Iskolakertek\u00e9rt Alap\u00edtv\u00e1ny\u201d \u00e9s a \u201eGr\u00e1nit Bank\u201d k\u00f6z\u00f6s p\u00e1ly\u00e1zat\u00e1ra, melyet iskolakertet m\u0171k\u00f6dtet\u0151 k\u00f6z\u00f6ss\u00e9gek sz\u00e1m\u00e1ra \u00edrtak ki. Magyarlak-Cs\u00f6r\u00f6tnek \u00c1ltal\u00e1nos Iskol\u00e1ban m\u00e1r nagy m\u00faltja van a gyakorl\u00f3kerti m\u0171vel\u00e9snek. 2013-ban az \u00f6koiskolai munkak\u00f6z\u00f6ss\u00e9g \u00e9lesztette fel a tev\u00e9kenys\u00e9get, ma m\u00e1r 100 m<\/span><span style=\"font-size: medium;\">\u00b2<\/span><span style=\"font-size: medium;\">-nyi ter\u00fcleten gazd\u00e1lkodnak a tanul\u00f3k technika\u00f3ra keret\u00e9ben. A Doncsecz Vikt\u00f3ria, Horv\u00e1th Judit, Horv\u00e1th Katinka, J\u00f3zsi J\u00e1zmin, Kakas Vanessza Hajnalka alkotta csapat a mostani kert tov\u00e1bbfejlesztett v\u00e1ltozat\u00e1t \u00e1lmodta meg rajz form\u00e1j\u00e1ban.<\/span><\/p>\n<p align=\"justify\"><img fetchpriority=\"high\" decoding=\"async\" class=\"aligncenter size-large wp-image-1897\" src=\"https:\/\/altisk-mlak.edu.hu\/wp-content\/uploads\/2024\/01\/iskolakert-1024x540.png\" alt=\"\" width=\"604\" height=\"319\" srcset=\"https:\/\/altisk-mlak.edu.hu\/wp-content\/uploads\/2024\/01\/iskolakert-1024x540.png 1024w, https:\/\/altisk-mlak.edu.hu\/wp-content\/uploads\/2024\/01\/iskolakert-300x158.png 300w, https:\/\/altisk-mlak.edu.hu\/wp-content\/uploads\/2024\/01\/iskolakert-768x405.png 768w, https:\/\/altisk-mlak.edu.hu\/wp-content\/uploads\/2024\/01\/iskolakert-600x317.png 600w, https:\/\/altisk-mlak.edu.hu\/wp-content\/uploads\/2024\/01\/iskolakert.png 1107w\" sizes=\"(max-width: 604px) 100vw, 604px\" \/><\/p>\n<p align=\"justify\"><span style=\"font-size: medium;\"> Ig\u00e9nyesen, nagy gondoss\u00e1ggal elk\u00e9sz\u00edtett p\u00e1lyam\u0171v\u00fck elnyerte a szakmai zs\u0171ri tetsz\u00e9s\u00e9t, \u00e9s beker\u00fclt a k\u00f6zelj\u00f6v\u0151ben megjelen\u0151 kiadv\u00e1nyba, mely a leg\u00e9rt\u00e9kesebbnek \u00edt\u00e9lt \u00fczeneteket tartalmazza. K\u00f6sz\u00f6nj\u00fck sz\u00e9pen a gyermekek \u00f6tleteit, \u00e9rt\u00e9kes gondolatait \u00e9s Kov\u00e1cs Zsuzsanna tan\u00e1rn\u0151 felk\u00e9sz\u00edt\u0151 munk\u00e1j\u00e1t! B\u00fcszk\u00e9k vagyunk R\u00e1tok!<\/span><\/p>\n<p style=\"text-align: right;\"><em><span style=\"font-size: medium;\">Mezein\u00e9 Kiss Katalin<\/span><\/em><\/p>\n","protected":false},"excerpt":{"rendered":"<p>skol\u00e1nk 7. oszt\u00e1lyos tanul\u00f3i egy csodasz\u00e9p alkot\u00e1st ny\u00fajtottak be \u201eAz Iskolakertek\u00e9rt Alap\u00edtv\u00e1ny\u201d \u00e9s a \u201eGr\u00e1nit Bank\u201d k\u00f6z\u00f6s p\u00e1ly\u00e1zat\u00e1ra, melyet iskolakertet m\u0171k\u00f6dtet\u0151 k\u00f6z\u00f6ss\u00e9gek sz\u00e1m\u00e1ra \u00edrtak ki. Magyarlak-Cs\u00f6r\u00f6tnek \u00c1ltal\u00e1nos Iskol\u00e1ban m\u00e1r nagy m\u00faltja van<a class=\"moretag\" href=\"https:\/\/altisk-mlak.edu.hu\/index.php\/a-jovo-iskolakertje\/\">Read More&#8230;<\/a><\/p>\n","protected":false},"author":3,"featured_media":0,"comment_status":"closed","ping_status":"closed","sticky":false,"template":"","format":"standard","meta":{"two_page_speed":[],"footnotes":""},"categories":[1],"tags":[],"class_list":["post-1896","post","type-post","status-publish","format-standard","hentry","category-egyeb"],"_links":{"self":[{"href":"https:\/\/altisk-mlak.edu.hu\/index.php\/wp-json\/wp\/v2\/posts\/1896","targetHints":{"allow":["GET"]}}],"collection":[{"href":"https:\/\/altisk-mlak.edu.hu\/index.php\/wp-json\/wp\/v2\/posts"}],"about":[{"href":"https:\/\/altisk-mlak.edu.hu\/index.php\/wp-json\/wp\/v2\/types\/post"}],"author":[{"embeddable":true,"href":"https:\/\/altisk-mlak.edu.hu\/index.php\/wp-json\/wp\/v2\/users\/3"}],"replies":[{"embeddable":true,"href":"https:\/\/altisk-mlak.edu.hu\/index.php\/wp-json\/wp\/v2\/comments?post=1896"}],"version-history":[{"count":1,"href":"https:\/\/altisk-mlak.edu.hu\/index.php\/wp-json\/wp\/v2\/posts\/1896\/revisions"}],"predecessor-version":[{"id":1898,"href":"https:\/\/altisk-mlak.edu.hu\/index.php\/wp-json\/wp\/v2\/posts\/1896\/revisions\/1898"}],"wp:attachment":[{"href":"https:\/\/altisk-mlak.edu.hu\/index.php\/wp-json\/wp\/v2\/media?parent=1896"}],"wp:term":[{"taxonomy":"category","embeddable":true,"href":"https:\/\/altisk-mlak.edu.hu\/index.php\/wp-json\/wp\/v2\/categories?post=1896"},{"taxonomy":"post_tag","embeddable":true,"href":"https:\/\/altisk-mlak.edu.hu\/index.php\/wp-json\/wp\/v2\/tags?post=1896"}],"curies":[{"name":"wp","href":"https:\/\/api.w.org\/{rel}","templated":true}]}}