{"id":1900,"date":"2024-01-18T12:36:57","date_gmt":"2024-01-18T12:36:57","guid":{"rendered":"https:\/\/altisk-mlak.edu.hu\/?p=1900"},"modified":"2024-01-18T12:37:13","modified_gmt":"2024-01-18T12:37:13","slug":"kiralylanyok-es-kiralyfiak-vagyunk","status":"publish","type":"post","link":"https:\/\/altisk-mlak.edu.hu\/index.php\/kiralylanyok-es-kiralyfiak-vagyunk\/","title":{"rendered":"\u201e\u2026kir\u00e1lyl\u00e1nyok \u00e9s kir\u00e1lyfiak vagyunk\u2026\u201d"},"content":{"rendered":"<p align=\"justify\"><span lang=\"hu-HU\">Janu\u00e1r 15-\u00e9n, h\u00e9tf\u0151n a Magyarlak-Cs\u00f6r\u00f6tnek \u00c1ltal\u00e1nos Iskola aul\u00e1j\u00e1ban mutatta be Gyula atya a 2024. \u00e9v els\u0151 iskolamis\u00e9j\u00e9t, amelyen \u00c1rp\u00e1d-h\u00e1zi Szent Margitr\u00f3l eml\u00e9kezt\u00fcnk meg. Nagy \u00f6r\u00f6m\u00fcnkre iskol\u00e1nk tanul\u00f3i \u00e9s tan\u00e1rai k\u00f6z\u00f6tt \u00fajra \u00e9s \u00fajra felt\u0171nik egy-egy sz\u00fcl\u0151, nagysz\u00fcl\u0151, kisebb testv\u00e9r.<\/span><\/p>\n<p align=\"justify\"><img fetchpriority=\"high\" decoding=\"async\" class=\"aligncenter size-large wp-image-1901\" src=\"https:\/\/altisk-mlak.edu.hu\/wp-content\/uploads\/2024\/01\/IMG_20240115_162639-1024x783.jpg\" alt=\"\" width=\"604\" height=\"462\" srcset=\"https:\/\/altisk-mlak.edu.hu\/wp-content\/uploads\/2024\/01\/IMG_20240115_162639-1024x783.jpg 1024w, https:\/\/altisk-mlak.edu.hu\/wp-content\/uploads\/2024\/01\/IMG_20240115_162639-300x229.jpg 300w, https:\/\/altisk-mlak.edu.hu\/wp-content\/uploads\/2024\/01\/IMG_20240115_162639-768x587.jpg 768w, https:\/\/altisk-mlak.edu.hu\/wp-content\/uploads\/2024\/01\/IMG_20240115_162639-1536x1175.jpg 1536w, https:\/\/altisk-mlak.edu.hu\/wp-content\/uploads\/2024\/01\/IMG_20240115_162639-2048x1566.jpg 2048w, https:\/\/altisk-mlak.edu.hu\/wp-content\/uploads\/2024\/01\/IMG_20240115_162639-600x459.jpg 600w\" sizes=\"(max-width: 604px) 100vw, 604px\" \/><\/p>\n<p align=\"justify\"><span lang=\"hu-HU\">A szentmise kezd\u0151\u00e9neke a magyar szenteket \u00e1ll\u00edtotta p\u00e9ldak\u00e9p\u00fcl el\u00e9nk, \u00e9s Magyarorsz\u00e1g\u00e9rt k\u00e9rt\u00fck Istent: \u201eIsten, haz\u00e1nk\u00e9rt t\u00e9rdel\u00fcnk el\u0151dbe\u2026\u201d. A szentleck\u00e9t Mesics Patr\u00edcia, 6. oszt\u00e1lyos, az egyetemes k\u00f6ny\u00f6rg\u00e9seket Magyar Levente \u00e9s Kakas Levente 4. oszt\u00e1lyos tanul\u00f3 olvasta fel sz\u00e9pen, \u00e9rthet\u0151en, b\u00e1tran. <\/span><\/p>\n<p align=\"justify\"><img decoding=\"async\" class=\"aligncenter size-full wp-image-1902\" src=\"https:\/\/altisk-mlak.edu.hu\/wp-content\/uploads\/2024\/01\/IMG_20240115_163021.jpg\" alt=\"\" width=\"865\" height=\"1019\" srcset=\"https:\/\/altisk-mlak.edu.hu\/wp-content\/uploads\/2024\/01\/IMG_20240115_163021.jpg 865w, https:\/\/altisk-mlak.edu.hu\/wp-content\/uploads\/2024\/01\/IMG_20240115_163021-255x300.jpg 255w, https:\/\/altisk-mlak.edu.hu\/wp-content\/uploads\/2024\/01\/IMG_20240115_163021-768x905.jpg 768w, https:\/\/altisk-mlak.edu.hu\/wp-content\/uploads\/2024\/01\/IMG_20240115_163021-509x600.jpg 509w\" sizes=\"(max-width: 865px) 100vw, 865px\" \/><\/p>\n<p align=\"justify\"><span lang=\"hu-HU\">Gyula atya a pr\u00e9dik\u00e1ci\u00f3j\u00e1ban arr\u00f3l besz\u00e9lt, hogy Szent Margit sz\u00fclei, IV. B\u00e9la kir\u00e1ly, \u00e9s feles\u00e9ge a tat\u00e1rj\u00e1r\u00e1s idej\u00e9n a sz\u00e1mukra leg\u00e9rt\u00e9kesebbet, legbecsesebbet, saj\u00e1t gyermek\u00fcket aj\u00e1nlott\u00e1k fel Istennek, hogy Magyarorsz\u00e1g megmenek\u00fclj\u00f6n a teljes pusztul\u00e1st\u00f3l. A gyermek neve, a Margit n\u00e9v is ezt a sz\u00e1nd\u00e9kot fejezi ki, hiszen a jelent\u00e9se: gy\u00f6ngy. Szent Margit teljes sz\u00edv\u00e9vel \u00e9s akarat\u00e1val elfogadta sz\u00fclei felaj\u00e1nl\u00e1s\u00e1t m\u00e9g akkor is, amikor a k\u00e9s\u0151bb be\u00e1llt, m\u00e1r stabilnak t\u0171n\u0151 b\u00e9k\u00e9ben \u00e9desapja ett\u0151l el akarta \u0151t t\u00e1ntor\u00edtani. Gyula atya r\u00e1mutatott, hogy h\u00e1rom dologban k\u00f6vethetj\u00fck \u00c1rp\u00e1d-h\u00e1zi Szent Margit p\u00e9ld\u00e1j\u00e1t:<\/span><\/p>\n<p align=\"justify\"><span lang=\"hu-HU\"> 1. Amikor im\u00e1dkozunk, amikor vas\u00e1rnap templomba megy\u00fcnk, Isten \u00f6r\u00f6mt\u0151l ragyog\u00f3 tekintete nyugszik rajtunk.<br \/>\n<\/span><span lang=\"hu-HU\">2. Amikor m\u00e1soknak seg\u00edts\u00e9g\u00e9re vagyunk, embert\u00e1rsunk \u00f6r\u00f6mt\u0151l ragyog\u00f3 tekintete n\u00e9z r\u00e1nk.<br \/>\n3. Mindannyiunknak val\u00f3s\u00e1gos kir\u00e1lyi m\u00e9lt\u00f3s\u00e1gunk van, kir\u00e1lyl\u00e1nyok \u00e9s kir\u00e1lyfiak vagyunk \u2013 hiszen Istennek, a mindens\u00e9g kir\u00e1ly\u00e1nak gyermekei vagyunk. <\/span><\/p>\n<p align=\"justify\"><span lang=\"hu-HU\">A szentmise v\u00e9g\u00e9n Gyula atya meg\u00e1ldotta az iskola \u00e9p\u00fclet\u00e9t, hogy azt Isten kegyelme \u00e9s az angyalok jelenl\u00e9te t\u00f6ltse be, bel\u0151le minden rossz t\u0171nj\u00f6n el, hogy minden pillanatban Isten f\u00e9ny\u00e9ben j\u00e1rhassunk, minden j\u00f3t megtegy\u00fcnk, minden rosszat elker\u00fclj\u00fcnk. A z\u00e1r\u00f3\u00e9nekben a Szenth\u00e1roms\u00e1g \u00e1ld\u00e1s\u00e1t k\u00e9rt\u00fcnk mindny\u00e1junkra: \u201e\u00c1ldjon meg minket \u00f6r\u00f6k Atyaisten\u2026\u201d<\/span><\/p>\n","protected":false},"excerpt":{"rendered":"<p>Janu\u00e1r 15-\u00e9n, h\u00e9tf\u0151n a Magyarlak-Cs\u00f6r\u00f6tnek \u00c1ltal\u00e1nos Iskola aul\u00e1j\u00e1ban mutatta be Gyula atya a 2024. \u00e9v els\u0151 iskolamis\u00e9j\u00e9t, amelyen \u00c1rp\u00e1d-h\u00e1zi Szent Margitr\u00f3l eml\u00e9kezt\u00fcnk meg. Nagy \u00f6r\u00f6m\u00fcnkre iskol\u00e1nk tanul\u00f3i \u00e9s tan\u00e1rai k\u00f6z\u00f6tt \u00fajra \u00e9s<a class=\"moretag\" href=\"https:\/\/altisk-mlak.edu.hu\/index.php\/kiralylanyok-es-kiralyfiak-vagyunk\/\">Read More&#8230;<\/a><\/p>\n","protected":false},"author":3,"featured_media":0,"comment_status":"closed","ping_status":"closed","sticky":false,"template":"","format":"standard","meta":{"two_page_speed":[],"footnotes":""},"categories":[1],"tags":[],"class_list":["post-1900","post","type-post","status-publish","format-standard","hentry","category-egyeb"],"_links":{"self":[{"href":"https:\/\/altisk-mlak.edu.hu\/index.php\/wp-json\/wp\/v2\/posts\/1900","targetHints":{"allow":["GET"]}}],"collection":[{"href":"https:\/\/altisk-mlak.edu.hu\/index.php\/wp-json\/wp\/v2\/posts"}],"about":[{"href":"https:\/\/altisk-mlak.edu.hu\/index.php\/wp-json\/wp\/v2\/types\/post"}],"author":[{"embeddable":true,"href":"https:\/\/altisk-mlak.edu.hu\/index.php\/wp-json\/wp\/v2\/users\/3"}],"replies":[{"embeddable":true,"href":"https:\/\/altisk-mlak.edu.hu\/index.php\/wp-json\/wp\/v2\/comments?post=1900"}],"version-history":[{"count":1,"href":"https:\/\/altisk-mlak.edu.hu\/index.php\/wp-json\/wp\/v2\/posts\/1900\/revisions"}],"predecessor-version":[{"id":1903,"href":"https:\/\/altisk-mlak.edu.hu\/index.php\/wp-json\/wp\/v2\/posts\/1900\/revisions\/1903"}],"wp:attachment":[{"href":"https:\/\/altisk-mlak.edu.hu\/index.php\/wp-json\/wp\/v2\/media?parent=1900"}],"wp:term":[{"taxonomy":"category","embeddable":true,"href":"https:\/\/altisk-mlak.edu.hu\/index.php\/wp-json\/wp\/v2\/categories?post=1900"},{"taxonomy":"post_tag","embeddable":true,"href":"https:\/\/altisk-mlak.edu.hu\/index.php\/wp-json\/wp\/v2\/tags?post=1900"}],"curies":[{"name":"wp","href":"https:\/\/api.w.org\/{rel}","templated":true}]}}