{"id":1904,"date":"2024-01-18T12:45:23","date_gmt":"2024-01-18T12:45:23","guid":{"rendered":"https:\/\/altisk-mlak.edu.hu\/?p=1904"},"modified":"2024-01-22T07:24:44","modified_gmt":"2024-01-22T07:24:44","slug":"krisztian-bronzerme","status":"publish","type":"post","link":"https:\/\/altisk-mlak.edu.hu\/index.php\/krisztian-bronzerme\/","title":{"rendered":"Kriszti\u00e1n bronz\u00e9rme"},"content":{"rendered":"<p align=\"justify\">2023. december 27-\u00e9n imm\u00e1ron sokadik alkalommal a Szentgotth\u00e1rdi Asztalitenisz Sportegyes\u00fclet ism\u00e9t megrendezte hagyom\u00e1nyos \u00e9vz\u00e1r\u00f3 verseny\u00e9t. A verseny helysz\u00edne hagyom\u00e1nyosan a III. B\u00e9la Technikum \u00e9s Koll\u00e9gium volt. Kiemelked\u0151 r\u00e9sztvev\u0151 sz\u00e1mmal, t\u00f6bb mint 60 versenyz\u0151 \u00e9rkezett a v\u00e1rmegy\u00e9b\u0151l az amat\u0151r \u00e9s ny\u00edlt kateg\u00f3ri\u00e1kban szervezett megm\u00e9rettet\u00e9sre, melyen ifj\u00fas\u00e1gi \u00e9s feln\u0151tt szinten eg\u00e9sz nap folytak a k\u00fczdelmek.<\/p>\n<p align=\"justify\">Ebben az \u00e9vben iskol\u00e1nk tanul\u00f3ja az 5. oszt\u00e1lyos Kakas Kriszti\u00e1n is benevezett a versenyre, mert ebben az \u00e9vben rendszeresen j\u00e1rt az iskolai pingpong szakk\u00f6rre \u00e9s k\u00edv\u00e1ncsi volt, hol tart tud\u00e1sban \u00e9s felk\u00e9sz\u00fclts\u00e9gben a v\u00e1rmegye hasonl\u00f3 kor\u00fa fiataljaihoz k\u00e9pest. N\u00e9h\u00e1ny j\u00f3 meccs ut\u00e1n a 3. helyez\u00e9st szerezte meg t\u00f6bb fiatallal egy\u00fctt, de a c\u00e9lj\u00e1t \u00edgy is magasan teljes\u00edtette, hiszen els\u0151sorban l\u00e1tni \u00e9s tapasztalni indult a versenyre.<\/p>\n<p align=\"justify\"><img fetchpriority=\"high\" decoding=\"async\" class=\"aligncenter size-large wp-image-1906\" src=\"https:\/\/altisk-mlak.edu.hu\/wp-content\/uploads\/2024\/01\/20240116_075642-768x1024.jpg\" alt=\"\" width=\"604\" height=\"805\" srcset=\"https:\/\/altisk-mlak.edu.hu\/wp-content\/uploads\/2024\/01\/20240116_075642-768x1024.jpg 768w, https:\/\/altisk-mlak.edu.hu\/wp-content\/uploads\/2024\/01\/20240116_075642-225x300.jpg 225w, https:\/\/altisk-mlak.edu.hu\/wp-content\/uploads\/2024\/01\/20240116_075642-1152x1536.jpg 1152w, https:\/\/altisk-mlak.edu.hu\/wp-content\/uploads\/2024\/01\/20240116_075642-450x600.jpg 450w, https:\/\/altisk-mlak.edu.hu\/wp-content\/uploads\/2024\/01\/20240116_075642.jpg 1500w\" sizes=\"(max-width: 604px) 100vw, 604px\" \/><\/p>\n<p align=\"justify\">Az ifj\u00fas\u00e1gi versenyt n\u00e1la id\u0151sebb, 14 \u00e9ves kort\u00e1rsa nyerte, aki m\u00e1r \u00e9vek \u00f3ta asztaliteniszezik. Kriszti\u00e1n az \u00e9len v\u00e9gz\u0151kkel val\u00f3 j\u00e1t\u00e9kok sor\u00e1n komoly tapasztalatokat szerzett ebben a nagyszer\u0171 sport\u00e1gban, egy\u00fattal kijel\u00f6lte sz\u00e1m\u00e1ra a c\u00e9lt, ahov\u00e1 maga is szeretne eljutni. \u00cdg\u00e9rete szerint a felk\u00e9sz\u00fcl\u00e9st szeretn\u00e9 folytatni, de csak a \u201ej\u00f3 tanul\u00f3, j\u00f3 sportol\u00f3\u201d elveknek megfelel\u0151en.<\/p>\n<p align=\"justify\">Felk\u00e9sz\u00edt\u0151 tan\u00e1ra M\u00e9h\u00e9sz Zolt\u00e1n, aki maga is a Szentgotth\u00e1rdi Asztalitenisz SE tagja.<\/p>\n<p align=\"justify\"><img decoding=\"async\" class=\"aligncenter size-large wp-image-1905\" src=\"https:\/\/altisk-mlak.edu.hu\/wp-content\/uploads\/2024\/01\/20240116_122748-768x1024.jpg\" alt=\"\" width=\"604\" height=\"805\" srcset=\"https:\/\/altisk-mlak.edu.hu\/wp-content\/uploads\/2024\/01\/20240116_122748-768x1024.jpg 768w, https:\/\/altisk-mlak.edu.hu\/wp-content\/uploads\/2024\/01\/20240116_122748-225x300.jpg 225w, https:\/\/altisk-mlak.edu.hu\/wp-content\/uploads\/2024\/01\/20240116_122748-1152x1536.jpg 1152w, https:\/\/altisk-mlak.edu.hu\/wp-content\/uploads\/2024\/01\/20240116_122748-450x600.jpg 450w, https:\/\/altisk-mlak.edu.hu\/wp-content\/uploads\/2024\/01\/20240116_122748.jpg 1500w\" sizes=\"(max-width: 604px) 100vw, 604px\" \/><\/p>\n<p style=\"text-align: right;\" align=\"justify\"><em>M\u00e9h\u00e9sz Zolt\u00e1n<\/em><\/p>\n","protected":false},"excerpt":{"rendered":"<p>2023. december 27-\u00e9n imm\u00e1ron sokadik alkalommal a Szentgotth\u00e1rdi Asztalitenisz Sportegyes\u00fclet ism\u00e9t megrendezte hagyom\u00e1nyos \u00e9vz\u00e1r\u00f3 verseny\u00e9t. A verseny helysz\u00edne hagyom\u00e1nyosan a III. B\u00e9la Technikum \u00e9s Koll\u00e9gium volt. Kiemelked\u0151 r\u00e9sztvev\u0151 sz\u00e1mmal, t\u00f6bb mint 60<a class=\"moretag\" href=\"https:\/\/altisk-mlak.edu.hu\/index.php\/krisztian-bronzerme\/\">Read More&#8230;<\/a><\/p>\n","protected":false},"author":3,"featured_media":0,"comment_status":"closed","ping_status":"closed","sticky":false,"template":"","format":"standard","meta":{"two_page_speed":[],"footnotes":""},"categories":[1],"tags":[],"class_list":["post-1904","post","type-post","status-publish","format-standard","hentry","category-egyeb"],"_links":{"self":[{"href":"https:\/\/altisk-mlak.edu.hu\/index.php\/wp-json\/wp\/v2\/posts\/1904","targetHints":{"allow":["GET"]}}],"collection":[{"href":"https:\/\/altisk-mlak.edu.hu\/index.php\/wp-json\/wp\/v2\/posts"}],"about":[{"href":"https:\/\/altisk-mlak.edu.hu\/index.php\/wp-json\/wp\/v2\/types\/post"}],"author":[{"embeddable":true,"href":"https:\/\/altisk-mlak.edu.hu\/index.php\/wp-json\/wp\/v2\/users\/3"}],"replies":[{"embeddable":true,"href":"https:\/\/altisk-mlak.edu.hu\/index.php\/wp-json\/wp\/v2\/comments?post=1904"}],"version-history":[{"count":1,"href":"https:\/\/altisk-mlak.edu.hu\/index.php\/wp-json\/wp\/v2\/posts\/1904\/revisions"}],"predecessor-version":[{"id":1908,"href":"https:\/\/altisk-mlak.edu.hu\/index.php\/wp-json\/wp\/v2\/posts\/1904\/revisions\/1908"}],"wp:attachment":[{"href":"https:\/\/altisk-mlak.edu.hu\/index.php\/wp-json\/wp\/v2\/media?parent=1904"}],"wp:term":[{"taxonomy":"category","embeddable":true,"href":"https:\/\/altisk-mlak.edu.hu\/index.php\/wp-json\/wp\/v2\/categories?post=1904"},{"taxonomy":"post_tag","embeddable":true,"href":"https:\/\/altisk-mlak.edu.hu\/index.php\/wp-json\/wp\/v2\/tags?post=1904"}],"curies":[{"name":"wp","href":"https:\/\/api.w.org\/{rel}","templated":true}]}}