{"id":1909,"date":"2024-01-22T07:37:42","date_gmt":"2024-01-22T07:37:42","guid":{"rendered":"https:\/\/altisk-mlak.edu.hu\/?p=1909"},"modified":"2024-01-22T08:57:18","modified_gmt":"2024-01-22T08:57:18","slug":"latogatas-szlovakiaban","status":"publish","type":"post","link":"https:\/\/altisk-mlak.edu.hu\/index.php\/latogatas-szlovakiaban\/","title":{"rendered":"L\u00e1togat\u00e1s Szlov\u00e1ki\u00e1ban"},"content":{"rendered":"<p style=\"text-align: justify;\"><img fetchpriority=\"high\" decoding=\"async\" class=\"alignright wp-image-1917 size-medium\" src=\"https:\/\/altisk-mlak.edu.hu\/wp-content\/uploads\/2024\/01\/s1-300x225.jpg\" alt=\"\" width=\"300\" height=\"225\" srcset=\"https:\/\/altisk-mlak.edu.hu\/wp-content\/uploads\/2024\/01\/s1-300x225.jpg 300w, https:\/\/altisk-mlak.edu.hu\/wp-content\/uploads\/2024\/01\/s1-1024x768.jpg 1024w, https:\/\/altisk-mlak.edu.hu\/wp-content\/uploads\/2024\/01\/s1-768x576.jpg 768w, https:\/\/altisk-mlak.edu.hu\/wp-content\/uploads\/2024\/01\/s1-1536x1152.jpg 1536w, https:\/\/altisk-mlak.edu.hu\/wp-content\/uploads\/2024\/01\/s1-600x450.jpg 600w, https:\/\/altisk-mlak.edu.hu\/wp-content\/uploads\/2024\/01\/s1.jpg 2040w\" sizes=\"(max-width: 300px) 100vw, 300px\" \/>Dr. Sz\u00e9kely J\u00e1nos szombathelyi p\u00fcsp\u00f6k megtisztel\u0151 felk\u00e9r\u00e9s\u00e9re janu\u00e1r 17-\u00e9n l\u00e1togat\u00e1st tettem h\u00e1romf\u0151s k\u00fcld\u00f6tts\u00e9g tagjak\u00e9nt \u2013 Magyarlak-Cs\u00f6r\u00f6tnek \u00c1ltal\u00e1nos Iskol\u00e1t k\u00e9pviselve- a marcelh\u00e1zi Magyar Tan\u00edt\u00e1si Nyelv\u0171 Alapiskol\u00e1ban, ahol sok roma gyermek tanul.\u00a0 Utunk els\u0151 \u00e1llom\u00e1sa a Keresztel\u0151 Szent J\u00e1nos r\u00f3mai katolikus templom volt, ahol p\u00fcsp\u00f6k atya szentmis\u00e9t mutatott be az alapiskola tanul\u00f3inak, dolgoz\u00f3inak \u00e9s a helyi lakoss\u00e1gnak.<\/p>\n<table style=\"border-collapse: collapse; width: 100%;\">\n<tbody>\n<tr>\n<td style=\"width: 50%;\"><img decoding=\"async\" class=\"aligncenter size-large wp-image-1916\" src=\"https:\/\/altisk-mlak.edu.hu\/wp-content\/uploads\/2024\/01\/s2-768x1024.jpg\" alt=\"\" width=\"604\" height=\"805\" srcset=\"https:\/\/altisk-mlak.edu.hu\/wp-content\/uploads\/2024\/01\/s2-768x1024.jpg 768w, https:\/\/altisk-mlak.edu.hu\/wp-content\/uploads\/2024\/01\/s2-225x300.jpg 225w, https:\/\/altisk-mlak.edu.hu\/wp-content\/uploads\/2024\/01\/s2-1152x1536.jpg 1152w, https:\/\/altisk-mlak.edu.hu\/wp-content\/uploads\/2024\/01\/s2-450x600.jpg 450w, https:\/\/altisk-mlak.edu.hu\/wp-content\/uploads\/2024\/01\/s2.jpg 1530w\" sizes=\"(max-width: 604px) 100vw, 604px\" \/><\/td>\n<td style=\"width: 50%;\"><img decoding=\"async\" class=\"aligncenter size-large wp-image-1915\" src=\"https:\/\/altisk-mlak.edu.hu\/wp-content\/uploads\/2024\/01\/s3-768x1024.jpg\" alt=\"\" width=\"604\" height=\"805\" srcset=\"https:\/\/altisk-mlak.edu.hu\/wp-content\/uploads\/2024\/01\/s3-768x1024.jpg 768w, https:\/\/altisk-mlak.edu.hu\/wp-content\/uploads\/2024\/01\/s3-225x300.jpg 225w, https:\/\/altisk-mlak.edu.hu\/wp-content\/uploads\/2024\/01\/s3-1152x1536.jpg 1152w, https:\/\/altisk-mlak.edu.hu\/wp-content\/uploads\/2024\/01\/s3-450x600.jpg 450w, https:\/\/altisk-mlak.edu.hu\/wp-content\/uploads\/2024\/01\/s3.jpg 1530w\" sizes=\"(max-width: 604px) 100vw, 604px\" \/><\/td>\n<\/tr>\n<\/tbody>\n<\/table>\n<p style=\"text-align: justify;\"><img loading=\"lazy\" decoding=\"async\" class=\"alignleft wp-image-1914 size-medium\" src=\"https:\/\/altisk-mlak.edu.hu\/wp-content\/uploads\/2024\/01\/s4-225x300.jpg\" alt=\"\" width=\"225\" height=\"300\" srcset=\"https:\/\/altisk-mlak.edu.hu\/wp-content\/uploads\/2024\/01\/s4-225x300.jpg 225w, https:\/\/altisk-mlak.edu.hu\/wp-content\/uploads\/2024\/01\/s4-768x1024.jpg 768w, https:\/\/altisk-mlak.edu.hu\/wp-content\/uploads\/2024\/01\/s4-1152x1536.jpg 1152w, https:\/\/altisk-mlak.edu.hu\/wp-content\/uploads\/2024\/01\/s4-450x600.jpg 450w, https:\/\/altisk-mlak.edu.hu\/wp-content\/uploads\/2024\/01\/s4.jpg 1530w\" sizes=\"(max-width: 225px) 100vw, 225px\" \/> Az egyh\u00e1zi vezet\u0151 szentbesz\u00e9d\u00e9ben Boldog Ceferino, a cig\u00e1nyok v\u00e9d\u0151szentj\u00e9nek \u00e9let\u00fatj\u00e1t \u00e9s h\u0151s cselekedeteit mutatta be \u00e9lvezetes t\u00f6rt\u00e9netek \u00fatj\u00e1n. K\u00f6vetend\u0151 p\u00e9ld\u00e1nak hozta fel Ceferino m\u00e9ly hit\u00e9t, \u00e9s felh\u00edvta a figyelmet a cig\u00e1ny kult\u00fara hagyom\u00e1nyos \u00e9rt\u00e9keire: a csal\u00e1d k\u00f6zponti szerep\u00e9re, a felt\u00e9tel n\u00e9lk\u00fcli befogad\u00e1sra \u00e9s az \u00e9let\u00f6r\u00f6mre.<\/p>\n<p>&nbsp;<\/p>\n<p>&nbsp;<\/p>\n<p>&nbsp;<\/p>\n<p style=\"text-align: justify;\">A szertart\u00e1st k\u00f6vet\u0151en az iskola aul\u00e1j\u00e1ban katek\u00e9zissel folytat\u00f3dott a program.<img loading=\"lazy\" decoding=\"async\" class=\"alignright wp-image-1913 size-medium\" src=\"https:\/\/altisk-mlak.edu.hu\/wp-content\/uploads\/2024\/01\/s5-e1705908656571-300x266.jpg\" alt=\"\" width=\"300\" height=\"266\" srcset=\"https:\/\/altisk-mlak.edu.hu\/wp-content\/uploads\/2024\/01\/s5-e1705908656571-300x266.jpg 300w, https:\/\/altisk-mlak.edu.hu\/wp-content\/uploads\/2024\/01\/s5-e1705908656571-1024x908.jpg 1024w, https:\/\/altisk-mlak.edu.hu\/wp-content\/uploads\/2024\/01\/s5-e1705908656571-768x681.jpg 768w, https:\/\/altisk-mlak.edu.hu\/wp-content\/uploads\/2024\/01\/s5-e1705908656571-600x532.jpg 600w, https:\/\/altisk-mlak.edu.hu\/wp-content\/uploads\/2024\/01\/s5-e1705908656571.jpg 1530w\" sizes=\"(max-width: 300px) 100vw, 300px\" \/> P\u00fcsp\u00f6k atya el\u0151ad\u00e1s\u00e1ban statisztikai adatokkal \u00e9s meghat\u00f3 diasorozattal szeml\u00e9ltette a cig\u00e1nyok helyzet\u00e9t. Kit\u00e9rt arra, hogy Magyarorsz\u00e1g Eur\u00f3pa egyik olyan szigete \u00e9vsz\u00e1zadok \u00f3ta, ahol keress\u00fck, \u00e9s sok esetben meg is tal\u00e1ljuk a cig\u00e1ny-nemcig\u00e1ny egy\u00fctt\u00e9l\u00e9s \u00fatjait, ahol a rom\u00e1k iskol\u00e1zotts\u00e1ga, foglalkoztatotts\u00e1ga az egyik legmagasabb. Szem\u00e9lyesen megtapasztalta, hogy a cig\u00e1ny testv\u00e9rekben rengeteg \u00e9rt\u00e9k van, \u00e9s ha szeretettel, tisztelettel \u00e9s hat\u00e1rozotts\u00e1ggal fordulunk fel\u00e9j\u00fck, akkor nagyon gyakran rengeteg szeretetet, megbecs\u00fcl\u00e9st, igyekezetet kapunk viszonz\u00e1sul. A t\u00f6bbs\u00e9gi t\u00e1rsadalom van k\u00f6nnyebb, el\u0151ny\u00f6sebb helyzetben, nek\u00fcnk kell megtenni \u00fajra \u00e9s \u00fajra a kezd\u0151 l\u00e9p\u00e9seket. Sz\u00fcks\u00e9g van t\u00fcrelemre, amely id\u0151t ad a m\u00e1siknak a korrekci\u00f3ra, az \u00e9vsz\u00e1zados h\u00e1tr\u00e1nyok lek\u00fczd\u00e9s\u00e9re.<\/p>\n<p style=\"text-align: justify;\"><img loading=\"lazy\" decoding=\"async\" class=\"alignleft wp-image-1912 size-medium\" src=\"https:\/\/altisk-mlak.edu.hu\/wp-content\/uploads\/2024\/01\/s6-e1705908889223-268x300.jpg\" alt=\"\" width=\"268\" height=\"300\" srcset=\"https:\/\/altisk-mlak.edu.hu\/wp-content\/uploads\/2024\/01\/s6-e1705908889223-268x300.jpg 268w, https:\/\/altisk-mlak.edu.hu\/wp-content\/uploads\/2024\/01\/s6-e1705908889223-768x859.jpg 768w, https:\/\/altisk-mlak.edu.hu\/wp-content\/uploads\/2024\/01\/s6-e1705908889223-536x600.jpg 536w, https:\/\/altisk-mlak.edu.hu\/wp-content\/uploads\/2024\/01\/s6-e1705908889223.jpg 890w\" sizes=\"(max-width: 268px) 100vw, 268px\" \/>P\u00fcsp\u00f6k aty\u00e1t k\u00f6vet\u0151en Orsos Zolt\u00e1n roma sz\u00e1rmaz\u00e1s\u00fa k\u00f3rh\u00e1zlelk\u00e9sz megb\u00e9lyegz\u00e9ssel \u00e9s neh\u00e9zs\u00e9gekkel teli \u00e9let\u00e9t mes\u00e9lte el a hallgat\u00f3s\u00e1gnak, aki ma m\u00e1r megtal\u00e1lta a hely\u00e9t a vil\u00e1gban. Azonban az \u00e9lete nem mindig volt olyan rendben, mint most. Csal\u00e1dja neh\u00e9z anyagi k\u00f6r\u00fclm\u00e9nyek k\u00f6z\u00f6tt \u00e9lt, \u00edgy elszak\u00edtott\u00e1k sz\u00fcleit\u0151l. Mindig is \u00e9rezte, hogy m\u00e1shogy n\u00e9znek r\u00e1, k\u00fcl\u00f6nb\u00f6zik k\u00f6rnyezet\u00e9t\u0151l. Sok b\u00e1nt\u00e1sban, megal\u00e1z\u00e1sban volt r\u00e9sze. Mindig is szeretett volna kit\u00f6rni, jav\u00edtani a k\u00f6r\u00fclm\u00e9nyein, ez\u00e9rt sokat tanult. K\u00f6z\u00e9piskol\u00e1s kor\u00e1ra hivat\u00e1sos nevel\u0151sz\u00fcl\u0151kh\u00f6z ker\u00fclt, \u0151k ismertett\u00e9k meg a vall\u00e1ssal. A templom utols\u00f3 padsor\u00e1b\u00f3l szinte egyenes \u00fat vezette az olt\u00e1rig. A szemin\u00e1riumban sem volt k\u00f6nny\u0171 dolga: eleinte papt\u00e1rsai nem fogadt\u00e1k j\u00f3 sz\u00edvvel, k\u00e9s\u0151bb sok esetben a h\u00edvek sem. De nem adta fel, megk\u00fczd\u00f6tt az el\u0151\u00edt\u00e9letekkel. Arra k\u00e9rte a gyerekeket, hogy soha ne adj\u00e1k fel az \u00e1lmaikat, k\u00fczdjenek a maguk m\u00f3dj\u00e1n, tanuljanak \u00e9s dolgozzanak becs\u00fcletesen, hogy sorsuk jobbra forduljon, \u00e9s k\u00e9rj\u00e9k hozz\u00e1 a j\u00f3 Isten seg\u00edts\u00e9g\u00e9t.<\/p>\n<p style=\"text-align: justify;\"><img loading=\"lazy\" decoding=\"async\" class=\"alignright wp-image-1910 size-medium\" src=\"https:\/\/altisk-mlak.edu.hu\/wp-content\/uploads\/2024\/01\/s8-300x225.jpg\" alt=\"\" width=\"300\" height=\"225\" srcset=\"https:\/\/altisk-mlak.edu.hu\/wp-content\/uploads\/2024\/01\/s8-300x225.jpg 300w, https:\/\/altisk-mlak.edu.hu\/wp-content\/uploads\/2024\/01\/s8-1024x768.jpg 1024w, https:\/\/altisk-mlak.edu.hu\/wp-content\/uploads\/2024\/01\/s8-768x576.jpg 768w, https:\/\/altisk-mlak.edu.hu\/wp-content\/uploads\/2024\/01\/s8-1536x1152.jpg 1536w, https:\/\/altisk-mlak.edu.hu\/wp-content\/uploads\/2024\/01\/s8-600x450.jpg 600w, https:\/\/altisk-mlak.edu.hu\/wp-content\/uploads\/2024\/01\/s8.jpg 2000w\" sizes=\"(max-width: 300px) 100vw, 300px\" \/>Orsos atya meghat\u00f3 besz\u00e9de ut\u00e1n k\u00f6vetkezett el\u0151ad\u00e1som. Sok-sok f\u00e9nyk\u00e9ppel sz\u00ednes\u00edtett bemutat\u00f3 seg\u00edts\u00e9g\u00e9vel mutattam be a Magyarlak-Cs\u00f6r\u00f6tnek \u00c1ltal\u00e1nos Iskol\u00e1ban foly\u00f3 munk\u00e1t. K\u00fcl\u00f6n kit\u00e9rtem arra, hogy az egyh\u00e1zi fenntart\u00e1s mennyi pozit\u00edv v\u00e1ltoz\u00e1st id\u00e9zett el\u0151 (az ima lecsendes\u00edt\u0151 hat\u00e1sa, iskolabusz-szolg\u00e1ltat\u00e1s, t\u00e1rgyi felt\u00e9telek javul\u00e1sa, kir\u00e1ndul\u00e1sok, zar\u00e1ndokutak stb.). B\u00fcszk\u00e9n sz\u00e1moltam be a pedag\u00f3gusok szem\u00e9lyre szabott oktat\u00e1si m\u00f3dszereir\u0151l, a gyakorlatias nevel\u00e9sr\u0151l, a v\u00e1ltozatos iskolai \u00e9s vall\u00e1si programokr\u00f3l, a p\u00e9ld\u00e1s \u00f6sszetart\u00e1sr\u00f3l. V\u00e9gezet\u00fcl \u00e9lett\u00f6rt\u00e9neteket mes\u00e9ltem el a gyerekeknek a k\u00fczd\u00e9sr\u0151l, a felt\u00e9tel n\u00e9lk\u00fcli, felebar\u00e1ti szeretetr\u0151l \u00e9s az elfogad\u00e1sr\u00f3l.<\/p>\n<p style=\"text-align: justify;\">Az el\u0151ad\u00e1sok ut\u00e1n szakmai besz\u00e9lget\u00e9sre ker\u00fclt sor, melyen Duka R\u00f3bert igazgat\u00f3, a nevel\u0151test\u00fclet k\u00e9pvisel\u0151i, valamint S\u00e1rk\u00f6zi J\u00e1nos, a \u201eRem\u00e9ny\u201d c. katolikus hetilap szerkeszt\u0151je is r\u00e9szt vett.<\/p>\n<p style=\"text-align: justify;\">H\u00e1latelt sz\u00edvvel k\u00f6sz\u00f6n\u00f6m a Szombathelyi Egyh\u00e1zmegy\u00e9nek, Dr. Sz\u00e9kely J\u00e1nos megy\u00e9sp\u00fcsp\u00f6k \u00darnak, hogy kis iskol\u00e1m k\u00e9pviselet\u00e9ben r\u00e9szt vehettem a szlov\u00e1kiai \u00faton, sok ismerettel, tapasztal\u00e1ssal, gy\u00f6ny\u00f6r\u0171 \u00e9lm\u00e9nyekkel \u00e9s \u00faj bar\u00e1ts\u00e1gokkal gazdagodva t\u00e9rtem haza.\u00a0 Ez a megtisztel\u0151 felk\u00e9r\u00e9s m\u00e9g ink\u00e1bb meger\u0151s\u00edtett k\u00fcldet\u00e9semben, hogy tov\u00e1bb munk\u00e1lkodjam a roma gyermekek\u00e9rt, sorsuk jobbra fordul\u00e1s\u00e1\u00e9rt, \u00e9s m\u00e9g ink\u00e1bb felv\u00e1llaljam a felel\u0151ss\u00e9gemet az elfogad\u00e1s \u00e9s befogad\u00e1s r\u00f6g\u00f6s \u00fatj\u00e1n.<\/p>\n<p style=\"text-align: right;\"><em>Mezein\u00e9 Kiss Katalin<\/em><\/p>\n","protected":false},"excerpt":{"rendered":"<p>Dr. Sz\u00e9kely J\u00e1nos szombathelyi p\u00fcsp\u00f6k megtisztel\u0151 felk\u00e9r\u00e9s\u00e9re janu\u00e1r 17-\u00e9n l\u00e1togat\u00e1st tettem h\u00e1romf\u0151s k\u00fcld\u00f6tts\u00e9g tagjak\u00e9nt \u2013 Magyarlak-Cs\u00f6r\u00f6tnek \u00c1ltal\u00e1nos Iskol\u00e1t k\u00e9pviselve- a marcelh\u00e1zi Magyar Tan\u00edt\u00e1si Nyelv\u0171 Alapiskol\u00e1ban, ahol sok roma gyermek tanul.\u00a0 Utunk els\u0151<a class=\"moretag\" href=\"https:\/\/altisk-mlak.edu.hu\/index.php\/latogatas-szlovakiaban\/\">Read More&#8230;<\/a><\/p>\n","protected":false},"author":3,"featured_media":0,"comment_status":"closed","ping_status":"closed","sticky":false,"template":"","format":"standard","meta":{"two_page_speed":[],"footnotes":""},"categories":[1],"tags":[],"class_list":["post-1909","post","type-post","status-publish","format-standard","hentry","category-egyeb"],"_links":{"self":[{"href":"https:\/\/altisk-mlak.edu.hu\/index.php\/wp-json\/wp\/v2\/posts\/1909","targetHints":{"allow":["GET"]}}],"collection":[{"href":"https:\/\/altisk-mlak.edu.hu\/index.php\/wp-json\/wp\/v2\/posts"}],"about":[{"href":"https:\/\/altisk-mlak.edu.hu\/index.php\/wp-json\/wp\/v2\/types\/post"}],"author":[{"embeddable":true,"href":"https:\/\/altisk-mlak.edu.hu\/index.php\/wp-json\/wp\/v2\/users\/3"}],"replies":[{"embeddable":true,"href":"https:\/\/altisk-mlak.edu.hu\/index.php\/wp-json\/wp\/v2\/comments?post=1909"}],"version-history":[{"count":1,"href":"https:\/\/altisk-mlak.edu.hu\/index.php\/wp-json\/wp\/v2\/posts\/1909\/revisions"}],"predecessor-version":[{"id":1918,"href":"https:\/\/altisk-mlak.edu.hu\/index.php\/wp-json\/wp\/v2\/posts\/1909\/revisions\/1918"}],"wp:attachment":[{"href":"https:\/\/altisk-mlak.edu.hu\/index.php\/wp-json\/wp\/v2\/media?parent=1909"}],"wp:term":[{"taxonomy":"category","embeddable":true,"href":"https:\/\/altisk-mlak.edu.hu\/index.php\/wp-json\/wp\/v2\/categories?post=1909"},{"taxonomy":"post_tag","embeddable":true,"href":"https:\/\/altisk-mlak.edu.hu\/index.php\/wp-json\/wp\/v2\/tags?post=1909"}],"curies":[{"name":"wp","href":"https:\/\/api.w.org\/{rel}","templated":true}]}}