{"id":1919,"date":"2024-01-22T09:04:25","date_gmt":"2024-01-22T09:04:25","guid":{"rendered":"https:\/\/altisk-mlak.edu.hu\/?p=1919"},"modified":"2024-01-22T11:11:16","modified_gmt":"2024-01-22T11:11:16","slug":"iskolai-betekinto-2","status":"publish","type":"post","link":"https:\/\/altisk-mlak.edu.hu\/index.php\/iskolai-betekinto-2\/","title":{"rendered":"Iskolai betekint\u0151"},"content":{"rendered":"<p><img fetchpriority=\"high\" decoding=\"async\" class=\"aligncenter wp-image-1920 size-medium\" src=\"https:\/\/altisk-mlak.edu.hu\/wp-content\/uploads\/2024\/01\/image1-300x216.png\" alt=\"\" width=\"300\" height=\"216\" srcset=\"https:\/\/altisk-mlak.edu.hu\/wp-content\/uploads\/2024\/01\/image1-300x216.png 300w, https:\/\/altisk-mlak.edu.hu\/wp-content\/uploads\/2024\/01\/image1-768x552.png 768w, https:\/\/altisk-mlak.edu.hu\/wp-content\/uploads\/2024\/01\/image1-600x431.png 600w, https:\/\/altisk-mlak.edu.hu\/wp-content\/uploads\/2024\/01\/image1.png 995w\" sizes=\"(max-width: 300px) 100vw, 300px\" \/><\/p>\n<h3 style=\"text-align: center;\"><span style=\"color: #ff0000;\"><b>Szeretettel h\u00edvjuk a nagycsoportos gyermekeket \u00e9s sz\u00fcleiket az iskolai betekint\u0151re 2024. febru\u00e1r 10-\u00e9n, szombaton. A program id\u0151tartama: 9.00-10.30 \u00f3ra.<\/b><\/span><\/h3>\n<h3 style=\"text-align: center;\">Mesesarok \u00e9s k\u00e9zm\u0171vesked\u00e9s, j\u00e1t\u00e9kos n\u00e9met foglalkoz\u00e1s, robotika, vitamintorna \u00e9s sulib\u00fcf\u00e9 v\u00e1rja az \u00e9rdekl\u0151d\u0151ket.<\/h3>\n<p style=\"text-align: center;\"><b>Szent Gotth\u00e1rd \u00c1ltal\u00e1nos Iskola \u00e9s Gimn\u00e1zium Magyarlak-Cs\u00f6r\u00f6tnek \u00c1ltal\u00e1nos Iskol\u00e1ja<\/b><\/p>\n<p style=\"text-align: center;\"><b>C\u00edm: 9963 Magyarlak, Kossuth Lajos \u00fat 236.<\/b><\/p>\n<p style=\"text-align: center;\"><b>Tov\u00e1bbi inform\u00e1ci\u00f3 az al\u00e1bbi telefonsz\u00e1mon k\u00e9rhet\u0151: (20) 997 3810<\/b><\/p>\n","protected":false},"excerpt":{"rendered":"<p>Szeretettel h\u00edvjuk a nagycsoportos gyermekeket \u00e9s sz\u00fcleiket az iskolai betekint\u0151re 2024. febru\u00e1r 10-\u00e9n, szombaton. A program id\u0151tartama: 9.00-10.30 \u00f3ra. Mesesarok \u00e9s k\u00e9zm\u0171vesked\u00e9s, j\u00e1t\u00e9kos n\u00e9met foglalkoz\u00e1s, robotika, vitamintorna \u00e9s sulib\u00fcf\u00e9 v\u00e1rja az \u00e9rdekl\u0151d\u0151ket.<a class=\"moretag\" href=\"https:\/\/altisk-mlak.edu.hu\/index.php\/iskolai-betekinto-2\/\">Read More&#8230;<\/a><\/p>\n","protected":false},"author":3,"featured_media":0,"comment_status":"closed","ping_status":"closed","sticky":false,"template":"","format":"standard","meta":{"two_page_speed":[],"footnotes":""},"categories":[1],"tags":[],"class_list":["post-1919","post","type-post","status-publish","format-standard","hentry","category-egyeb"],"_links":{"self":[{"href":"https:\/\/altisk-mlak.edu.hu\/index.php\/wp-json\/wp\/v2\/posts\/1919","targetHints":{"allow":["GET"]}}],"collection":[{"href":"https:\/\/altisk-mlak.edu.hu\/index.php\/wp-json\/wp\/v2\/posts"}],"about":[{"href":"https:\/\/altisk-mlak.edu.hu\/index.php\/wp-json\/wp\/v2\/types\/post"}],"author":[{"embeddable":true,"href":"https:\/\/altisk-mlak.edu.hu\/index.php\/wp-json\/wp\/v2\/users\/3"}],"replies":[{"embeddable":true,"href":"https:\/\/altisk-mlak.edu.hu\/index.php\/wp-json\/wp\/v2\/comments?post=1919"}],"version-history":[{"count":2,"href":"https:\/\/altisk-mlak.edu.hu\/index.php\/wp-json\/wp\/v2\/posts\/1919\/revisions"}],"predecessor-version":[{"id":1922,"href":"https:\/\/altisk-mlak.edu.hu\/index.php\/wp-json\/wp\/v2\/posts\/1919\/revisions\/1922"}],"wp:attachment":[{"href":"https:\/\/altisk-mlak.edu.hu\/index.php\/wp-json\/wp\/v2\/media?parent=1919"}],"wp:term":[{"taxonomy":"category","embeddable":true,"href":"https:\/\/altisk-mlak.edu.hu\/index.php\/wp-json\/wp\/v2\/categories?post=1919"},{"taxonomy":"post_tag","embeddable":true,"href":"https:\/\/altisk-mlak.edu.hu\/index.php\/wp-json\/wp\/v2\/tags?post=1919"}],"curies":[{"name":"wp","href":"https:\/\/api.w.org\/{rel}","templated":true}]}}