{"id":1923,"date":"2024-01-22T11:17:45","date_gmt":"2024-01-22T11:17:45","guid":{"rendered":"https:\/\/altisk-mlak.edu.hu\/?p=1923"},"modified":"2024-01-31T07:21:39","modified_gmt":"2024-01-31T07:21:39","slug":"magyar-kultura-napja-2","status":"publish","type":"post","link":"https:\/\/altisk-mlak.edu.hu\/index.php\/magyar-kultura-napja-2\/","title":{"rendered":"Magyar kult\u00fara napja"},"content":{"rendered":"<p style=\"text-align: justify;\">A magyar kult\u00fara napj\u00e1t \u00fcnnepelt\u00fck 2024. janu\u00e1r 22-\u00e9n, h\u00e9tf\u0151n. Az als\u00f3 tagozatos gyermekek elmondt\u00e1k a Himnusz els\u0151 versszak\u00e1t, a v\u00e9g\u00e9n k\u00f6z\u00f6sen el is \u00e9nekelt\u00fck, hiszen janu\u00e1r 22. a Himnuszunk sz\u00fclet\u00e9snapja is. A fels\u0151s di\u00e1kok Magyarorsz\u00e1g h\u00edress\u00e9geit, nevezetess\u00e9geit is tartalmaz\u00f3 kult\u00fart\u00f6rt\u00e9neti tot\u00f3t t\u00f6lt\u00f6ttek ki.<\/p>\n<p><img fetchpriority=\"high\" decoding=\"async\" class=\"aligncenter size-large wp-image-1924\" src=\"https:\/\/altisk-mlak.edu.hu\/wp-content\/uploads\/2024\/01\/Magyar_kultura_napja-768x1024.jpeg\" alt=\"\" width=\"604\" height=\"805\" srcset=\"https:\/\/altisk-mlak.edu.hu\/wp-content\/uploads\/2024\/01\/Magyar_kultura_napja-768x1024.jpeg 768w, https:\/\/altisk-mlak.edu.hu\/wp-content\/uploads\/2024\/01\/Magyar_kultura_napja-225x300.jpeg 225w, https:\/\/altisk-mlak.edu.hu\/wp-content\/uploads\/2024\/01\/Magyar_kultura_napja-1152x1536.jpeg 1152w, https:\/\/altisk-mlak.edu.hu\/wp-content\/uploads\/2024\/01\/Magyar_kultura_napja-450x600.jpeg 450w, https:\/\/altisk-mlak.edu.hu\/wp-content\/uploads\/2024\/01\/Magyar_kultura_napja.jpeg 1500w\" sizes=\"(max-width: 604px) 100vw, 604px\" \/><\/p>\n<p>Els\u0151 helyez\u00e9st \u00e9rt el: Mesits Patr\u00edcia Em\u00edlia 6. oszt\u00e1ly<\/p>\n<p>M\u00e1sodik lett: Horv\u00e1th Judit 7. oszt\u00e1ly<\/p>\n<p>Harmadik helyen v\u00e9gzett: Csicsai Emma 6. oszt\u00e1ly \u00e9s Doncsecs Vikt\u00f3ria 7. oszt\u00e1ly<\/p>\n<p>A j\u00f3l meg\u00e9rdemelt jutalmakat is \u00e1tvehett\u00e9k.\u00a0 K\u00f6sz\u00f6nj\u00fck a figyelmet \u00e9s a r\u00e9szv\u00e9telt!<\/p>\n<p style=\"text-align: right;\"><em>T\u00f3thn\u00e9 Tak\u00e1cs Hajnalka<\/em><\/p>\n","protected":false},"excerpt":{"rendered":"<p>A magyar kult\u00fara napj\u00e1t \u00fcnnepelt\u00fck 2024. janu\u00e1r 22-\u00e9n, h\u00e9tf\u0151n. Az als\u00f3 tagozatos gyermekek elmondt\u00e1k a Himnusz els\u0151 versszak\u00e1t, a v\u00e9g\u00e9n k\u00f6z\u00f6sen el is \u00e9nekelt\u00fck, hiszen janu\u00e1r 22. a Himnuszunk sz\u00fclet\u00e9snapja is. A<a class=\"moretag\" href=\"https:\/\/altisk-mlak.edu.hu\/index.php\/magyar-kultura-napja-2\/\">Read More&#8230;<\/a><\/p>\n","protected":false},"author":3,"featured_media":0,"comment_status":"closed","ping_status":"closed","sticky":false,"template":"","format":"standard","meta":{"two_page_speed":[],"footnotes":""},"categories":[1],"tags":[],"class_list":["post-1923","post","type-post","status-publish","format-standard","hentry","category-egyeb"],"_links":{"self":[{"href":"https:\/\/altisk-mlak.edu.hu\/index.php\/wp-json\/wp\/v2\/posts\/1923","targetHints":{"allow":["GET"]}}],"collection":[{"href":"https:\/\/altisk-mlak.edu.hu\/index.php\/wp-json\/wp\/v2\/posts"}],"about":[{"href":"https:\/\/altisk-mlak.edu.hu\/index.php\/wp-json\/wp\/v2\/types\/post"}],"author":[{"embeddable":true,"href":"https:\/\/altisk-mlak.edu.hu\/index.php\/wp-json\/wp\/v2\/users\/3"}],"replies":[{"embeddable":true,"href":"https:\/\/altisk-mlak.edu.hu\/index.php\/wp-json\/wp\/v2\/comments?post=1923"}],"version-history":[{"count":1,"href":"https:\/\/altisk-mlak.edu.hu\/index.php\/wp-json\/wp\/v2\/posts\/1923\/revisions"}],"predecessor-version":[{"id":1925,"href":"https:\/\/altisk-mlak.edu.hu\/index.php\/wp-json\/wp\/v2\/posts\/1923\/revisions\/1925"}],"wp:attachment":[{"href":"https:\/\/altisk-mlak.edu.hu\/index.php\/wp-json\/wp\/v2\/media?parent=1923"}],"wp:term":[{"taxonomy":"category","embeddable":true,"href":"https:\/\/altisk-mlak.edu.hu\/index.php\/wp-json\/wp\/v2\/categories?post=1923"},{"taxonomy":"post_tag","embeddable":true,"href":"https:\/\/altisk-mlak.edu.hu\/index.php\/wp-json\/wp\/v2\/tags?post=1923"}],"curies":[{"name":"wp","href":"https:\/\/api.w.org\/{rel}","templated":true}]}}