{"id":1927,"date":"2024-01-31T07:26:04","date_gmt":"2024-01-31T07:26:04","guid":{"rendered":"https:\/\/altisk-mlak.edu.hu\/?p=1927"},"modified":"2024-02-02T10:04:04","modified_gmt":"2024-02-02T10:04:04","slug":"csikasz-az-aranysakal-latogatasa-iskolankban","status":"publish","type":"post","link":"https:\/\/altisk-mlak.edu.hu\/index.php\/csikasz-az-aranysakal-latogatasa-iskolankban\/","title":{"rendered":"Csikasz, az aranysak\u00e1l l\u00e1togat\u00e1sa iskol\u00e1nkban"},"content":{"rendered":"<p><img fetchpriority=\"high\" decoding=\"async\" class=\"aligncenter wp-image-1931 size-medium\" src=\"https:\/\/altisk-mlak.edu.hu\/wp-content\/uploads\/2024\/01\/IMG_20240129_135717-241x300.jpg\" alt=\"\" width=\"241\" height=\"300\" srcset=\"https:\/\/altisk-mlak.edu.hu\/wp-content\/uploads\/2024\/01\/IMG_20240129_135717-241x300.jpg 241w, https:\/\/altisk-mlak.edu.hu\/wp-content\/uploads\/2024\/01\/IMG_20240129_135717-768x955.jpg 768w, https:\/\/altisk-mlak.edu.hu\/wp-content\/uploads\/2024\/01\/IMG_20240129_135717-483x600.jpg 483w, https:\/\/altisk-mlak.edu.hu\/wp-content\/uploads\/2024\/01\/IMG_20240129_135717.jpg 770w\" sizes=\"(max-width: 241px) 100vw, 241px\" \/><\/p>\n<p style=\"text-align: justify;\">A 2023\/24-es tan\u00e9v m\u00e1sodik f\u00e9l\u00e9v\u00e9t a Magyarlak-Cs\u00f6r\u00f6tnek \u00c1ltal\u00e1nos Iskol\u00e1ja &#8211; \u00d6r\u00f6k\u00f6s \u00d6koiskola l\u00e9v\u00e9n-\u00a0 egy k\u00f6rnyezeti nevel\u00e9shez kapcsol\u00f3d\u00f3, izgalmas programmal kezdte. Az \u0150rs\u00e9gi Nemzeti Park Igazgat\u00f3s\u00e1gnak k\u00f6sz\u00f6nhet\u0151en az iskol\u00e1ba l\u00e1togatott Gruber \u00c1gnes term\u00e9szetv\u00e9delmi \u0151r T\u00e1rczy Andrea k\u00eds\u00e9ret\u00e9ben. Magukkal hozt\u00e1k Csikaszt, a term\u00e9szetv\u00e9delmi szakember \u00e1ltal felnevelt \u00e9s gondozott aranysak\u00e1lt \u00e9s \u00c9rcest, az egyik \u0151shonos magyar kutyafajta, a mudi k\u00e9pvisel\u0151j\u00e9t. Csikasz f\u0151k\u00e9nt az\u00e9rt ker\u00fclt az \u0150rs\u00e9gi Nemzeti Parkhoz, hogy kiv\u00e1l\u00f3 szagl\u00e1s\u00e1val \u00e9s nyomk\u00f6vet\u0151 k\u00e9pess\u00e9geivel seg\u00edtse a ter\u00fcletet \u00e9rint\u0151 vadmacskakutat\u00e1si programot. \u00c9rces pedig a biztons\u00e1got \u00e9s a t\u00e1rsas\u00e1got biztos\u00edtja az aranysak\u00e1l sz\u00e1m\u00e1ra.<\/p>\n<p><img decoding=\"async\" class=\"aligncenter size-large wp-image-1930\" src=\"https:\/\/altisk-mlak.edu.hu\/wp-content\/uploads\/2024\/01\/FB_IMG_1706679335399-1024x693.jpg\" alt=\"\" width=\"604\" height=\"409\" srcset=\"https:\/\/altisk-mlak.edu.hu\/wp-content\/uploads\/2024\/01\/FB_IMG_1706679335399-1024x693.jpg 1024w, https:\/\/altisk-mlak.edu.hu\/wp-content\/uploads\/2024\/01\/FB_IMG_1706679335399-300x203.jpg 300w, https:\/\/altisk-mlak.edu.hu\/wp-content\/uploads\/2024\/01\/FB_IMG_1706679335399-768x520.jpg 768w, https:\/\/altisk-mlak.edu.hu\/wp-content\/uploads\/2024\/01\/FB_IMG_1706679335399-600x406.jpg 600w, https:\/\/altisk-mlak.edu.hu\/wp-content\/uploads\/2024\/01\/FB_IMG_1706679335399.jpg 1080w\" sizes=\"(max-width: 604px) 100vw, 604px\" \/><\/p>\n<p style=\"text-align: justify;\">A bemutat\u00f3n a tanul\u00f3k k\u00e9t csoportban vettek r\u00e9szt, az els\u0151 oszt\u00e1lyosokt\u00f3l eg\u00e9szen a nyolcadikosokig.\u00a0 A tanteremben \u00e9rdekes el\u0151ad\u00e1st hallhatott a k\u00edv\u00e1ncsi hallgat\u00f3s\u00e1g a 2024-es \u00e9v eml\u0151s\u00e9nek v\u00e1lasztott vadmacsk\u00e1r\u00f3l, az aranysak\u00e1l jellemz\u0151ir\u0151l \u00e9s a kilenc \u0151shonos magyar kutyafajt\u00e1nkr\u00f3l. Tov\u00e1bb\u00e1 felv\u00e9teleket l\u00e1thattak arr\u00f3l az \u00e1llatseregr\u0151l (vadmacsk\u00e1kr\u00f3l, szarvasf\u00e9l\u00e9kr\u0151l, borzokr\u00f3l, nyestekr\u0151l, nyusztokr\u00f3l, r\u00f3k\u00e1kr\u00f3l, madarakr\u00f3l), akiket az erd\u0151be kihelyezett vadkamer\u00e1k meg\u00f6r\u00f6k\u00edtettek.<\/p>\n<p><img decoding=\"async\" class=\"aligncenter wp-image-1929 size-medium\" src=\"https:\/\/altisk-mlak.edu.hu\/wp-content\/uploads\/2024\/01\/FB_IMG_1706679358513-293x300.jpg\" alt=\"\" width=\"293\" height=\"300\" srcset=\"https:\/\/altisk-mlak.edu.hu\/wp-content\/uploads\/2024\/01\/FB_IMG_1706679358513-293x300.jpg 293w, https:\/\/altisk-mlak.edu.hu\/wp-content\/uploads\/2024\/01\/FB_IMG_1706679358513-1001x1024.jpg 1001w, https:\/\/altisk-mlak.edu.hu\/wp-content\/uploads\/2024\/01\/FB_IMG_1706679358513-768x786.jpg 768w, https:\/\/altisk-mlak.edu.hu\/wp-content\/uploads\/2024\/01\/FB_IMG_1706679358513-586x600.jpg 586w, https:\/\/altisk-mlak.edu.hu\/wp-content\/uploads\/2024\/01\/FB_IMG_1706679358513.jpg 1080w\" sizes=\"(max-width: 293px) 100vw, 293px\" \/><\/p>\n<p style=\"text-align: justify;\">A nap f\u00e9nypontj\u00e1t term\u00e9szetesen az \u00e1llatokkal testk\u00f6zelben val\u00f3 ismerked\u00e9s, tal\u00e1lkoz\u00e1s jelentette. Ez persze m\u00e1r nem a tanteremben, hanem az iskola udvar\u00e1n t\u00f6rt\u00e9nt. Az aranysak\u00e1l, m\u00e1s n\u00e9ven n\u00e1difarkas r\u00e9szben akkor is vadon \u00e9l\u0151 \u00e1llatk\u00e9nt viselkedik, ha emberek nevelt\u00e9k fel. \u00cdgy azt\u00e1n jobban \u00e9rzi mag\u00e1t a szabadban, mint a tanteremben. Rengeteg k\u00e9rd\u00e9s mer\u00fclt fel, amelyre a szakemberek nem tank\u00f6nyvi vagy statisztikai adatokkal, hanem a val\u00f3 \u00e9letb\u0151l mer\u00edtett tapasztalataikkal igyekeztek v\u00e1laszolni. Ezalatt a n\u00e9gyl\u00e1b\u00faak \u00f6r\u00f6mmel \u00e9s hosszasan mutatt\u00e1k meg magukat a k\u00edv\u00e1ncsi gyermekseregnek.<\/p>\n<p style=\"text-align: justify;\">B\u00e1tran kijelenthetj\u00fck, hogy az \u0150rs\u00e9gi Nemzeti Park seg\u00edts\u00e9g\u00e9vel az elm\u00falt id\u0151szakban megval\u00f3sult, iskol\u00e1nk di\u00e1kjait \u00e9rint\u0151 programokhoz hasonl\u00f3an most is \u00e9letre sz\u00f3l\u00f3 \u00e9lm\u00e9nyben volt r\u00e9sze kicsiknek, nagyoknak egyar\u00e1nt. Rem\u00e9lj\u00fck, hogy m\u00e9g sok k\u00f6z\u00f6s term\u00e9szetbar\u00e1t kalandunk lesz egy\u00fctt.<\/p>\n<p style=\"text-align: justify;\">K\u00f6sz\u00f6nj\u00fck, hogy a szakemberek lehet\u0151v\u00e9 tett\u00e9k ezt a nem mindennapi tal\u00e1lkoz\u00e1st! V\u00e9gezet\u00fcl k\u00f6sz\u00f6nj\u00fck a bojtos sapk\u00e1kat felett\u00e9bb kedvel\u0151 Csikasz \u00e9s \u00c9rces odaad\u00f3 szolg\u00e1lat\u00e1t, t\u00fcrelm\u00e9t!<\/p>\n<p style=\"text-align: right;\"><em>Zak\u00f3cs Veronika<\/em><\/p>\n","protected":false},"excerpt":{"rendered":"<p>A 2023\/24-es tan\u00e9v m\u00e1sodik f\u00e9l\u00e9v\u00e9t a Magyarlak-Cs\u00f6r\u00f6tnek \u00c1ltal\u00e1nos Iskol\u00e1ja &#8211; \u00d6r\u00f6k\u00f6s \u00d6koiskola l\u00e9v\u00e9n-\u00a0 egy k\u00f6rnyezeti nevel\u00e9shez kapcsol\u00f3d\u00f3, izgalmas programmal kezdte. Az \u0150rs\u00e9gi Nemzeti Park Igazgat\u00f3s\u00e1gnak k\u00f6sz\u00f6nhet\u0151en az iskol\u00e1ba l\u00e1togatott Gruber \u00c1gnes term\u00e9szetv\u00e9delmi<a class=\"moretag\" href=\"https:\/\/altisk-mlak.edu.hu\/index.php\/csikasz-az-aranysakal-latogatasa-iskolankban\/\">Read More&#8230;<\/a><\/p>\n","protected":false},"author":3,"featured_media":0,"comment_status":"closed","ping_status":"closed","sticky":false,"template":"","format":"standard","meta":{"two_page_speed":[],"footnotes":""},"categories":[1],"tags":[],"class_list":["post-1927","post","type-post","status-publish","format-standard","hentry","category-egyeb"],"_links":{"self":[{"href":"https:\/\/altisk-mlak.edu.hu\/index.php\/wp-json\/wp\/v2\/posts\/1927","targetHints":{"allow":["GET"]}}],"collection":[{"href":"https:\/\/altisk-mlak.edu.hu\/index.php\/wp-json\/wp\/v2\/posts"}],"about":[{"href":"https:\/\/altisk-mlak.edu.hu\/index.php\/wp-json\/wp\/v2\/types\/post"}],"author":[{"embeddable":true,"href":"https:\/\/altisk-mlak.edu.hu\/index.php\/wp-json\/wp\/v2\/users\/3"}],"replies":[{"embeddable":true,"href":"https:\/\/altisk-mlak.edu.hu\/index.php\/wp-json\/wp\/v2\/comments?post=1927"}],"version-history":[{"count":3,"href":"https:\/\/altisk-mlak.edu.hu\/index.php\/wp-json\/wp\/v2\/posts\/1927\/revisions"}],"predecessor-version":[{"id":1933,"href":"https:\/\/altisk-mlak.edu.hu\/index.php\/wp-json\/wp\/v2\/posts\/1927\/revisions\/1933"}],"wp:attachment":[{"href":"https:\/\/altisk-mlak.edu.hu\/index.php\/wp-json\/wp\/v2\/media?parent=1927"}],"wp:term":[{"taxonomy":"category","embeddable":true,"href":"https:\/\/altisk-mlak.edu.hu\/index.php\/wp-json\/wp\/v2\/categories?post=1927"},{"taxonomy":"post_tag","embeddable":true,"href":"https:\/\/altisk-mlak.edu.hu\/index.php\/wp-json\/wp\/v2\/tags?post=1927"}],"curies":[{"name":"wp","href":"https:\/\/api.w.org\/{rel}","templated":true}]}}